{"id":184227,"date":"2025-06-17T20:47:13","date_gmt":"2025-06-17T20:47:13","guid":{"rendered":"https:\/\/www.europesays.com\/fr\/184227\/"},"modified":"2025-06-17T20:47:13","modified_gmt":"2025-06-17T20:47:13","slug":"cyclisme-tour-de-suisse-romain-gregoire-je-suis-un-peu-decu-mais-aucun-regret","status":"publish","type":"post","link":"https:\/\/www.europesays.com\/fr\/184227\/","title":{"rendered":"Cyclisme. Tour de Suisse &#8211; Romain Gr\u00e9goire : \u00abJe suis un peu d\u00e9\u00e7u&#8230; mais aucun regret\u00bb"},"content":{"rendered":"<p>Quelle performance de <strong>Quinn Simmons<\/strong> (Lidl-Trek) ! L&rsquo;Am\u00e9ricain a remport\u00e9 ce mardi la 3e \u00e9tape du <strong><a href=\"https:\/\/www.cyclismactu.net\/..\/news-cyclisme-tour-de-suisse-le-show-quinn-simmons-sur-3e-etape-gregoire-solide-leader-88411.html?utm_campaign=post-auto&amp;utm_medium=twitter&amp;utm_source=mashup-cyclismactu\" target=\"_blank\" rel=\"noopener\">Tour de Suisse<\/a><\/strong> de main de ma\u00eetre, alors qu&rsquo;il \u00e9tait le seul rescap\u00e9 de l&rsquo;\u00e9chapp\u00e9e du jour. Le peloton, pourtant revenu un temps \u00e0 moins de 15 secondes, a fini par abdiquer devant la performance de <strong>Simmons<\/strong>, qui s&rsquo;impose finalement avec 18 secondes d&rsquo;avance sur le Portugais <strong>Joao Almeida<\/strong> (UAE Team Emirates-XRG) et le Britannique<strong> Oscar Onley<\/strong> (Team Picnic PostNL). <strong>Romain Gr\u00e9goire<\/strong>\u00a0(Groupama-FDJ) termine lui au pied du podium, \u00e0 la 4e place, et ne perd pas de temps sur ses premiers poursuivants, le Fran\u00e7ais <strong>K\u00e9vin Vauquelin<\/strong> (ARKEA-B&amp;B HOTELS) et le N\u00e9erlandais <strong>Bart Lemmen<\/strong> (Team Visma | Lease a Bike).<\/p>\n<p>Vid\u00e9o &#8211; Le r\u00e9sum\u00e9 de la 3e \u00e9tape de la veille Lire la suite de l&rsquo;article&#13;<\/p>\n<p>\u00a0<\/p>\n<p>&#13;<br \/>\n\u00ab\u00a0Mercredi,\u00a0je m\u2019attends \u00e0 vivre une journ\u00e9e compliqu\u00e9e&#8230;\u00a0\u00bb&#13;<\/p>\n<p>Apr\u00e8s l&rsquo;arriv\u00e9e,<strong> Romain Gr\u00e9goire <\/strong>est revenu sur sa journ\u00e9e, qu&rsquo;il aurait mieux achev\u00e9 : \u00ab\u00a0C\u2019\u00e9tait une journ\u00e9e difficile quand m\u00eame. On a vraiment essay\u00e9 de contr\u00f4ler pour l\u2019\u00e9quipe, pour viser l\u2019\u00e9tape. Je suis un peu d\u00e9\u00e7u de ne pas pouvoir les remercier et les r\u00e9compenser avec une victoire\u2026 mais bon, je ne suis pas deuxi\u00e8me, donc pas de regrets. C\u2019\u00e9tait un sprint \u00e0 la jambe. Les trois derniers kilom\u00e8tres \u00e9taient vraiment costauds. Je suis battu par deux coureurs plus forts dans le peloton, et devant, il y a un coureur qui a fait un vrai num\u00e9ro\u2026 Il n&rsquo;y a vraiment pas de regrets\u00a0\u00bb.<\/p>\n<p>&#13;<\/p>\n<p>Le coureur fran\u00e7ais, qui poss\u00e8de toujours 25 secondes d&rsquo;avance sur son dauphin, poursuit sur la journ\u00e9e de demain, et sa gestion \u00e0 venir du maillot jaune : \u00ab\u00a0Demain, c&rsquo;est clair que c&rsquo;est un changement de registre. On va voir ce que \u00e7a donne, je m\u2019attends \u00e0 vivre une journ\u00e9e compliqu\u00e9e. Je pense qu\u2019on va essayer de me reprendre du temps d\u00e8s demain, et c\u2019est normal\u2026 M\u00eame s\u2019il y a ces 40 derniers kilom\u00e8tres en descente, il faudra \u00eatre solide je pense\u00a0\u00bb, conclut-il.<\/p>\n<p>Tour de Suisse &#8211; Classement de la 3\u00e8 \u00e9tape Tour de Suisse &#8211; Classement g\u00e9n\u00e9ral provisoire apr\u00e8s la 3\u00e8 \u00e9tape<\/p>\n","protected":false},"excerpt":{"rendered":"Quelle performance de Quinn Simmons (Lidl-Trek) ! L&rsquo;Am\u00e9ricain a remport\u00e9 ce mardi la 3e \u00e9tape du Tour de&hellip;\n","protected":false},"author":2,"featured_media":184228,"comment_status":"","ping_status":"","sticky":false,"template":"","format":"standard","meta":{"footnotes":""},"categories":[1411],"tags":[1154,207,211,1011,27,209,60,210,2454,212,208,213],"class_list":{"0":"post-184227","1":"post","2":"type-post","3":"status-publish","4":"format-standard","5":"has-post-thumbnail","7":"category-cyclisme","8":"tag-cycling","9":"tag-cyclisme","10":"tag-ffc","11":"tag-fr","12":"tag-france","13":"tag-route","14":"tag-sports","15":"tag-tour-de-france","16":"tag-tour-de-suisse","17":"tag-uci","18":"tag-velo","19":"tag-world-tour"},"share_on_mastodon":{"url":"https:\/\/pubeurope.com\/@fr\/114700671037515632","error":""},"_links":{"self":[{"href":"https:\/\/www.europesays.com\/fr\/wp-json\/wp\/v2\/posts\/184227","targetHints":{"allow":["GET"]}}],"collection":[{"href":"https:\/\/www.europesays.com\/fr\/wp-json\/wp\/v2\/posts"}],"about":[{"href":"https:\/\/www.europesays.com\/fr\/wp-json\/wp\/v2\/types\/post"}],"author":[{"embeddable":true,"href":"https:\/\/www.europesays.com\/fr\/wp-json\/wp\/v2\/users\/2"}],"replies":[{"embeddable":true,"href":"https:\/\/www.europesays.com\/fr\/wp-json\/wp\/v2\/comments?post=184227"}],"version-history":[{"count":0,"href":"https:\/\/www.europesays.com\/fr\/wp-json\/wp\/v2\/posts\/184227\/revisions"}],"wp:featuredmedia":[{"embeddable":true,"href":"https:\/\/www.europesays.com\/fr\/wp-json\/wp\/v2\/media\/184228"}],"wp:attachment":[{"href":"https:\/\/www.europesays.com\/fr\/wp-json\/wp\/v2\/media?parent=184227"}],"wp:term":[{"taxonomy":"category","embeddable":true,"href":"https:\/\/www.europesays.com\/fr\/wp-json\/wp\/v2\/categories?post=184227"},{"taxonomy":"post_tag","embeddable":true,"href":"https:\/\/www.europesays.com\/fr\/wp-json\/wp\/v2\/tags?post=184227"}],"curies":[{"name":"wp","href":"https:\/\/api.w.org\/{rel}","templated":true}]}}