{"id":184229,"date":"2025-06-17T20:48:09","date_gmt":"2025-06-17T20:48:09","guid":{"rendered":"https:\/\/www.europesays.com\/fr\/184229\/"},"modified":"2025-06-17T20:48:09","modified_gmt":"2025-06-17T20:48:09","slug":"neymar-ne-veut-pas-effacer-son-histoire-au-psg","status":"publish","type":"post","link":"https:\/\/www.europesays.com\/fr\/184229\/","title":{"rendered":"Neymar ne veut pas effacer son histoire au PSG"},"content":{"rendered":"<p>Durant l\u2019\u00e9t\u00e9 2017, le PSG a frapp\u00e9 un grand coup en<br \/>\ns\u2019offrant Neymar. Huit ans apr\u00e8s, son p\u00e8re a pris la d\u00e9fense de son<br \/>\npassage au PSG.<\/p>\n<p>Arriv\u00e9 au <strong>PSG<\/strong> durant l\u2019\u00e9t\u00e9 2017 contre 222<br \/>\nmillions d\u2019euros, <strong>Neymar<\/strong> aura pass\u00e9 six ans au<br \/>\n<strong>PSG<\/strong> (173 matches, 118 buts, 70 passes d\u00e9cisives).<br \/>\nSon aventure parisienne a \u00e9t\u00e9 marqu\u00e9e par des joies, des pleurs et<br \/>\nde graves blessures. Elle s\u2019est mal termin\u00e9e avec des supporters<br \/>\nvenant l\u2019insulter et lui demander de partir devant son domicile.<br \/>\nDeux ans apr\u00e8s son d\u00e9part, son p\u00e8re, <strong>Neymar SR<\/strong>,<br \/>\nest revenu sur l\u2019aventure parisienne de l\u2019international br\u00e9silien<br \/>\ndans une interview accord\u00e9e \u00e0 <a href=\"https:\/\/www.lequipe.fr\/Football\/Article\/Neymar-senior-je-vois-bien-neymar-avec-vini-rodrygo-raphinha\/1570582\" target=\"_blank\" rel=\"noopener\" title=\"\">L\u2019Equipe<\/a>.\u00a0<\/p>\n<p><strong>Vous<br \/>\nn\u2019avez pas r\u00e9ussi \u00e0 le prot\u00e9ger des fans du PSG. Est-ce un<br \/>\nregret\u00a0?<\/strong>\u00a0<\/p>\n<p>\u00ab\u00a0Sa <a href=\"https:\/\/canal-supporters.com\/neymar-jai-atteint-mon-prime-au-psg\/\" title=\"\" target=\"_blank\" rel=\"noopener\">meilleure phase<\/a>, c\u2019\u00e9tait pourtant au<br \/>\n<strong>PSG.<\/strong> Il lui a juste manqu\u00e9 la <strong>Ligue des<br \/>\nchampions<\/strong>. Il a \u00e9t\u00e9 l\u2019un des artisans de cette premi\u00e8re<br \/>\nfinale\u00a0(en 2020). Mais on n\u2019a pas eu de chance. Ensuite, les<br \/>\nsupporters se sont sentis trahis et ils\u00a0sont venus sous nos<br \/>\nfen\u00eatres. Mais \u00e7a arrive. Les motifs du d\u00e9part, on les racontera<br \/>\nplus tard\u00a0(sourires).\u00a0\u00bb<\/p>\n<p><strong>Pourquoi<br \/>\nle mariage n\u2019a-t-il pas \u00e9t\u00e9 plus heureux avec le<br \/>\nPSG\u00a0?<\/strong>\u00a0<\/p>\n<p>\u00ab\u00a0C\u2019\u00e9tait un beau mariage, avec des crises comme dans<br \/>\ntous les couples, puis une s\u00e9paration. C\u2019\u00e9tait pareil quand il a<br \/>\nquitt\u00e9 <strong>Santos<\/strong> et <strong>Barcelone<\/strong>. Mais<br \/>\nvous avez vu comment il a \u00e9t\u00e9\u00a0re\u00e7u \u00e0 <strong>Santos<\/strong><br \/>\npour son retour\u00a0?\u00a0S\u2019il revenait au <strong>Parc<\/strong>,<br \/>\nil serait sans doute applaudi. Dans la vie, tu peux te marier sur<br \/>\nun coup de foudre. Mais au bout d\u2019un certain temps, la passion<br \/>\ns\u2019estompe. Et quand on se s\u00e9pare, on reste bons amis. Je crois que<br \/>\nc\u2019est notre cas avec le <strong>PSG<\/strong>. Personne ne peut<br \/>\neffacer ce qu\u2019on a fait pour le <strong>PSG<\/strong>, et<br \/>\n<strong>Neymar<\/strong> ne veut pas effacer son histoire avec le<br \/>\nclub.\u00a0\u00bb<\/p>\n<p>Le PSG qui gagne<br \/>\nla Ligue des champions<\/p>\n<p>\u00ab\u00a0J\u2019\u00e9tais heureux\u00a0! J\u2019ai f\u00e9licit\u00e9 <strong><a href=\"https:\/\/canal-supporters.com\/ldc-nasser-al-khelaifi-remercie-les-anciennes-stars-passees-au-psg\/\" title=\"\" target=\"_blank\" rel=\"noopener\">Nasser<\/a><\/strong>\u00a0(<strong>al-Khela\u00effi<\/strong>),<br \/>\nun ami. On a fait partie de ce projet. <strong>Nasser<\/strong> sait<br \/>\nqu\u2019on a escalad\u00e9 la montagne ensemble. C\u2019est l\u00e0 que vous voyez le<br \/>\ntemps que \u00e7a prend pour structurer un club et pour trouver la bonne<br \/>\nformule. Ils ont construit un nouveau centre d\u2019entra\u00eenement,<br \/>\ninvesti dans de jeunes joueurs, un nouveau staff. Aujourd\u2019hui, tous<br \/>\nles joueurs veulent y signer. Avant, ils voulaient en partir pour<br \/>\naller dans un club plus grand.\u00a0\u00bb<\/p>\n<p>A voir aussi : <a href=\"https:\/\/canal-supporters.com\/psg-les-confessions-de-desire-doue-a-propos-de-neymar\/\" title=\"\" target=\"_blank\" rel=\"noopener\">PSG : Les confessions de D\u00e9sir\u00e9 Dou\u00e9 \u00e0 propos de<br \/>\nNeymar<\/a><\/p>\n<p><a href=\"https:\/\/x.com\/CanalSupporters\" target=\"_blank\" rel=\"noopener\" title=\"\">canalsupporters.com<\/a><\/p>\n<p><strong>Aujourd\u2019hui, pour quel joueur<br \/>\npaieriez-vous\u00a0?<\/strong><\/p>\n<p>\u00ab\u00a0Ils ne sont pas si nombreux \u00e0 me divertir.<br \/>\n<strong>Lamine<br \/>\nYamal<\/strong>,\u00a0(<strong>D\u00e9sir\u00e9<\/strong>)\u00a0<strong>Dou\u00e9<\/strong>,<br \/>\nles Br\u00e9siliens aussi\u00a0: <strong>Raphinha, Vinicius Jr<\/strong>\u2026<br \/>\nC\u2019est gr\u00e2ce \u00e0 eux qu\u2019on regarde le foot. Et pour eux,<br \/>\n<strong>Neymar<\/strong> est une r\u00e9f\u00e9rence mondiale, une<br \/>\ninspiration. Quand j\u2019entends <strong>Dou\u00e9<\/strong> dire qu\u2019il aime<br \/>\nmon fils, je suis heureux. Sentir l\u2019amour des athl\u00e8tes \u00e0 son \u00e9gard,<br \/>\n\u00e7a efface toutes les critiques de ceux qui jugent ce qu\u2019il fait en<br \/>\ndehors. Sur le terrain, \u00e0 l\u2019entra\u00eenement, il est irr\u00e9prochable.<br \/>\nMais c\u2019est <strong>Neymar<\/strong>. Et il est livr\u00e9 avec le pack<br \/>\ncomplet\u00a0(rires).\u00a0\u00bb<\/p><\/p>\n","protected":false},"excerpt":{"rendered":"Durant l\u2019\u00e9t\u00e9 2017, le PSG a frapp\u00e9 un grand coup en s\u2019offrant Neymar. Huit ans apr\u00e8s, son p\u00e8re&hellip;\n","protected":false},"author":2,"featured_media":184230,"comment_status":"","ping_status":"","sticky":false,"template":"","format":"standard","meta":{"footnotes":""},"categories":[1410],"tags":[8132,21941,81,787,1640,1643,63,1011,27,23921,32219,32220,626,91,92,93,60,96],"class_list":{"0":"post-184229","1":"post","2":"type-post","3":"status-publish","4":"format-standard","5":"has-post-thumbnail","7":"category-football","8":"tag-anciens","9":"tag-anciens-psg","10":"tag-canal-supporters","11":"tag-cs","12":"tag-desire-doue","13":"tag-doue","14":"tag-football","15":"tag-fr","16":"tag-france","17":"tag-neymar","18":"tag-neymar-jr","19":"tag-neymar-sr","20":"tag-paris","21":"tag-paris-saint-germain","22":"tag-paris-sg","23":"tag-psg","24":"tag-sports","25":"tag-une"},"share_on_mastodon":{"url":"https:\/\/pubeurope.com\/@fr\/114700674949632361","error":""},"_links":{"self":[{"href":"https:\/\/www.europesays.com\/fr\/wp-json\/wp\/v2\/posts\/184229","targetHints":{"allow":["GET"]}}],"collection":[{"href":"https:\/\/www.europesays.com\/fr\/wp-json\/wp\/v2\/posts"}],"about":[{"href":"https:\/\/www.europesays.com\/fr\/wp-json\/wp\/v2\/types\/post"}],"author":[{"embeddable":true,"href":"https:\/\/www.europesays.com\/fr\/wp-json\/wp\/v2\/users\/2"}],"replies":[{"embeddable":true,"href":"https:\/\/www.europesays.com\/fr\/wp-json\/wp\/v2\/comments?post=184229"}],"version-history":[{"count":0,"href":"https:\/\/www.europesays.com\/fr\/wp-json\/wp\/v2\/posts\/184229\/revisions"}],"wp:featuredmedia":[{"embeddable":true,"href":"https:\/\/www.europesays.com\/fr\/wp-json\/wp\/v2\/media\/184230"}],"wp:attachment":[{"href":"https:\/\/www.europesays.com\/fr\/wp-json\/wp\/v2\/media?parent=184229"}],"wp:term":[{"taxonomy":"category","embeddable":true,"href":"https:\/\/www.europesays.com\/fr\/wp-json\/wp\/v2\/categories?post=184229"},{"taxonomy":"post_tag","embeddable":true,"href":"https:\/\/www.europesays.com\/fr\/wp-json\/wp\/v2\/tags?post=184229"}],"curies":[{"name":"wp","href":"https:\/\/api.w.org\/{rel}","templated":true}]}}