{"id":184235,"date":"2025-06-17T20:51:10","date_gmt":"2025-06-17T20:51:10","guid":{"rendered":"https:\/\/www.europesays.com\/fr\/184235\/"},"modified":"2025-06-17T20:51:10","modified_gmt":"2025-06-17T20:51:10","slug":"imperatrice-des-airs-de-pete-fromm-quand-lucy-rencontre-rudy-dans-le-montana","status":"publish","type":"post","link":"https:\/\/www.europesays.com\/fr\/184235\/","title":{"rendered":"\u00abImp\u00e9ratrice des airs\u00bb, de Pete\u00a0Fromm: quand Lucy rencontre Rudy dans le Montana"},"content":{"rendered":"<p>    Publi\u00e9 le 17 juin 2025 \u00e0 21:26. \/ Modifi\u00e9 le 17 juin 2025 \u00e0 21:29.<\/p>\n<p> 4 min. de lecture<\/p>\n<p>Pete\u00a0Fromm\u00a0reste encore trop souvent r\u00e9duit \u00e0 son best-seller\u00a0Indian Creek. Un hiver au c\u0153ur des Rocheuses, publi\u00e9 en 1993 aux Etats-Unis et en 2006 en France. Ces m\u00e9moires avaient propuls\u00e9 l\u2019auteur de Missoula, dans l\u2019Etat du Montana, ancien ranger, au rang des \u00e9crivains phares du \u00abnature writing\u00bb. Alors \u00e9tudiant, il y racontait un hiver pass\u00e9 en solitaire sous une tente\u00a0pour surveiller la r\u00e9implantation d\u2019\u0153ufs de saumons dans une rivi\u00e8re\u00a0en Idaho. Hymne aux grands espaces, cet ouvrage s\u2019\u00e9tait vite inscrit dans la lign\u00e9e des meilleures livres d\u2019Edward Abbey, Doug Peacock ou Rick Bass. Pete Fromm avait poursuivi dans cette veine avec cinq recueils de nouvelles, dont deux tr\u00e8s remarqu\u00e9s et traduits en fran\u00e7ais, Avant la nuit (2010) et\u00a0Chinook (2011).<\/p>\n<p>Mais c\u2019est oublier que Pete\u00a0Fromm\u00a0a surtout \u00e9crit sept romans qui ont r\u00e9v\u00e9l\u00e9 un talentueux conteur d\u2019histoires de familles ordinaires et portraitiste\u00a0subtil des \u00eatres humains, restituant leurs faits et gestes, rituels, pens\u00e9es et \u00e9motions. Malaises familiaux, fratrie dysfonctionnelle, adolescence rebelle, amour fou ou paternit\u00e9 solitaire: le romancier aime explorer les situations d\u2019ambivalence, de manque, de d\u00e9s\u00e9quilibre, de conflit, de perte et de deuil.<\/p>\n","protected":false},"excerpt":{"rendered":"Publi\u00e9 le 17 juin 2025 \u00e0 21:26. \/ Modifi\u00e9 le 17 juin 2025 \u00e0 21:29. 4 min. de&hellip;\n","protected":false},"author":2,"featured_media":184236,"comment_status":"","ping_status":"","sticky":false,"template":"","format":"standard","meta":{"footnotes":""},"categories":[1357],"tags":[1379,58,59,3297,73,1011,27,1351,1380,301],"class_list":{"0":"post-184235","1":"post","2":"type-post","3":"status-publish","4":"format-standard","5":"has-post-thumbnail","7":"category-livres","8":"tag-books","9":"tag-divertissement","10":"tag-entertainment","11":"tag-entre-temps","12":"tag-etats-unis","13":"tag-fr","14":"tag-france","15":"tag-litterature","16":"tag-livres","17":"tag-premium"},"share_on_mastodon":{"url":"https:\/\/pubeurope.com\/@fr\/114700686840722727","error":""},"_links":{"self":[{"href":"https:\/\/www.europesays.com\/fr\/wp-json\/wp\/v2\/posts\/184235","targetHints":{"allow":["GET"]}}],"collection":[{"href":"https:\/\/www.europesays.com\/fr\/wp-json\/wp\/v2\/posts"}],"about":[{"href":"https:\/\/www.europesays.com\/fr\/wp-json\/wp\/v2\/types\/post"}],"author":[{"embeddable":true,"href":"https:\/\/www.europesays.com\/fr\/wp-json\/wp\/v2\/users\/2"}],"replies":[{"embeddable":true,"href":"https:\/\/www.europesays.com\/fr\/wp-json\/wp\/v2\/comments?post=184235"}],"version-history":[{"count":0,"href":"https:\/\/www.europesays.com\/fr\/wp-json\/wp\/v2\/posts\/184235\/revisions"}],"wp:featuredmedia":[{"embeddable":true,"href":"https:\/\/www.europesays.com\/fr\/wp-json\/wp\/v2\/media\/184236"}],"wp:attachment":[{"href":"https:\/\/www.europesays.com\/fr\/wp-json\/wp\/v2\/media?parent=184235"}],"wp:term":[{"taxonomy":"category","embeddable":true,"href":"https:\/\/www.europesays.com\/fr\/wp-json\/wp\/v2\/categories?post=184235"},{"taxonomy":"post_tag","embeddable":true,"href":"https:\/\/www.europesays.com\/fr\/wp-json\/wp\/v2\/tags?post=184235"}],"curies":[{"name":"wp","href":"https:\/\/api.w.org\/{rel}","templated":true}]}}