{"id":184237,"date":"2025-06-17T20:52:10","date_gmt":"2025-06-17T20:52:10","guid":{"rendered":"https:\/\/www.europesays.com\/fr\/184237\/"},"modified":"2025-06-17T20:52:10","modified_gmt":"2025-06-17T20:52:10","slug":"ferme-ta-bouche-yann-barthes-choque-par-lentree-en-matiere-de-son-invitee","status":"publish","type":"post","link":"https:\/\/www.europesays.com\/fr\/184237\/","title":{"rendered":"\u201cFerme ta bouche\u201d : Yann Barth\u00e8s choqu\u00e9 par l\u2019entr\u00e9e en mati\u00e8re de son invit\u00e9e"},"content":{"rendered":"<p data-start=\"225\" data-end=\"722\"><strong>Yann Barth\u00e8s<br \/>\nchoqu\u00e9<\/strong>\u2026Moment <strong>inattendu<\/strong> sur le plateau de<br \/>\nQuotidien ce mardi 17<br \/>\njuin. Alors qu\u2019il accueillait <strong>Jacinda Ardern,<\/strong><br \/>\nancienne Premi\u00e8re ministre de Nouvelle-Z\u00e9lande, <a href=\"https:\/\/www.closermag.fr\/people\/yann-barthes-se-ridiculise-face-a-une-star-americaine-la-tempete-de-gene-nest-pas-loin-3549330\" rel=\"nofollow noopener\" target=\"_blank\"><br \/>\nYann Barth\u00e8s<\/a> a \u00e9t\u00e9 surpris par une <strong>entr\u00e9e<\/strong> en<br \/>\nmati\u00e8re pour le moins directe. En pleine introduction, l\u2019animatrice<br \/>\na confi\u00e9 qu\u2019elle ne <strong>parlait pas fran\u00e7ais<\/strong>\u2026 Mais<br \/>\nqu\u2019elle connaissait au moins une phrase. \u201c<strong>Ferme ta<br \/>\nbouche.<\/strong>\u2019\u2019 dit-elle alors. Une d\u00e9claration qui a<br \/>\n<strong>provoqu\u00e9 un \u00e9clat de rire g\u00ean\u00e9<\/strong>, mais amus\u00e9, du<br \/>\npr\u00e9sentateur. \u201cAh, <strong>c\u2019est tr\u00e8s poli, \u00e7a,<\/strong> hein<br \/>\n?\u2019\u2019<\/p>\n<p data-start=\"724\" data-end=\"1085\">Heureusement, la suite de<br \/>\n<strong>l\u2019\u00e9change<\/strong> a rapidement r\u00e9tabli<br \/>\n<strong>l\u2019ambiance<\/strong>. Venu faire la promotion de ses<br \/>\nm\u00e9moires Un autre art du<br \/>\npouvoir (\u00e9ditions Flammarion), <a href=\"https:\/\/www.closermag.fr\/vecu\/temoignages\/les-neo-zelandais-dingues-de-leur-premiere-ministre-et-de-son-bebe-ne-pendant-so-883335#item=1\" rel=\"nofollow noopener\" target=\"_blank\"><br \/>\nJacinda Ardern<\/a> a pris le temps d\u2019\u00e9voquer <strong>d\u2019autres<br \/>\npoints\u2026sans insultes.<\/strong><\/p>\n<p>Une vision douce de la<br \/>\npolitique dans un monde brutal sur le plateau de Yann Barth\u00e8s<\/p>\n<p data-start=\"1155\" data-end=\"1586\">Apr\u00e8s avoir dit son<br \/>\n\u2018<strong>ferme ta bouche<\/strong>\u2019, l\u2019atmosph\u00e8re s\u2019est<br \/>\nd\u00e9tendue. Connue pour son <strong>empathie<\/strong> lors de crises<br \/>\nmajeures en Nouvelle-Z\u00e9lande, Jacinda Ardern a d\u00e9fendu que la<br \/>\n<strong>gentillesse et l\u2019humanit\u00e9<\/strong> avaient leur place dans<br \/>\nla sph\u00e8re politique. \u201cLes gens cherchent aussi de la<br \/>\n<strong>compassion<\/strong>, m\u00eame dans le monde politique.\u2019\u2019<br \/>\na-t-elle d\u00e9clar\u00e9. Face \u00e0 Yann Barth\u00e8s, elle assume sa<br \/>\n<strong>posture<\/strong> face aux figures de <strong>pouvoir jug\u00e9es<br \/>\nbrutales<\/strong> comme <a href=\"https:\/\/www.closermag.fr\/politique\/donald-trump-malade-ces-signes-qui-montrent-quil-pourrait-suivre-la-voie-de-joe-biden-3550615\" rel=\"nofollow noopener\" target=\"_blank\"><br \/>\nDonald Trump<\/a>, <strong>Vladimir Poutine ou Benyamin<br \/>\nNetanyahou.<\/strong><\/p>\n<p data-start=\"1588\" data-end=\"1944\">Interrog\u00e9e sur les<br \/>\n<strong>conflits<\/strong> actuels comme la guerre entre<br \/>\n<strong>Isra\u00ebl et l\u2019Iran<\/strong>, elle a affich\u00e9 une<br \/>\n<strong>position claire<\/strong> en faveur de la diplomatie.<br \/>\n\u201c<strong>Les agresseurs, comme la Russie, doivent \u00eatre tenus<br \/>\nresponsables<\/strong>.\u2019\u2019 a-t-elle \u00e9voqu\u00e9 face \u00e0 Yann Barth\u00e8s.<br \/>\nElle a \u00e9galement appel\u00e9 la <strong>communaut\u00e9<br \/>\ninternationale<\/strong> \u00e0 rester unie.<\/p>\n<p>Jacinda Ardern : une trajectoire politique singuli\u00e8re<\/p>\n<p data-start=\"2011\" data-end=\"2346\">Yann Barth\u00e8s a invit\u00e9 celle<br \/>\nqui a \u00e9t\u00e9 la plus <strong>jeune \u00e9lue au Parlement<br \/>\nn\u00e9o-z\u00e9landais<\/strong> en 2008. Jacinda Ardern n\u2019a acc\u00e9d\u00e9 \u00e0 la<br \/>\n<strong>notori\u00e9t\u00e9 mondiale<\/strong> qu\u2019en 2017. Cette ann\u00e9e, elle<br \/>\nest devenue <strong>Premi\u00e8re ministre\u2026 tout en annon\u00e7ant sa<br \/>\ngrossesse<\/strong> dans la foul\u00e9e. Cet double \u00e9v\u00e9nement a marqu\u00e9<br \/>\nles esprits et bouscul\u00e9 les normes habituelles de la politique.<\/p>\n<p data-start=\"2348\" data-end=\"2652\" data-is-last-node=\"\" data-is-only-node=\"\">L\u2019invit\u00e9e politique de Yann Barth\u00e8s a men\u00e9 un<br \/>\n<strong>mandat salu\u00e9 \u00e0 l\u2019international<\/strong>. Elle incarnait une<br \/>\nautre mani\u00e8re de gouverner. Les bases ? <strong>La sinc\u00e9rit\u00e9,<br \/>\nl\u2019\u00e9coute et la responsabilit\u00e9.<\/strong><\/p>\n","protected":false},"excerpt":{"rendered":"Yann Barth\u00e8s choqu\u00e9\u2026Moment inattendu sur le plateau de Quotidien ce mardi 17 juin. Alors qu\u2019il accueillait Jacinda Ardern,&hellip;\n","protected":false},"author":2,"featured_media":184238,"comment_status":"","ping_status":"","sticky":false,"template":"","format":"standard","meta":{"footnotes":""},"categories":[1356],"tags":[548,58,59,1011,27,1404,252,1364,1405],"class_list":{"0":"post-184237","1":"post","2":"type-post","3":"status-publish","4":"format-standard","5":"has-post-thumbnail","7":"category-television","8":"tag-article-simple","9":"tag-divertissement","10":"tag-entertainment","11":"tag-fr","12":"tag-france","13":"tag-quotidien","14":"tag-television","15":"tag-tv","16":"tag-yann-barthes"},"share_on_mastodon":{"url":"https:\/\/pubeurope.com\/@fr\/114700690867440601","error":""},"_links":{"self":[{"href":"https:\/\/www.europesays.com\/fr\/wp-json\/wp\/v2\/posts\/184237","targetHints":{"allow":["GET"]}}],"collection":[{"href":"https:\/\/www.europesays.com\/fr\/wp-json\/wp\/v2\/posts"}],"about":[{"href":"https:\/\/www.europesays.com\/fr\/wp-json\/wp\/v2\/types\/post"}],"author":[{"embeddable":true,"href":"https:\/\/www.europesays.com\/fr\/wp-json\/wp\/v2\/users\/2"}],"replies":[{"embeddable":true,"href":"https:\/\/www.europesays.com\/fr\/wp-json\/wp\/v2\/comments?post=184237"}],"version-history":[{"count":0,"href":"https:\/\/www.europesays.com\/fr\/wp-json\/wp\/v2\/posts\/184237\/revisions"}],"wp:featuredmedia":[{"embeddable":true,"href":"https:\/\/www.europesays.com\/fr\/wp-json\/wp\/v2\/media\/184238"}],"wp:attachment":[{"href":"https:\/\/www.europesays.com\/fr\/wp-json\/wp\/v2\/media?parent=184237"}],"wp:term":[{"taxonomy":"category","embeddable":true,"href":"https:\/\/www.europesays.com\/fr\/wp-json\/wp\/v2\/categories?post=184237"},{"taxonomy":"post_tag","embeddable":true,"href":"https:\/\/www.europesays.com\/fr\/wp-json\/wp\/v2\/tags?post=184237"}],"curies":[{"name":"wp","href":"https:\/\/api.w.org\/{rel}","templated":true}]}}