{"id":184245,"date":"2025-06-17T20:56:10","date_gmt":"2025-06-17T20:56:10","guid":{"rendered":"https:\/\/www.europesays.com\/fr\/184245\/"},"modified":"2025-06-17T20:56:10","modified_gmt":"2025-06-17T20:56:10","slug":"football-buteur-hors-pair-batisseur-et-grand-monsieur-de-lol-lyon-pleure-bernard-lacombe","status":"publish","type":"post","link":"https:\/\/www.europesays.com\/fr\/184245\/","title":{"rendered":"Football. Buteur hors pair, b\u00e2tisseur et grand monsieur de l&rsquo;OL : Lyon pleure Bernard Lacombe"},"content":{"rendered":"<p>L\u00e9gende populaire de l\u2019Olympique lyonnais, <a href=\"https:\/\/www.leprogres.fr\/p\/bernard-lacombe\" target=\"_blank\" rel=\"noopener\">Bernard Lacombe<\/a> nous a quitt\u00e9s ce mardi 17 juin, 52 ans jour pour jour apr\u00e8s une victoire en coupe de France avec son club de toujours.<\/p>\n<p>L&rsquo;homme qui a contribu\u00e9 \u00e0 la grande histoire de l&rsquo;Olympique Lyonnais laisse un immense vide \u00e0 Lyon. Le choc est \u00e9norme, tant \u00ab\u00a0Nanard\u00a0\u00bb a incarn\u00e9 l&rsquo;OL. Il avait 72 ans.<\/p>\n<p class=\"note\">Si vous ne visualisez pas le contenu, veuillez d\u00e9sactiver votre bloqueur de pub.<\/p>\n","protected":false},"excerpt":{"rendered":"L\u00e9gende populaire de l\u2019Olympique lyonnais, Bernard Lacombe nous a quitt\u00e9s ce mardi 17 juin, 52 ans jour pour&hellip;\n","protected":false},"author":2,"featured_media":184246,"comment_status":"","ping_status":"","sticky":false,"template":"","format":"standard","meta":{"footnotes":""},"categories":[9],"tags":[3152,7539,2757,3153,3154,107,63,1011,27,3367,2428,2800,1391,10867,2755,2429,4001,60],"class_list":{"0":"post-184245","1":"post","2":"type-post","3":"status-publish","4":"format-standard","5":"has-post-thumbnail","7":"category-sports","8":"tag-edition-est-lyonnais","9":"tag-edition-loire-sud","10":"tag-edition-lyon-villeurbanne","11":"tag-edition-ouest-lyonnais","12":"tag-edition-sud-lyonnais","13":"tag-fil-info","14":"tag-football","15":"tag-fr","16":"tag-france","17":"tag-loire","18":"tag-lyon","19":"tag-metropole","20":"tag-necrologie","21":"tag-necrologie-rhone","22":"tag-ol-olympique-lyonnais-football","23":"tag-rhone","24":"tag-saint-etienne","25":"tag-sports"},"share_on_mastodon":{"url":"https:\/\/pubeurope.com\/@fr\/114700706313231050","error":""},"_links":{"self":[{"href":"https:\/\/www.europesays.com\/fr\/wp-json\/wp\/v2\/posts\/184245","targetHints":{"allow":["GET"]}}],"collection":[{"href":"https:\/\/www.europesays.com\/fr\/wp-json\/wp\/v2\/posts"}],"about":[{"href":"https:\/\/www.europesays.com\/fr\/wp-json\/wp\/v2\/types\/post"}],"author":[{"embeddable":true,"href":"https:\/\/www.europesays.com\/fr\/wp-json\/wp\/v2\/users\/2"}],"replies":[{"embeddable":true,"href":"https:\/\/www.europesays.com\/fr\/wp-json\/wp\/v2\/comments?post=184245"}],"version-history":[{"count":0,"href":"https:\/\/www.europesays.com\/fr\/wp-json\/wp\/v2\/posts\/184245\/revisions"}],"wp:featuredmedia":[{"embeddable":true,"href":"https:\/\/www.europesays.com\/fr\/wp-json\/wp\/v2\/media\/184246"}],"wp:attachment":[{"href":"https:\/\/www.europesays.com\/fr\/wp-json\/wp\/v2\/media?parent=184245"}],"wp:term":[{"taxonomy":"category","embeddable":true,"href":"https:\/\/www.europesays.com\/fr\/wp-json\/wp\/v2\/categories?post=184245"},{"taxonomy":"post_tag","embeddable":true,"href":"https:\/\/www.europesays.com\/fr\/wp-json\/wp\/v2\/tags?post=184245"}],"curies":[{"name":"wp","href":"https:\/\/api.w.org\/{rel}","templated":true}]}}