{"id":184247,"date":"2025-06-17T20:57:12","date_gmt":"2025-06-17T20:57:12","guid":{"rendered":"https:\/\/www.europesays.com\/fr\/184247\/"},"modified":"2025-06-17T20:57:12","modified_gmt":"2025-06-17T20:57:12","slug":"lyna-khoudri-reagit-a-lofficialisation-de-son-couple-avec-karim-benzema","status":"publish","type":"post","link":"https:\/\/www.europesays.com\/fr\/184247\/","title":{"rendered":"Lyna Khoudri r\u00e9agit \u00e0 l\u2019officialisation de son couple avec Karim Benzema"},"content":{"rendered":"<p>L\u2019actrice, \u00e0 l\u2019affiche du prochain film de Martin Bourboulon 13 jours 13 nuits, avait fait sensation lors du Festival de Cannes en s\u2019affichant ouvertement au bras du joueur de football.<\/p>\n<p class=\"fig-paragraph\">Un tapis rouge particulier. Le dernier long-m\u00e9trage de Martin Bourboulon, intitul\u00e9 13 jours, 13 nuits, sort en salle ce vendredi 27 juin. Et pour l\u2019occasion, le r\u00e9alisateur \u00e9tait l\u2019invit\u00e9 de\u00a0<a href=\"http:\/\/tvmag.lefigaro.fr\/programme-tv\/actu-tele\/ici-c-est-mamie-yann-barthes-compare-la-coupe-de-la-ligue-des-champions-a-une-urne-funeraire-20250602\" target=\"_blank\" data-fig-type=\"Article\" rel=\"noopener nofollow\" data-gtm-custom-categorie=\"navigation\" data-gtm-custom-action=\"crossclick\" data-gtm-custom-label=\"Contextuel\" data-gtm-event=\"customEventSPE\" data-fig-domain=\"TVMAG\">Yann Barth\u00e8s<\/a>\u00a0aux c\u00f4t\u00e9s des deux acteurs principaux camp\u00e9s par\u00a0<a href=\"http:\/\/tvmag.lefigaro.fr\/programme-tv\/series\/roschdy-zem-tous-les-risques-artistiques-sont-les-bienvenus-20221020\" target=\"_blank\" data-fig-type=\"Article\" rel=\"noopener nofollow\" data-gtm-custom-categorie=\"navigation\" data-gtm-custom-action=\"crossclick\" data-gtm-custom-label=\"Contextuel\" data-gtm-event=\"customEventSPE\" data-fig-domain=\"TVMAG\">Roschdy Zem<\/a>\u00a0et Lyna Khoudri.<\/p>\n<p class=\"fig-paragraph\">Et si les trois invit\u00e9s ont pu longuement \u00e9voquer leurs rencontres et l\u2019histoire du film &#8211; une adaptation autobiographique de Mohamed Bida qui revient sur l\u2019exfiltration de centaines de personnes de l\u2019ambassade de France en Afghanistan, lors de la chute de Kaboul en ao\u00fbt 2021 &#8211; ce n\u2019\u00e9tait pas la premi\u00e8re fois qu\u2019ils le pr\u00e9sentaient. En effet, le long-m\u00e9trage figurait dans la s\u00e9lection officielle, hors comp\u00e9tition, du Festival de Cannes 2025.<\/p>\n<p class=\"fig-body-link\">\n            \u00c0 lire aussi<br \/>\n        <a class=\"fig-body-link__link\" href=\"http:\/\/tvmag.lefigaro.fr\/programme-tv\/people\/iris-mittenaere-glamour-ophelie-meunier-au-bras-de-son-mari-parterre-de-stars-tele-au-festival-de-cannes-20250520\" target=\"_blank\" data-fig-type=\"Article\" rel=\"noopener nofollow\" data-gtm-custom-categorie=\"navigation\" data-gtm-custom-action=\"crossclick\" data-gtm-custom-label=\"Contextuel\" data-gtm-event=\"customEventSPE\" data-fig-domain=\"TVMAG\">Iris Mittenaere glamour, Oph\u00e9lie Meunier au bras de son mari&#8230; Parterre de stars t\u00e9l\u00e9 au Festival de Cannes<br \/>\n    <\/a>\n<\/p>\n<p class=\"fig-paragraph\">La mont\u00e9e des marches de ce vendredi 23 mai avait largement fait parler. Et le pr\u00e9sentateur de \u00abQuotidien\u00bb n\u2019a pu s\u2019emp\u00eacher de souligner ce d\u00e9tail. \u00abTr\u00e8s tr\u00e8s beau tapis rouge, vous \u00e9tiez tous magnifiques\u00bb, a-t-il d\u00e9clar\u00e9 alors que des images de toute l\u2019\u00e9quipe du film, sur leur 31, \u00e9taient diffus\u00e9es. \u00abVous avez mont\u00e9 les marches, et puis Lyna Khoudri est redescendue. Et elle est revenue avec Karim Benzema\u00bb, a-t-il rappel\u00e9 suscitant les rires et applaudissements du public avant de proposer \u00e0 l\u2019actrice de commenter les images.<\/p>\n<p class=\"fig-paragraph\">\u00abCe sont des belles images\u00bb, a-t-elle lanc\u00e9 dans un premier temps, quelque peu g\u00ean\u00e9e. Et de poursuivre\u00a0: \u00abCe sont des moments que l\u2019on a envie de vivre avec les gens que l\u2019on aime. Et je voulais partager \u00e7a avec lui et puis, vous le pr\u00e9senter. Vous le connaissez d\u00e9j\u00e0 bien mais&#8230;\u00bb Une officialisation jug\u00e9e \u00abr\u00e9ussie\u00bb par Yann Barth\u00e8s. L\u2019\u00e9quipe du talk-show avait d\u2019ailleurs pr\u00e9par\u00e9 une attention particuli\u00e8re \u00e0 la jeune femme en affichant une photo du footballeur cens\u00e9e \u00eatre dans sa loge. \u00abJe ne comprends pas pourquoi il y avait une photo de lui dans ma loge mais pas dans la sienne. Donc je me suis permis de d\u00e9tacher la photo et je l\u2019ai ramen\u00e9 dans sa loge\u00bb, a plaisant\u00e9 Roschdy Zem alors que Yann Barth\u00e8s soulignait qu\u2019en g\u00e9n\u00e9ral, effectivement, \u00abil y avait des photos dans les loges sur les murs\u00bb.<\/p>\n","protected":false},"excerpt":{"rendered":"L\u2019actrice, \u00e0 l\u2019affiche du prochain film de Martin Bourboulon 13 jours 13 nuits, avait fait sensation lors du&hellip;\n","protected":false},"author":2,"featured_media":184248,"comment_status":"","ping_status":"","sticky":false,"template":"","format":"standard","meta":{"footnotes":""},"categories":[8],"tags":[497,496,499,58,59,5634,1011,27,24748,500,504,505,495,503,502,501,498],"class_list":{"0":"post-184247","1":"post","2":"type-post","3":"status-publish","4":"format-standard","5":"has-post-thumbnail","7":"category-divertissement","8":"tag-actu-tv","9":"tag-actualite-tv","10":"tag-buzz-tv","11":"tag-divertissement","12":"tag-entertainment","13":"tag-festival-de-cannes","14":"tag-fr","15":"tag-france","16":"tag-karim-benzema","17":"tag-medias","18":"tag-news-tele","19":"tag-news-television","20":"tag-news-tv","21":"tag-programme-tele","22":"tag-programme-tv","23":"tag-quiz-tv","24":"tag-tv-actu"},"share_on_mastodon":{"url":"https:\/\/pubeurope.com\/@fr\/114700710573007171","error":""},"_links":{"self":[{"href":"https:\/\/www.europesays.com\/fr\/wp-json\/wp\/v2\/posts\/184247","targetHints":{"allow":["GET"]}}],"collection":[{"href":"https:\/\/www.europesays.com\/fr\/wp-json\/wp\/v2\/posts"}],"about":[{"href":"https:\/\/www.europesays.com\/fr\/wp-json\/wp\/v2\/types\/post"}],"author":[{"embeddable":true,"href":"https:\/\/www.europesays.com\/fr\/wp-json\/wp\/v2\/users\/2"}],"replies":[{"embeddable":true,"href":"https:\/\/www.europesays.com\/fr\/wp-json\/wp\/v2\/comments?post=184247"}],"version-history":[{"count":0,"href":"https:\/\/www.europesays.com\/fr\/wp-json\/wp\/v2\/posts\/184247\/revisions"}],"wp:featuredmedia":[{"embeddable":true,"href":"https:\/\/www.europesays.com\/fr\/wp-json\/wp\/v2\/media\/184248"}],"wp:attachment":[{"href":"https:\/\/www.europesays.com\/fr\/wp-json\/wp\/v2\/media?parent=184247"}],"wp:term":[{"taxonomy":"category","embeddable":true,"href":"https:\/\/www.europesays.com\/fr\/wp-json\/wp\/v2\/categories?post=184247"},{"taxonomy":"post_tag","embeddable":true,"href":"https:\/\/www.europesays.com\/fr\/wp-json\/wp\/v2\/tags?post=184247"}],"curies":[{"name":"wp","href":"https:\/\/api.w.org\/{rel}","templated":true}]}}