{"id":184249,"date":"2025-06-17T20:58:17","date_gmt":"2025-06-17T20:58:17","guid":{"rendered":"https:\/\/www.europesays.com\/fr\/184249\/"},"modified":"2025-06-17T20:58:17","modified_gmt":"2025-06-17T20:58:17","slug":"cette-trottinette-electrique-futuriste-testee-par-frandroid-change-radicalement-son-tarif","status":"publish","type":"post","link":"https:\/\/www.europesays.com\/fr\/184249\/","title":{"rendered":"cette trottinette \u00e9lectrique futuriste test\u00e9e par Frandroid change radicalement son tarif"},"content":{"rendered":"<p>Test\u00e9e r\u00e9cemment par Frandroid, la trottinette \u00e9lectrique britannique Bo M r\u00e9duit de moiti\u00e9 son prix afin de s\u00e9duire un plus large public, sans rien changer \u00e0 ses qualit\u00e9s.<\/p>\n<p><a href=\"https:\/\/images.frandroid.com\/wp-content\/uploads\/2025\/02\/bo-m-trottinette-electrique-autonomie.jpg\" target=\"_blank\" class=\"article-content__figure\" rel=\"noopener\"><img fetchpriority=\"high\" decoding=\"async\" loading=\"eager\" width=\"1200\" height=\"800\" src=\"https:\/\/www.europesays.com\/fr\/wp-content\/uploads\/2025\/06\/bo-m-trottinette-electrique-autonomie.jpg\" alt=\"Bo M trottinette \u00e9lectrique autonomie\" class=\"wp-image-2512991 wp-image wp-image\"  \/><\/a>La trottinette Bo M. \/\/ Source : M. Lauraux pour Frandroid<\/p>\n<p>Cet hiver\u00a02025, nous avons test\u00e9 l\u2019une des<a href=\"https:\/\/www.frandroid.com\/guide-dachat\/guides-dachat-survoltes\/guides-dachat-trottinettes-electriques\/617520_quelle-trottinette-electrique-acheter\" target=\"_blank\" rel=\"noopener\"> trottinettes \u00e9lectriques<\/a> les plus originales du march\u00e9. La <a href=\"https:\/\/www.frandroid.com\/produits\/trottinette-electrique\/bo\/2481764-bo-m\" target=\"_blank\" rel=\"noopener\">Bo M<\/a>, qui se distingue non seulement par son style, mais aussi par ses prestations ou quelques attributs comme l\u2019accroche-sac servant de point d\u2019attache pour antivol. Mais ce mod\u00e8le nous avait fait tiquer sur un point crucial\u00a0: son prix, le nerf de la guerre.<\/p>\n<p>Pr\u00e9vu au d\u00e9part \u00e0 2\u2009399\u00a0euros, le tarif de lancement a finalement bondi \u00e0 2\u2009999\u00a0euros pour la France. Si la marque britannique nous a justifi\u00e9 ce co\u00fbt par la pr\u00e9sence de mat\u00e9riaux durables, une conception pour un entretien facilit\u00e9 et des pi\u00e8ces d\u00e9tach\u00e9es disponibles facilement, l\u2019aspect financier rebute. Surtout, elle n\u2019offre pas \u2013 encore \u2013 de clignotants, de suspension ou de connectivit\u00e9 pouss\u00e9e.<\/p>\n<p>Un prix r\u00e9duit\u2026 de moiti\u00e9 !<\/p>\n<p>            <img decoding=\"async\" width=\"1200\" height=\"446\" loading=\"lazy\" alt=\"Display_fr-FR_Frandroid \u2013 636\u00d7236\" title=\"Display_fr-FR_Frandroid \u2013 636\u00d7236\" class=\"is-radiusless placeholder-default wp-image\" src=\"https:\/\/www.europesays.com\/fr\/wp-content\/uploads\/2025\/06\/display-fr-fr-frandroid-636x236-1-1200x446.jpg\" \/>        <\/p>\n<p>\n                La trottinette sans prise de t\u00eate            <\/p>\n<p class=\"has-text-weight-medium is-size-6 is-line-height-normal\">\n                Avec augment vous profitez d\u2019une trottinette puissante sans le stress des pannes gr\u00e2ce au service de remplacement express gratuit inclus dans votre abonnement.            <\/p>\n<p>Bo Mobility a ainsi revu sa copie, en changeant totalement sa politique tarifaire. Le prix de la trottinette \u00e9lectrique passe ainsi de 2\u2009999\u00a0euros \u00e0\u2026 1\u2009499\u00a0euros. Moiti\u00e9 moins apr\u00e8s seulement quelques mois de commercialisation, apprend-on dans un mail envoy\u00e9 \u00e0 la r\u00e9daction. <\/p>\n<p>\t\t\t\t\t\t<a href=\"https:\/\/images.frandroid.com\/wp-content\/uploads\/2025\/02\/bo-m-crochets-antivol.jpg\" itemprop=\"url\" target=\"_blank\" rel=\"noopener\"><\/p>\n<p>\t\t\t\t\t\t\t<img decoding=\"async\" class=\"wp-image\" src=\"https:\/\/www.europesays.com\/fr\/wp-content\/uploads\/2025\/06\/bo-m-crochets-antivol.jpg\"  width=\"615\" height=\"410\" loading=\"lazy\" data-original-width=\"615\" data-original-height=\"410\" itemprop=\"http:\/\/schema.org\/image\" title=\"Bo M crochets antivol\" alt=\"Bo M crochets antivol\" style=\"width: 615px; height: 410px;\"\/><br \/>\n\t\t\t\t\t\t<\/a><\/p>\n<p>\n\t\t\t\t\t\t\t\tEt on peut m\u00eame y acrocher un antivol ! \/\/ Source : M. Lauraux pour Frandroid\t\t\t\t\t\t\t<\/p>\n<p>\t\t\t\t\t\t<a href=\"https:\/\/images.frandroid.com\/wp-content\/uploads\/2025\/02\/bo-m-eclairage.jpg\" itemprop=\"url\" target=\"_blank\" rel=\"noopener\"><\/p>\n<p>\t\t\t\t\t\t\t<img decoding=\"async\" class=\"wp-image\" src=\"https:\/\/www.europesays.com\/fr\/wp-content\/uploads\/2025\/06\/bo-m-eclairage.jpg\"  width=\"305\" height=\"203\" loading=\"lazy\" data-original-width=\"305\" data-original-height=\"203\" itemprop=\"http:\/\/schema.org\/image\" title=\"Bo M \u00e9clairage\" alt=\"Bo M \u00e9clairage\" style=\"width: 305px; height: 203px;\"\/><br \/>\n\t\t\t\t\t\t<\/a><\/p>\n<p>\n\t\t\t\t\t\t\t\tL\u2019\u00e9clairage est puissant\u2026 \/\/ Source : M. Lauraux pour Frandroid\t\t\t\t\t\t\t<\/p>\n<p>\t\t\t\t\t\t<a href=\"https:\/\/images.frandroid.com\/wp-content\/uploads\/2025\/02\/bo-m-guidon.jpg\" itemprop=\"url\" target=\"_blank\" rel=\"noopener\"><\/p>\n<p>\t\t\t\t\t\t\t<img decoding=\"async\" class=\"wp-image\" src=\"https:\/\/www.europesays.com\/fr\/wp-content\/uploads\/2025\/06\/bo-m-guidon.jpg\"  width=\"305\" height=\"203\" loading=\"lazy\" data-original-width=\"305\" data-original-height=\"203\" itemprop=\"http:\/\/schema.org\/image\" title=\"Bo M guidon\" alt=\"Bo M guidon\" style=\"width: 305px; height: 203px;\"\/><br \/>\n\t\t\t\t\t\t<\/a><\/p>\n<p>\n\t\t\t\t\t\t\t\tUn guidon minimaliste. \/\/ Source : M. Lauraux pour Frandroid\t\t\t\t\t\t\t<\/p>\n<p>\u00ab\u00a0La strat\u00e9gie initiale \u00e9tait celle d\u2019un produit de luxe\u00ab\u00a0, explique Damien Barilko, consultant pour le lancement de la marque Bo en France. \u00ab\u00a0Malheureusement, cela n\u2019a pas pris, surtout en France o\u00f9 le <a href=\"https:\/\/www.frandroid.com\/survoltes\/trottinette-electrique\/2615773_les-trottinettes-electriques-continuent-de-degringoler-la-preuve-avec-ces-chiffres-2024-moroses\" target=\"_blank\" rel=\"noopener\">march\u00e9 de la trottinette \u00e9lectrique <\/a>et la valeur moyenne baissent\u00ab\u00a0. <\/p>\n<p>La Bo M a aussi \u00e9largi son rayon d\u2019action dans de nombreux pays europ\u00e9ens, o\u00f9 elle esp\u00e8re toucher un plus large public, ainsi que les \u00c9tats-Unis selon le consultant. \u00c9galement, la firme anglaise a probablement pris acte des r\u00e9sultats d\u2019un sondage qu\u2019elle a lanc\u00e9 ces derni\u00e8res semaines, interrogeant notamment sur le prix.<\/p>\n<p>La m\u00eame trottinette Bo M<\/p>\n<p>La trottinette \u00e9lectrique ne change en rien malgr\u00e9 un <a href=\"https:\/\/bo.world\/fr-fr\/pages\/select-your-bo\" target=\"_blank\" rel=\"noopener\">tarif compl\u00e8tement diff\u00e9rent<\/a>. La Bo M offre un ch\u00e2ssis monobloc au moteur de 1 200 W et 38 Nm en pointe, avec une direction avec retour de force et une batterie de 672 Wh.<\/p>\n<p><a href=\"https:\/\/images.frandroid.com\/wp-content\/uploads\/2025\/02\/bo-m-essai-trottinette-electrique.jpg\" target=\"_blank\" class=\"article-content__figure\" rel=\"noopener\"><img loading=\"lazy\" decoding=\"async\" width=\"1200\" height=\"800\" src=\"https:\/\/www.europesays.com\/fr\/wp-content\/uploads\/2025\/06\/bo-m-essai-trottinette-electrique-1200x800.jpg\" alt=\"Bo M essai trottinette \u00e9lectrique\" class=\"wp-image-2513011 wp-image\"  \/><\/a>Source : M. Lauraux pour Frandroid<\/p>\n<p>Donn\u00e9 pour une autonomie de 50 kilom\u00e8tres, ce mod\u00e8le existe en couleur unique gris aluminium, et est garanti 2 ans (7 ans pour le ch\u00e2ssis). Pour plus d\u2019infos, consultez notre <a href=\"https:\/\/www.frandroid.com\/survoltes\/trottinette-electrique\/2512989_on-a-teste-la-bo-m-cette-trottinette-electrique-unique-en-son-genre-integre-une-fonction-tres-astucieuse-contre-les-vols#conclusion\" target=\"_blank\" rel=\"noopener\">essai complet de la Bo M<\/a>.<\/p>\n","protected":false},"excerpt":{"rendered":"Test\u00e9e r\u00e9cemment par Frandroid, la trottinette \u00e9lectrique britannique Bo M r\u00e9duit de moiti\u00e9 son prix afin de s\u00e9duire&hellip;\n","protected":false},"author":2,"featured_media":184250,"comment_status":"","ping_status":"","sticky":false,"template":"","format":"standard","meta":{"footnotes":""},"categories":[7],"tags":[32225,1011,27,43,40,41,39,42,44],"class_list":{"0":"post-184249","1":"post","2":"type-post","3":"status-publish","4":"format-standard","5":"has-post-thumbnail","7":"category-sciences-et-technologies","8":"tag-bo-m","9":"tag-fr","10":"tag-france","11":"tag-science","12":"tag-science-and-technology","13":"tag-sciences","14":"tag-sciences-et-technologies","15":"tag-technologies","16":"tag-technology"},"share_on_mastodon":{"url":"https:\/\/pubeurope.com\/@fr\/114700715111666098","error":""},"_links":{"self":[{"href":"https:\/\/www.europesays.com\/fr\/wp-json\/wp\/v2\/posts\/184249","targetHints":{"allow":["GET"]}}],"collection":[{"href":"https:\/\/www.europesays.com\/fr\/wp-json\/wp\/v2\/posts"}],"about":[{"href":"https:\/\/www.europesays.com\/fr\/wp-json\/wp\/v2\/types\/post"}],"author":[{"embeddable":true,"href":"https:\/\/www.europesays.com\/fr\/wp-json\/wp\/v2\/users\/2"}],"replies":[{"embeddable":true,"href":"https:\/\/www.europesays.com\/fr\/wp-json\/wp\/v2\/comments?post=184249"}],"version-history":[{"count":0,"href":"https:\/\/www.europesays.com\/fr\/wp-json\/wp\/v2\/posts\/184249\/revisions"}],"wp:featuredmedia":[{"embeddable":true,"href":"https:\/\/www.europesays.com\/fr\/wp-json\/wp\/v2\/media\/184250"}],"wp:attachment":[{"href":"https:\/\/www.europesays.com\/fr\/wp-json\/wp\/v2\/media?parent=184249"}],"wp:term":[{"taxonomy":"category","embeddable":true,"href":"https:\/\/www.europesays.com\/fr\/wp-json\/wp\/v2\/categories?post=184249"},{"taxonomy":"post_tag","embeddable":true,"href":"https:\/\/www.europesays.com\/fr\/wp-json\/wp\/v2\/tags?post=184249"}],"curies":[{"name":"wp","href":"https:\/\/api.w.org\/{rel}","templated":true}]}}