{"id":184253,"date":"2025-06-17T21:00:10","date_gmt":"2025-06-17T21:00:10","guid":{"rendered":"https:\/\/www.europesays.com\/fr\/184253\/"},"modified":"2025-06-17T21:00:10","modified_gmt":"2025-06-17T21:00:10","slug":"macron-estime-quun-changement-de-regime-a-teheran-par-la-guerre-sera-synonyme-de-chaos-liberation","status":"publish","type":"post","link":"https:\/\/www.europesays.com\/fr\/184253\/","title":{"rendered":"Macron estime qu\u2019un changement de r\u00e9gime \u00e0 T\u00e9h\u00e9ran par la guerre sera synonyme de \u00abchaos\u00bb \u2013 Lib\u00e9ration"},"content":{"rendered":"<p class=\"sc-ksZaOG ehjQrN text-element\"><b>Plus de 700 personnes ont fui l\u2019Iran vers l\u2019Azerba\u00efdjan et l\u2019Arm\u00e9nie<\/b>. Plus de 600 personnes de 17 nationalit\u00e9s diff\u00e9rentes ont fui l\u2019Iran vers l\u2019Azerba\u00efdjan au cours des cinq jours qui ont suivi le d\u00e9but de la guerre a\u00e9rienne entre Isra\u00ebl et l\u2019Iran, a d\u00e9clar\u00e9 mardi une source azerba\u00efdjanaise au fait de la situation. Cette source a pr\u00e9cis\u00e9 qu\u2019il s\u2019agissait de citoyens de Russie, des \u00c9tats-Unis, d\u2019Allemagne, d\u2019Espagne, d\u2019Italie, de Serbie, de Roumanie, du Portugal, de Chine, du Vi\u00eat Nam, des \u00c9mirats arabes unis, de G\u00e9orgie, de Bi\u00e9lorussie, du Kazakhstan, du Kirghizistan, du Tadjikistan et de l\u2019Ouzb\u00e9kistan. L\u2019Azerba\u00efdjan a ferm\u00e9 ses fronti\u00e8res terrestres depuis la pand\u00e9mie de Covid-19, mais a autoris\u00e9 les \u00e9trangers \u00e0 entrer par un \u00abcouloir humanitaire\u00bb \u00e0 Astara, dans le sud-est du pays. Parall\u00e8lement, l\u2019ambassadeur iranien en Arm\u00e9nie, Mehdi Sobhani, a assur\u00e9 mardi que \u00abde nombreux citoyens iraniens qui se trouvaient auparavant en Turquie et en Russie \u00bb \u00e9taient \u00ab rentr\u00e9s en Iran via l\u2019Arm\u00e9nie\u00bb, malgr\u00e9 les hostilit\u00e9s. \u00abDes efforts sont en cours pour faciliter le retour des citoyens iraniens en d\u00e9pit des annulations de vols\u00bb, a ajout\u00e9 au cours d\u2019une conf\u00e9rence de presse \u00e0 Erevan ce diplomate, dont les propos \u00e9taient traduits en arm\u00e9nien.<\/p>\n","protected":false},"excerpt":{"rendered":"Plus de 700 personnes ont fui l\u2019Iran vers l\u2019Azerba\u00efdjan et l\u2019Arm\u00e9nie. Plus de 600 personnes de 17 nationalit\u00e9s&hellip;\n","protected":false},"author":2,"featured_media":184254,"comment_status":"","ping_status":"","sticky":false,"template":"","format":"standard","meta":{"footnotes":""},"categories":[5],"tags":[11,22405,952,75,1011,27,14,3019,664,12,28],"class_list":{"0":"post-184253","1":"post","2":"type-post","3":"status-publish","4":"format-standard","5":"has-post-thumbnail","7":"category-international","8":"tag-actualites","9":"tag-ali-khamenei","10":"tag-benyamin-netanyahou","11":"tag-donald-trump","12":"tag-fr","13":"tag-france","14":"tag-international","15":"tag-iran","16":"tag-israel","17":"tag-news","18":"tag-world"},"share_on_mastodon":{"url":"https:\/\/pubeurope.com\/@fr\/114700722288993984","error":""},"_links":{"self":[{"href":"https:\/\/www.europesays.com\/fr\/wp-json\/wp\/v2\/posts\/184253","targetHints":{"allow":["GET"]}}],"collection":[{"href":"https:\/\/www.europesays.com\/fr\/wp-json\/wp\/v2\/posts"}],"about":[{"href":"https:\/\/www.europesays.com\/fr\/wp-json\/wp\/v2\/types\/post"}],"author":[{"embeddable":true,"href":"https:\/\/www.europesays.com\/fr\/wp-json\/wp\/v2\/users\/2"}],"replies":[{"embeddable":true,"href":"https:\/\/www.europesays.com\/fr\/wp-json\/wp\/v2\/comments?post=184253"}],"version-history":[{"count":0,"href":"https:\/\/www.europesays.com\/fr\/wp-json\/wp\/v2\/posts\/184253\/revisions"}],"wp:featuredmedia":[{"embeddable":true,"href":"https:\/\/www.europesays.com\/fr\/wp-json\/wp\/v2\/media\/184254"}],"wp:attachment":[{"href":"https:\/\/www.europesays.com\/fr\/wp-json\/wp\/v2\/media?parent=184253"}],"wp:term":[{"taxonomy":"category","embeddable":true,"href":"https:\/\/www.europesays.com\/fr\/wp-json\/wp\/v2\/categories?post=184253"},{"taxonomy":"post_tag","embeddable":true,"href":"https:\/\/www.europesays.com\/fr\/wp-json\/wp\/v2\/tags?post=184253"}],"curies":[{"name":"wp","href":"https:\/\/api.w.org\/{rel}","templated":true}]}}