{"id":184259,"date":"2025-06-17T21:03:30","date_gmt":"2025-06-17T21:03:30","guid":{"rendered":"https:\/\/www.europesays.com\/fr\/184259\/"},"modified":"2025-06-17T21:03:30","modified_gmt":"2025-06-17T21:03:30","slug":"victime-dune-balle-perdue-lors-dune-fusillade-il-temoigne-au-tribunal","status":"publish","type":"post","link":"https:\/\/www.europesays.com\/fr\/184259\/","title":{"rendered":"victime d&rsquo;une balle perdue lors d&rsquo;une fusillade, il t\u00e9moigne au tribunal"},"content":{"rendered":"<p>\u00ab Ce n\u2019est pas comme si j\u2019\u00e9tais mort, mais c\u2019est pareil. \u00bb Son t\u00e9moignage au tribunal correctionnel est gla\u00e7ant.<\/p>\n<p>Romain (pr\u00e9nom d\u2019emprunt) avait 18 ans, il travaillait comme serveur dans un restaurant de la rue Antoine-Durafour, \u00e0 Saint-Etienne. Durant la nuit du 22 au 23 juillet 2023, il s\u2019octroie une pause apr\u00e8s son service. Assis sur un rebord de fen\u00eatre. Clope. Petite bi\u00e8re. T\u00e9l\u00e9phone.<\/p>\n<p>\u00ab La balle est toujours dans mon corps, j\u2019\u00e9vite le sport \u00bb<\/p>\n<p>Soudain, c\u2019est l\u2019enfer. \u00ab Je vois un homme courir vers moi. Je me retrouve face \u00e0 lui. Sans un mot, <a href=\"https:\/\/www.leprogres.fr\/faits-divers-justice\/2023\/07\/24\/coups-de-feu-dans-l-epicerie-trois-suspects-interpelles-le-commercant-mis-en-cause\" target=\"_blank\" rel=\"nofollow noopener\">il sort une arme de derri\u00e8re son dos et me tire dessus<\/a>. Je suis tomb\u00e9 en reculant. J\u2019ai entendu un second coup de feu. Avec le peu de forces qui me&#8230;<\/p>\n","protected":false},"excerpt":{"rendered":"\u00ab Ce n\u2019est pas comme si j\u2019\u00e9tais mort, mais c\u2019est pareil. \u00bb Son t\u00e9moignage au tribunal correctionnel est&hellip;\n","protected":false},"author":2,"featured_media":184260,"comment_status":"","ping_status":"","sticky":false,"template":"","format":"standard","meta":{"footnotes":""},"categories":[9653],"tags":[1111,11,2430,271,272,7539,1777,674,274,1011,27,3367,12,25,4001,7538],"class_list":{"0":"post-184259","1":"post","2":"type-post","3":"status-publish","4":"format-standard","5":"has-post-thumbnail","7":"category-saint-etienne","8":"tag-actu","9":"tag-actualites","10":"tag-auvergne-rhone-alpes","11":"tag-crime","12":"tag-delit-et-contravention","13":"tag-edition-loire-sud","14":"tag-eu","15":"tag-europe","16":"tag-faits-divers-justice","17":"tag-fr","18":"tag-france","19":"tag-loire","20":"tag-news","21":"tag-republique-francaise","22":"tag-saint-etienne","23":"tag-saint-etienne-ville"},"share_on_mastodon":{"url":"https:\/\/pubeurope.com\/@fr\/114700733905108720","error":""},"_links":{"self":[{"href":"https:\/\/www.europesays.com\/fr\/wp-json\/wp\/v2\/posts\/184259","targetHints":{"allow":["GET"]}}],"collection":[{"href":"https:\/\/www.europesays.com\/fr\/wp-json\/wp\/v2\/posts"}],"about":[{"href":"https:\/\/www.europesays.com\/fr\/wp-json\/wp\/v2\/types\/post"}],"author":[{"embeddable":true,"href":"https:\/\/www.europesays.com\/fr\/wp-json\/wp\/v2\/users\/2"}],"replies":[{"embeddable":true,"href":"https:\/\/www.europesays.com\/fr\/wp-json\/wp\/v2\/comments?post=184259"}],"version-history":[{"count":0,"href":"https:\/\/www.europesays.com\/fr\/wp-json\/wp\/v2\/posts\/184259\/revisions"}],"wp:featuredmedia":[{"embeddable":true,"href":"https:\/\/www.europesays.com\/fr\/wp-json\/wp\/v2\/media\/184260"}],"wp:attachment":[{"href":"https:\/\/www.europesays.com\/fr\/wp-json\/wp\/v2\/media?parent=184259"}],"wp:term":[{"taxonomy":"category","embeddable":true,"href":"https:\/\/www.europesays.com\/fr\/wp-json\/wp\/v2\/categories?post=184259"},{"taxonomy":"post_tag","embeddable":true,"href":"https:\/\/www.europesays.com\/fr\/wp-json\/wp\/v2\/tags?post=184259"}],"curies":[{"name":"wp","href":"https:\/\/api.w.org\/{rel}","templated":true}]}}