{"id":184274,"date":"2025-06-17T21:12:13","date_gmt":"2025-06-17T21:12:13","guid":{"rendered":"https:\/\/www.europesays.com\/fr\/184274\/"},"modified":"2025-06-17T21:12:13","modified_gmt":"2025-06-17T21:12:13","slug":"car-panneaux-solaires-pres-de-rouen-cette-scene-mobile-a-fait-sensation-pour-la-fete-de-lete","status":"publish","type":"post","link":"https:\/\/www.europesays.com\/fr\/184274\/","title":{"rendered":"Car, panneaux solaires&#8230; Pr\u00e8s de Rouen, cette sc\u00e8ne mobile a fait sensation pour la f\u00eate de l&rsquo;\u00e9t\u00e9"},"content":{"rendered":"<p>            Par<br \/>\n        <strong><br \/>\n            <a href=\"https:\/\/actu.fr\/auteur\/le-journal-delbeuf\" title=\"Consulter tous les articles de R\u00e9daction Elbeuf\" target=\"_blank\" rel=\"noopener\">R\u00e9daction Elbeuf<\/a><br \/>\n        <\/strong><\/p>\n<p>        Publi\u00e9 le<\/p>\n<p>            17 juin 2025 \u00e0 21h01        <\/p>\n<p>Une <b>sc\u00e8ne mobile<\/b>, un <b>studio d\u2019enregistrement<\/b> et une <b>autonomie \u00e9lectrique<\/b> totale : le Carpanorama ne passe pas inaper\u00e7u. Et pour la deuxi\u00e8me ann\u00e9e cons\u00e9cutive, il a transform\u00e9 le parc Saint-R\u00e9my de <a href=\"https:\/\/actu.fr\/normandie\/saint-aubin-les-elbeuf_76561\" target=\"_blank\" rel=\"noopener\">Saint-Aubin-l\u00e8s-Elbeuf<\/a> (Seine-Maritime) en s<b>alle de concert \u00e0 ciel ouvert<\/b>.<\/p>\n<p>Une sc\u00e8ne sur le toit<\/p>\n<p class=\" wall-content\">D\u00e9j\u00e0, rien que la structure impressionne, tant par sa taille que par son ing\u00e9niosit\u00e9.<\/p>\n<blockquote class=\"ac-article-quote wall-content\">\n<p>\u00ab\u00a0C\u2019est un v\u00e9hicule que nous avons acquis en 2017 pour les besoins du groupe. Tr\u00e8s vite, nous est venue l\u2019id\u00e9e de monter une plate-forme sur le toit pour s\u2019y produire. Avec les ann\u00e9es, on a am\u00e9lior\u00e9 le concept. La version actuelle a deux ans, et les panneaux solaires sur le toit nous permettent d\u2019\u00eatre autonomes \u00e9lectriquement. Nos concerts ont une empreinte carbone de z\u00e9ro\u00a0\u00bb\u00a0<\/p>\n<p>David Garnier, directeur de Carpanorama et clavi\u00e9riste du groupe For The Hackers<\/p><\/blockquote>\n<p class=\" wall-content\">\u00c0 l\u2019int\u00e9rieur : tout le confort d\u2019un <b>camping-car haut de gamme<\/b> (couchettes, salon d\u00e9tente, douche, toilettes, cuisine \u00e9quip\u00e9e) mais aussi, et surtout, un studio d\u2019enregistrement.<\/p>\n<p class=\" wall-content\">Par une trappe, on acc\u00e8de au <b>toit<\/b> \u00ab\u00a0normal\u00a0\u00bb du bus, transform\u00e9 en sc\u00e8ne (ou en tribune selon les cas), lui-m\u00eame surmont\u00e9 d\u2019une <b>structure mont\u00e9e sur v\u00e9rins<\/b>. Celle-ci prot\u00e8ge de la pluie ou du soleil, sert de support aux panneaux solaires et se replie quand le bus est en position roulante.\u00a0<\/p>\n<p>Deux groupes, un toit, et beaucoup d\u2019\u00e9nergie<\/p>\n<p data-end=\"2089\" class=\" wall-content\">S\u2019il peut \u00eatre lou\u00e9 pour un <b>meeting<\/b>, le Carpanorama est surtout pens\u00e9 pour les <b>manifestations culturelles<\/b>. Et ses inventeurs vantent ses m\u00e9rites : une sc\u00e8ne rapidement install\u00e9e, visible de tous. Finis les probl\u00e8mes de voisin trop grand ou la tentation de grimper sur les \u00e9paules de papa. Le concept facilite l\u2019<b>acc\u00e8s \u00e0 la culture<\/b>, notamment pour les petites communes qui n\u2019ont pas toujours les codes du spectacle.<\/p>\n<p>Vid\u00e9os : en ce moment sur Actu<\/p>\n<p class=\" wall-content\">En tout cas, Saint-Aubin est s\u00e9duite par la formule puisque cela fait <b>deux ans de suite <\/b>qu\u2019elle fait venir le Carpanorama, au parc Saint-R\u00e9my, pour le d\u00e9sormais traditionnel concert de l\u2019\u00e9t\u00e9. Les spectateurs venus en nombre ont ainsi pu profiter d\u2019une pr\u00e9-f\u00eate de la musique avec <b>deux groupes dieppois<\/b> aux identit\u00e9s musicales tr\u00e8s marqu\u00e9es.<\/p>\n<p class=\" wall-content\">For The Hacker, bien s\u00fbr, propri\u00e9taires du Carpanorama, ont anim\u00e9 la seconde partie de soir\u00e9e de leurs rythmes inspir\u00e9s d\u2019un <b>rock classique aux accents \u00e9lectro<\/b>, parfait \u00e9quilibre de musique et de chant. En fran\u00e7ais ou en anglais, on y retrouve les influences de groupes comme <b>Trust<\/b> ou <b>Indochine<\/b>. Et en plus du style, For The Hackers sait mettre de l\u2019ambiance et entra\u00eener son public avec lui.\u00a0<\/p>\n<p class=\" wall-content\">Avant eux, Les Agit\u00e9s du Bocal ont interpell\u00e9 et amus\u00e9 le public avec leurs <b>textes impertinents et d\u00e9jant\u00e9s<\/b> capables d\u2019\u00e9gratigner avec humour personnalit\u00e9s et ph\u00e9nom\u00e8nes de soci\u00e9t\u00e9. \u00c0 l\u2019image de titres \u00e9vocateurs tel que Genoux tous mous (sur les affres de la cinquantaine) ou Fils de pub (sur l\u2019incitation \u00e0 la surconsommation), ces morceaux aux <b>rythmes ent\u00eatants<\/b> rester en t\u00eate comme un bon tube populaire.<\/p>\n<p class=\" wall-content\">\u00ab\u00a0C\u2019est chouette, \u00e7a change des sc\u00e8nes habituelles. On avait un peu d\u2019appr\u00e9hension au d\u00e9but car on a, de fait, un rapport plus lointain au public mais finalement, \u00e7a s\u2019est tr\u00e8s bien pass\u00e9\u00a0\u00bb, t\u00e9moigne Louis, le batteur du groupe.<\/p>\n<p>Un rendez-vous attendu<\/p>\n<p class=\" wall-content\">Une formule s\u00e9duit le public, comme cette spectatrice install\u00e9e dans sa <b>chaise pliante<\/b>. Elle confie avoir \u00ab\u00a0autant aim\u00e9 un groupe que l\u2019autre\u00a0\u00bb. \u00ab\u00a0L\u2019ensemble est d\u2019une grande richesse et tr\u00e8s entra\u00eenant. On ne peut s\u2019emp\u00eacher de les accompagner du geste ou de la voix\u00a0\u00bb, sourit-elle.<\/p>\n<p class=\" wall-content\">D\u2019ailleurs, le public de Saint-R\u00e9my commence \u00e0 \u00eatre rod\u00e9. De nombreux spectateurs prennent d\u00e9sormais leurs pr\u00e9cautions pour ne plus repartir avec les fesses humides : <b>plaids,<\/b> <b>couvertures<\/b> et <b>chaises<\/b> cr\u00e9ant ainsi un joyeux <b>patchwork<\/b> sur la pelouse du parc.<\/p>\n<p class=\" wall-content\">Suivez toute l\u2019actualit\u00e9 de vos villes et m\u00e9dias favoris en vous inscrivant \u00e0 <a href=\"https:\/\/moncompte.actu.fr\" title=\"D\u00e9couvez Mon Actu\" rel=\"nofollow noopener\" data-trk=\"{&quot;cta&quot;:{&quot;action&quot;:&quot;https:\\\/\\\/moncompte.actu.fr&quot;,&quot;category&quot;:&quot;mon compte&quot;,&quot;from&quot;:&quot;article footer&quot;,&quot;name&quot;:&quot;Mon actu&quot;,&quot;type&quot;:&quot;cta&quot;}}\" target=\"_blank\">Mon Actu<\/a>.<\/p>\n","protected":false},"excerpt":{"rendered":"Par R\u00e9daction Elbeuf Publi\u00e9 le 17 juin 2025 \u00e0 21h01 Une sc\u00e8ne mobile, un studio d\u2019enregistrement et une&hellip;\n","protected":false},"author":2,"featured_media":184275,"comment_status":"","ping_status":"","sticky":false,"template":"","format":"standard","meta":{"footnotes":""},"categories":[9587],"tags":[1111,11,11199,1697,1777,674,1011,27,1652,873,12,5161,25,9590],"class_list":{"0":"post-184274","1":"post","2":"type-post","3":"status-publish","4":"format-standard","5":"has-post-thumbnail","7":"category-rouen","8":"tag-actu","9":"tag-actualites","10":"tag-camping-car","11":"tag-concert","12":"tag-eu","13":"tag-europe","14":"tag-fr","15":"tag-france","16":"tag-loisirs-culture","17":"tag-musique","18":"tag-news","19":"tag-normandie","20":"tag-republique-francaise","21":"tag-rouen"},"share_on_mastodon":{"url":"https:\/\/pubeurope.com\/@fr\/114700769325579078","error":""},"_links":{"self":[{"href":"https:\/\/www.europesays.com\/fr\/wp-json\/wp\/v2\/posts\/184274","targetHints":{"allow":["GET"]}}],"collection":[{"href":"https:\/\/www.europesays.com\/fr\/wp-json\/wp\/v2\/posts"}],"about":[{"href":"https:\/\/www.europesays.com\/fr\/wp-json\/wp\/v2\/types\/post"}],"author":[{"embeddable":true,"href":"https:\/\/www.europesays.com\/fr\/wp-json\/wp\/v2\/users\/2"}],"replies":[{"embeddable":true,"href":"https:\/\/www.europesays.com\/fr\/wp-json\/wp\/v2\/comments?post=184274"}],"version-history":[{"count":0,"href":"https:\/\/www.europesays.com\/fr\/wp-json\/wp\/v2\/posts\/184274\/revisions"}],"wp:featuredmedia":[{"embeddable":true,"href":"https:\/\/www.europesays.com\/fr\/wp-json\/wp\/v2\/media\/184275"}],"wp:attachment":[{"href":"https:\/\/www.europesays.com\/fr\/wp-json\/wp\/v2\/media?parent=184274"}],"wp:term":[{"taxonomy":"category","embeddable":true,"href":"https:\/\/www.europesays.com\/fr\/wp-json\/wp\/v2\/categories?post=184274"},{"taxonomy":"post_tag","embeddable":true,"href":"https:\/\/www.europesays.com\/fr\/wp-json\/wp\/v2\/tags?post=184274"}],"curies":[{"name":"wp","href":"https:\/\/api.w.org\/{rel}","templated":true}]}}