{"id":18428,"date":"2025-04-11T22:38:11","date_gmt":"2025-04-11T22:38:11","guid":{"rendered":"https:\/\/www.europesays.com\/fr\/18428\/"},"modified":"2025-04-11T22:38:11","modified_gmt":"2025-04-11T22:38:11","slug":"averses-et-orages-font-leur-retour","status":"publish","type":"post","link":"https:\/\/www.europesays.com\/fr\/18428\/","title":{"rendered":"averses et orages font leur retour"},"content":{"rendered":"<p>            Par<br \/>\n        <strong><br \/>\n            <a href=\"https:\/\/actu.fr\/auteur\/mareva-laville-actu-fr\" title=\"Consulter tous les articles de Mar\u00e9va Laville\" target=\"_blank\" rel=\"noopener\">Mar\u00e9va Laville<\/a><br \/>\n        <\/strong><\/p>\n<p>        Publi\u00e9 le<\/p>\n<p>            11 avr. 2025 \u00e0 13h18        <\/p>\n<p>\u00c9tait-ce trop beau pour durer\u2009? Apr\u00e8s avoir bien g\u00e2t\u00e9 <a href=\"http:\/\/www.actu.fr\/toulouse\" target=\"_blank\" rel=\"noopener\"><strong>Toulouse<\/strong><\/a>, <a href=\"https:\/\/actu.fr\/occitanie\/toulouse_31555\/meteo-encore-une-journee-ensoleillee-a-toulouse-et-en-occitanie-mais-les-nuages-arrivent_62493097.html\" target=\"_blank\" rel=\"noopener\">le soleil<\/a> va laisser la place au mauvais temps\u2026 Le <strong>revirement de situation<\/strong> prendra effet d\u00e8s samedi 12 avril 2025, pour le d\u00e9but des vacances ! D\u2019abord dans la Ville rose puis dans le reste du d\u00e9partement de la <a href=\"https:\/\/actu.fr\/occitanie\/haute-garonne_31\" target=\"_blank\" rel=\"noopener\">Haute-Garonne.<\/a> Au menu\u2009? Du <strong>froid<\/strong>, de la <strong>pluie<\/strong>, et m\u00eame des <strong>orages<\/strong>. On fait le point.<\/p>\n<p>Changement drastique de temps d\u00e8s demain<\/p>\n<p class=\" wall-content\">\u00ab\u2009On aura<strong> deux p\u00e9riodes orageuses sur le week-end<\/strong>\u2009\u00bb, annonce Sa\u00efd Asbatri, pr\u00e9visionniste chez <a href=\"https:\/\/actu.fr\/tag\/meteo-france\" target=\"_blank\" rel=\"noopener\">M\u00e9t\u00e9o France<\/a>. Il reste encore une bonne journ\u00e9e et demie pour profiter du beau temps avant que, samedi 12\u00a0avril, le premier passage orageux n\u2019arrive. \u00ab\u2009Il arrivera vers 21\u00a0heures ou 22\u00a0heures et durera <strong>jusqu\u2019\u00e0 1 heure du matin\u2009\u00bb<\/strong>, pr\u00e9cise l\u2019expert m\u00e9t\u00e9o.<\/p>\n<p class=\" wall-content\">Ce premier \u00e9v\u00e9nement devrait toutefois rester mignonnet. Avec des averses plut\u00f4t que de v\u00e9ritables orages, et un vent d\u2019autan toujours au rendez-vous. Petite amorce de ce qui se trame le lendemain\u2026<\/p>\n<p>Des orages en fin de week-end \u00e0 Toulouse et en Haute-Garonne<\/p>\n<p class=\" wall-content\">Dimanche 13\u00a0avril, le ciel s\u2019assombrira. D\u00e8s le matin, de \u00ab\u2009classiques averses\u2009\u00bb tomberont. \u00ab\u2009Les cumuls sont faibles dans l\u2019ensemble\u2009: 5 \u00e0 10\u00a0mm\u2009\u00bb, nuance Sa\u00efd Asbatri. Mais la pluie virera \u00e0 l\u2019<strong>orage en fin d\u2019apr\u00e8s-midi ou dans la soir\u00e9e.<\/strong><\/p>\n<p class=\" wall-content\">\u00ab\u2009Ce n\u2019est pas tr\u00e8s marqu\u00e9. Ce sera surtout orageux par endroits. L\u2019\u00e9pisode concerne une <strong>bonne partie du d\u00e9partement<\/strong>\u2009\u00bb, sp\u00e9cifie le pr\u00e9visionniste, comme l\u2019illustre cette carte de M\u00e9t\u00e9o France.<\/p>\n<p>      <img   decoding=\"async\" loading=\"lazy\" src=\"https:\/\/www.europesays.com\/fr\/wp-content\/uploads\/2025\/04\/haute-garonne-orages-960x640.png\" alt=\"Le ph\u00e9nom\u00e8ne touchera une grande partie de la Haute-Garonne.\" width=\"960\" height=\"640\"\/><br \/>\n    Le ph\u00e9nom\u00e8ne touchera une grande partie de la Haute-Garonne. (\u00a9Capture d\u2019\u00e9cran M\u00e9t\u00e9o France)Vid\u00e9os : en ce moment sur Actu5 degr\u00e9s en moins, et plus \u00e0 venir\u2026<\/p>\n<p class=\" wall-content\">Mais si le retour des orages n\u2019est \u00ab\u2009pas tr\u00e8s marquant\u2009\u00bb pour l\u2019expert m\u00e9t\u00e9o, la baisse des temp\u00e9ratures l\u2019est davantage. Apr\u00e8s un samedi encore doux gr\u00e2ce au<a href=\"https:\/\/actu.fr\/occitanie\/toulouse_31555\/le-vent-d-autan-deja-de-retour-a-toulouse-et-en-occitanie-des-rafales-jusqu-a-110-km-h-prevoit-meteo-france_62441175.html\" target=\"_blank\" rel=\"noopener\"> vent d\u2019autan<\/a>, qui apporte l\u2019air chaud d\u2019Espagne et du Portugal, la journ\u00e9e dominicale s\u2019annonce plus fra\u00eeche. <strong>\u00ab\u2009On perdra 4 \u00e0 5 degr\u00e9s\u2009\u00bb,<\/strong> estime le m\u00e9t\u00e9orologue.<\/p>\n<p>      <img   decoding=\"async\" loading=\"lazy\" src=\"https:\/\/www.europesays.com\/fr\/wp-content\/uploads\/2025\/04\/dimanche13-toulouse-960x457.png\" alt=\"A Toulouse, les averses tourneront \u00e0 l'orage en fin de journ\u00e9e, dimanche 13 avril 2025, apr\u00e8s avoir connu une chute des temp\u00e9ratures. \" width=\"960\" height=\"457\"\/><br \/>\n    A Toulouse, les averses tourneront \u00e0 l\u2019orage en fin de journ\u00e9e, dimanche 13\u00a0avril 2025, apr\u00e8s avoir connu une chute des temp\u00e9ratures. (\u00a9Capture d\u2019\u00e9cran M\u00e9t\u00e9o France)<\/p>\n<p class=\" wall-content\">Dimanche 13\u00a0avril, M\u00e9t\u00e9o France pr\u00e9voit <strong>18 degr\u00e9s pour la maximale, contre 22 degr\u00e9s la veille.<\/strong> Et ce n\u2019est que le d\u00e9but.<\/p>\n<p>\u00ab\u2009Mercredi sera la journ\u00e9e la plus froide\u2009\u00bb<\/p>\n<blockquote class=\"ac-article-quote wall-content\">\n<p>La baisse des temp\u00e9ratures va se poursuivre la semaine prochaine. On sera en dessous des normales de saison qui sont plut\u00f4t de l&rsquo;ordre des 20 degr\u00e9s.<\/p>\n<p>    <strong>Sa\u00efd Asbatri<\/strong><br \/>\n        Pr\u00e9visionniste chez M\u00e9t\u00e9o France    <\/p><\/blockquote>\n<p class=\" wall-content\">Lundi, on perd encore un degr\u00e9. Mardi, un autre. \u00ab\u2009Mercredi sera la journ\u00e9e la plus froide\u2009\u00bb, avec <strong>14 degr\u00e9s au plus chaud.<\/strong><\/p>\n<p>Apr\u00e8s l\u2019air chaud ib\u00e9rique, l\u2019air oc\u00e9anique<\/p>\n<p class=\" wall-content\">Mais comment s\u2019explique ce chavirement climatique\u2009? \u00ab\u2009Les centres d\u2019action bougent\u2009\u00bb, indique Sa\u00efd Asbatri. Ces derni\u00e8res semaines, <a href=\"https:\/\/actu.fr\/occitanie\/toulouse_31555\/alerte-orange-au-vent-en-haute-garonne-des-centaines-de-foyers-prives-d-electricite-suivez-la-situation_62397054.html\" target=\"_blank\" rel=\"noopener\">le vent d\u2019autan soufflait fort<\/a> tout en ramenant l\u2019air chaud de la p\u00e9ninsule ib\u00e9rique, <a href=\"https:\/\/actu.fr\/meteo\/tempete-laurence-rafales-a-130-km-h-departements-en-vigilance-vent-ce-qui-nous-attend-en-france-ce-mardi_62383476.html\" target=\"_blank\" rel=\"noopener\">qui connaissait alors une perturbation m\u00e9t\u00e9orologique<\/a>. Cette fois, la d\u00e9pression se situe plus au nord. \u00ab\u2009Elle vient de l\u2019oc\u00e9an et fait donc entrer <strong>l\u2019air oc\u00e9anique dans la r\u00e9gion.\u2009\u00bb<\/strong><\/p>\n<p class=\" wall-content\">\n<p class=\" wall-content\">Cons\u00e9quences\u2009? Des averses orageuses et des temp\u00e9ratures plus fra\u00eeches que d\u2019ordinaire.<\/p>\n<p class=\" wall-content\">Le ph\u00e9nom\u00e8ne ne devrait toutefois pas durer trop longtemps puisque les normales de saison reviendront d\u00e8s le 21\u00a0avril, selon les pr\u00e9visions de M\u00e9t\u00e9o France. \u00c0 prendre avec des pincettes. Cela reste dans dix jours\u2026<\/p>\n<p class=\" wall-content\">Suivez toute l\u2019actualit\u00e9 de vos villes et m\u00e9dias favoris en vous inscrivant \u00e0 <a href=\"https:\/\/moncompte.actu.fr\" title=\"D\u00e9couvez Mon Actu\" rel=\"nofollow noopener\" data-trk=\"{&quot;cta&quot;:{&quot;action&quot;:&quot;https:\\\/\\\/moncompte.actu.fr&quot;,&quot;category&quot;:&quot;mon compte&quot;,&quot;from&quot;:&quot;article footer&quot;,&quot;name&quot;:&quot;Mon actu&quot;,&quot;type&quot;:&quot;cta&quot;}}\" target=\"_blank\">Mon Actu<\/a>.<\/p>\n","protected":false},"excerpt":{"rendered":"Par Mar\u00e9va Laville Publi\u00e9 le 11 avr. 2025 \u00e0 13h18 \u00c9tait-ce trop beau pour durer\u2009? Apr\u00e8s avoir bien&hellip;\n","protected":false},"author":2,"featured_media":18429,"comment_status":"","ping_status":"","sticky":false,"template":"","format":"standard","meta":{"footnotes":""},"categories":[4],"tags":[11,1011,27,2357,12,4594,25,104],"class_list":{"0":"post-18428","1":"post","2":"type-post","3":"status-publish","4":"format-standard","5":"has-post-thumbnail","7":"category-france","8":"tag-actualites","9":"tag-fr","10":"tag-france","11":"tag-meteo-france","12":"tag-news","13":"tag-orages","14":"tag-republique-francaise","15":"tag-societe"},"share_on_mastodon":{"url":"https:\/\/pubeurope.com\/@fr\/114321732741614485","error":""},"_links":{"self":[{"href":"https:\/\/www.europesays.com\/fr\/wp-json\/wp\/v2\/posts\/18428","targetHints":{"allow":["GET"]}}],"collection":[{"href":"https:\/\/www.europesays.com\/fr\/wp-json\/wp\/v2\/posts"}],"about":[{"href":"https:\/\/www.europesays.com\/fr\/wp-json\/wp\/v2\/types\/post"}],"author":[{"embeddable":true,"href":"https:\/\/www.europesays.com\/fr\/wp-json\/wp\/v2\/users\/2"}],"replies":[{"embeddable":true,"href":"https:\/\/www.europesays.com\/fr\/wp-json\/wp\/v2\/comments?post=18428"}],"version-history":[{"count":0,"href":"https:\/\/www.europesays.com\/fr\/wp-json\/wp\/v2\/posts\/18428\/revisions"}],"wp:featuredmedia":[{"embeddable":true,"href":"https:\/\/www.europesays.com\/fr\/wp-json\/wp\/v2\/media\/18429"}],"wp:attachment":[{"href":"https:\/\/www.europesays.com\/fr\/wp-json\/wp\/v2\/media?parent=18428"}],"wp:term":[{"taxonomy":"category","embeddable":true,"href":"https:\/\/www.europesays.com\/fr\/wp-json\/wp\/v2\/categories?post=18428"},{"taxonomy":"post_tag","embeddable":true,"href":"https:\/\/www.europesays.com\/fr\/wp-json\/wp\/v2\/tags?post=18428"}],"curies":[{"name":"wp","href":"https:\/\/api.w.org\/{rel}","templated":true}]}}