{"id":184288,"date":"2025-06-17T21:19:10","date_gmt":"2025-06-17T21:19:10","guid":{"rendered":"https:\/\/www.europesays.com\/fr\/184288\/"},"modified":"2025-06-17T21:19:10","modified_gmt":"2025-06-17T21:19:10","slug":"malgre-la-demande-du-prefet-christian-estrosi-refuse-de-retirer-le-drapeau-israelien-du-fronton-de-sa-mairie","status":"publish","type":"post","link":"https:\/\/www.europesays.com\/fr\/184288\/","title":{"rendered":"Malgr\u00e9 la demande du pr\u00e9fet, Christian Estrosi refuse de retirer le drapeau isra\u00e9lien du fronton de sa mairie"},"content":{"rendered":"<p>Drapeaux \u00e9trangers ind\u00e9sirables. Le pr\u00e9fet des Alpes-Maritimes, Laurent Hottiaux, qui a remplac\u00e9 Hugues Moutouh il y a un mois, vient de rappeler \u00e0 l\u2019ordre le maire de Nice, Christian Estrosi. Dans un courrier, <a href=\"https:\/\/www.nicematin.com\/politique\/le-prefet-des-alpes-maritimes-demande-le-retrait-du-drapeau-israelien-de-la-mairie-de-nice-990424\" target=\"_blank\" rel=\"noopener\">le repr\u00e9sentant de l\u2019\u00c9tat rappelle l\u2019interdiction de tout drapeau \u00e9tranger dans les mairies<\/a>, peu importe le pays. C\u2019est une atteinte \u00ab\u00a0au principe de neutralit\u00e9 du service public\u00a0\u00bb, rappelle Laurent Hottiaux au premier magistrat ni\u00e7ois.<\/p>\n<p>Une circulaire pour tous les maires azur\u00e9ens<\/p>\n<p>Entre les lignes, c\u2019est bien \u00e9videmment le drapeau isra\u00e9lien qui flotte sur le fronton de l\u2019h\u00f4tel de Ville de Nice qui est vis\u00e9. Et il doit \u00eatre retir\u00e9. \u00ab\u00a0Nous pr\u00e9parons une circulaire pour rappeler l\u2019interdiction de la pr\u00e9sence de drapeaux \u00e9trangers sur les b\u00e2timents publics \u00e0 destination de tous les maires des Alpes-Maritimes\u00a0\u00bb, r\u00e9v\u00e8le une source en pr\u00e9fecture.<\/p>\n<p>Christian Estrosi s\u2019\u00e9tait engag\u00e9, le lendemain du 7 octobre 2023, a pavois\u00e9 la mairie avec le drapeau isra\u00e9lien et \u00e0 le laisser flotter tant qu\u2019il resterait un seul otage du Hamas \u00e0 Gaza. La banni\u00e8re blanche avec l\u2019\u00e9toile de David bleue a d\u2019abord \u00e9t\u00e9 install\u00e9e c\u00f4t\u00e9 entr\u00e9e du public. \u00c0 la mort du pape Fran\u00e7ois le 21 avril dernier, le drapeau de l\u2019\u00c9tat h\u00e9breu avait \u00e9t\u00e9 remplac\u00e9 par celui du Vatican, puis pendant le sommet de l\u2019Oc\u00e9an par celui des Nations unies. Le drapeau isra\u00e9lien ou plut\u00f4t les drapeaux isra\u00e9liens n\u2019ont pas boug\u00e9, en revanche, de la fa\u00e7ade c\u00f4t\u00e9 salle des mariages depuis l\u2019attentat il y a 19 mois.<\/p>\n<p>Plus de 50.000 morts \u00e0 Gaza<\/p>\n<p>Ce jour-l\u00e0, des hommes de l\u2019organisation terroriste palestinienne Hamas, dans plusieurs attaques coordonn\u00e9es men\u00e9es en Isra\u00ebl, ont massacr\u00e9 plus de 1.200 personnes et fait plus de 250 otages. La plus terrible attaque de l\u2019histoire d\u2019Isra\u00ebl jamais subie sur son territoire. Il reste 52 otages \u00e0 Gaza, mais seulement une vingtaine en vie, selon des sources officielles. Depuis, l\u2019escalade du conflit isra\u00e9lo-palestinien &#8211; qui a fait plus de 50.000 morts \u00e0 Gaza, dont des milliers d\u2019enfants selon l\u2019Unicef &#8211; a d\u00e9truit des milliers de vies des deux c\u00f4t\u00e9s et d\u00e9stabilis\u00e9 toute la r\u00e9gion.<\/p>\n<p>              <img ci-src=\"https:\/\/www.nicematin.com\/politique\/Image+-IHP2AhoV.jpg?ci_seal=70927484ef\" alt=\"\"\/><br \/>\n        Le pr\u00e9fet a demand\u00e9 \u00e0 Christian Estrosi de retirer les \u00ab\u00a0drapeaux \u00e9trangers\u00a0\u00bb sur le fronton de la mairie de Nice en vertu du \u00ab\u00a0principe de neutralit\u00e9 du service public\u00a0\u00bb.  <strong>Photo NM.<\/strong> <\/p>\n<p>                                \u00ab\u00a0Porte \u00e0 faux avec la politique \u00e9trang\u00e8re fran\u00e7aise\u00a0\u00bb<\/p>\n<p>\u00ab\u00a0Christian Estrosi place la Ville de Nice en porte \u00e0 faux avec la politique \u00e9trang\u00e8re fran\u00e7aise. Il fait de la Ville de Nice un soutien inconditionnel de la politique de Benyamin Netanyahou et rend notre Ville symboliquement complice des atrocit\u00e9s subies par les populations civiles de Gaza\u00a0\u00bb, a r\u00e9agi David Nakache, pr\u00e9sident de Tous Citoyens! membre du collectif Viva!, apr\u00e8s le rappel \u00e0 l\u2019ordre du pr\u00e9fet.<\/p>\n<p>\u00ab\u00a0Qu\u2019il s\u2019ex\u00e9cute sans d\u00e9lai\u00a0\u00bb<\/p>\n<p>\u00ab\u00a0C\u2019est une posture inadmissible\u00a0\u00bb, s\u2019emporte le militant. \u00ab\u00a0Si Christian Estrosi maintient sa position, sans tenir compte d\u2019une mobilisation citoyenne constante et du rappel \u00e0 l\u2019ordre par l\u2019\u00c9tat, c\u2019est qu\u2019il est d\u00e9cid\u00e9 \u00e0 faire l\u2019apologie des crimes de guerre, du crime contre l\u2019humanit\u00e9 et du g\u00e9nocide en cours \u00e0 Gaza\u00a0\u00bb, ass\u00e8ne encore David Nakache. Depuis le d\u00e9but de la riposte isra\u00e9lienne sur Gaza, des manifestations pro palestiniennes sont organis\u00e9es \u00e0 Nice presque toutes les semaines. Des d\u00e9fil\u00e9s qui, inlassablement, font un d\u00e9tour par la mairie et s\u2019arr\u00eatent sous le drapeau isra\u00e9lien, c\u0153ur des crispations, pour demander qu\u2019il soit retir\u00e9 ou que le drapeau palestinien soit hiss\u00e9 \u00e0 ses c\u00f4t\u00e9s.<\/p>\n<p>\u00ab\u00a0Nous exigeons du maire de Nice qu\u2019il se conforme \u00e0 cette injonction du pr\u00e9fet et qu\u2019il s\u2019ex\u00e9cute sans d\u00e9lai dans l\u2019int\u00e9r\u00eat de tous les Ni\u00e7ois\u00a0\u00bb, a tanc\u00e9, de son c\u00f4t\u00e9 le patron des communistes des Alpes-Maritimes, Julien Picot.<\/p>\n<p>              <img ci-src=\"https:\/\/www.nicematin.com\/politique\/protec\/DATA_ART_15733179-QRc274wt.jpg?vh=398f95&amp;ci_seal=6b0fdfa6ad\" alt=\"\"\/><br \/>\n        Laurent Hottiaux, le nouveau pr\u00e9fet des Alpes-Maritimes, a envoy\u00e9 un courrier \u00e0 Christian Estrosi pour lui demander de retirer le drapeau isra\u00e9lien \u00a0\u00bb au nom du principe de neutralit\u00e9 \u00ab\u00a0.  <strong>Photo Cyril Dodergny.<\/strong> <\/p>\n<p>                                Christian Estrosi au pr\u00e9fet des Alpes-Maritimes: \u00ab\u00a0Je lui ai r\u00e9pondu non\u00a0\u00bb<\/p>\n<p>Le maire de Nice, n\u2019a pas l\u2019intention de c\u00e9der&#8230; \u00ab\u00a0J\u2019ai effectivement re\u00e7u un courrier du pr\u00e9fet, mais il a eu aussi la d\u00e9licatesse de m\u2019appeler \u00e9galement hier [lundi]. Ce ne sont pas ses instructions mais les instructions gouvernementales. Et je lui ai r\u00e9pondu que j\u2019\u00e9tais d\u00e9sol\u00e9 de lui dire non\u00a0\u00bb, entame Christian Estrosi. Qui insiste: \u00ab\u00a0J\u2019ai d\u2019excellentes relations avec ce pr\u00e9fet. Il est dans ce r\u00f4le et je le comprends et je suis dans le mien\u00a0\u00bb. \u00ab\u00a0C\u2019est un refus au gouvernement, pas au pr\u00e9fet\u00a0\u00bb, mart\u00e8le encore le maire de Nice (Horizons). \u00ab\u00a0Depuis le pogrom d\u00e9clench\u00e9 par le Hamas, j\u2019ai dit que je mettrais le drapeau isra\u00e9lien \u00e0 la mairie et que je ne l\u2019enl\u00e8verai que le jour o\u00f9 le dernier otage sera rendu \u00e0 sa famille\u00a0\u00bb, explique le maire. \u00ab\u00a0D\u2019ailleurs ce jour-l\u00e0 c\u2019\u00e9tait en pr\u00e9sence de l\u2019ancien pr\u00e9fet Moutouh, qui ne m\u2019a jamais rien dit pour le drapeau\u00a0\u00bb, pr\u00e9cise-t-il.<\/p>\n<p><strong>\u00ab\u00a0Toute ma compassion aux victimes civiles\u00a0\u00bb<\/strong><\/p>\n<p>C\u2019est pour Christian Estrosi un engagement \u00ab\u00a0moral et de conviction\u00a0\u00bb, lui qui, ajoute-t-il, \u00ab\u00a0a d\u00fb g\u00e9rer deux attentats \u00e0 Nice\u00a0\u00bb. Il en est persuad\u00e9 \u00ab\u00a0le combat que m\u00e8ne Isra\u00ebl est un combat contre le Hamas, Daesh, l\u2019\u00c9tat islamique, tout cela est la m\u00eame organisation. C\u2019est un combat pour nous prot\u00e9ger\u00a0\u00bb. Il n\u2019entend pas l\u2019argument de neutralit\u00e9 avanc\u00e9 par l\u2019\u00c9tat. \u00ab\u00a0J\u2019ai des amis palestiniens qui me disent: lib\u00e9rez-nous du Hamas. C\u2019est le combat de la libert\u00e9 contre l\u2019obscurantisme, contre le terrorisme, contre les Ayatollahs\u00a0\u00bb, jure Estrosi. Il s\u2019emporte: \u00ab\u00a0Qui utilise le drapeau palestinien? Ce n\u2019est pas le PS, pas les Verts, pas le centre gauche, pas le centre droit, ni m\u00eame l\u2019extr\u00eame droite! C\u2019est M\u00e9lenchon et les Insoumis! C\u2019est Rima Hassan [d\u00e9put\u00e9e LFI d\u2019origine palestinienne\u00a0\u00bb. Le maire de Nice termine: \u00ab\u00a0Toute ma compassion va aux victimes civiles au Liban, en Iran, \u00e0 Gaza\u00a0\u00bb.<\/p>\n<p>            La justice administrative saisie plusieurs fois<\/p>\n<p>Depuis le 8 octobre 2023, jour o\u00f9 la Ville a hiss\u00e9 les couleurs isra\u00e9liennes, plusieurs recours en justice ont \u00e9t\u00e9 d\u00e9pos\u00e9s devant le tribunal administratif pour r\u00e9clamer le retrait de l\u2019\u00e9tendard de l\u2019\u00c9tat h\u00e9breu sur le fronton municipal. Pour l\u2019instant, la justice a rejet\u00e9 \u00ab\u00a0pour d\u00e9faut d\u2019urgence\u00a0\u00bb, un recours en r\u00e9f\u00e9r\u00e9 introduit en mai 2024 par trois citoyens ni\u00e7ois.<\/p>\n<p><strong>Recours pour exc\u00e8s de pouvoir<\/strong><\/p>\n<p>L\u2019autre recours \u00ab\u00a0pour exc\u00e8s de pouvoir\u00a0\u00bb suivi par Me Sefen Guez Guez pour Amira Zaiter et Hager Barkous, deux militantes pro palestiniennes, est en cours depuis le 22 janvier 2024. Entre-temps, Christian Estrosi a demand\u00e9 au tribunal administratif de suspendre la proc\u00e9dure apr\u00e8s la condamnation d\u2019Amira Zaiter pour apologie du terrorisme. La jeune femme, co-fondatrice de l\u2019association De Nice \u00e0 Gaza avait \u00e9cop\u00e9 de trois ans de prison dont un an ferme. Elle a fait appel de cette d\u00e9cision. Le d\u00e9lib\u00e9r\u00e9 sera rendu le 25 juin.<\/p>\n<p><strong>Sept citoyens ni\u00e7ois en audience le 24 juin<\/strong><\/p>\n<p>Reste la proc\u00e9dure initi\u00e9e le 29 mars dernier par sept citoyens ni\u00e7ois. Parmi eux, Christian Masson, pr\u00e9sident du Mrap06 (Mouvement contre le Racisme et pour l\u2019Amiti\u00e9 entre les Peuples) ou encore Sylvaine Bourquin, de l\u2019association France Palestine Solidarit\u00e9. Ils sont repr\u00e9sent\u00e9s par Mireille Damiano, avocate au barreau de Nice&#8230; Et opposante de Christian Estrosi.<\/p>\n<p>Les plaignants ont envoy\u00e9 une lettre recommand\u00e9e pour demander que le drapeau soit \u00f4t\u00e9 de la mairie. Ils \u00e9voquaient alors \u00ab\u00a0les \u00e9volutions du conflit et la position de la France au sujet du conflit isra\u00e9lien\u00a0\u00bb. \u00ab\u00a0Si dans un premier temps, les drapeaux ont \u00e9t\u00e9 expos\u00e9s dans la volont\u00e9 d\u2019exprimer un message de soutien aux victimes et otages isra\u00e9liens, les propos que vous avez tenus pour justifier leur maintien entrent a minima en contradiction partielle avec les d\u00e9clarations et actes officiels de la France\u00a0\u00bb, d\u00e9cryptaient-ils dans le courrier.<\/p>\n<p>Cette proc\u00e9dure leur permettait faute de r\u00e9ponse dans les deux mois de saisir le tribunal administratif pour exc\u00e8s de pouvoir. Ce qui a \u00e9t\u00e9 fait le 7 juin dernier. Ce troisi\u00e8me recours sera examin\u00e9 le 24 juin.<\/p>\n<p><strong>\u00ab\u00a0Sur le fond nous sommes parfaitement recevables\u00a0\u00bb<\/strong><\/p>\n<p>\u00ab\u00a0C\u2019est une jurisprudence archi-classique du Conseil d\u2019\u00c9tat, un b\u00e2timent public doit \u00eatre neutre ou en corr\u00e9lation avec la politique de l\u2019\u00c9tat, sur le fond nous sommes parfaitement recevables\u00a0\u00bb, avance Mireille Damiano. Quant \u00e0 l\u2019injonction du pr\u00e9fet, elle note: \u00ab\u00a0J\u2019avais, il y a plusieurs mois d\u00e9j\u00e0, sollicit\u00e9 l\u2019ancien pr\u00e9fet Hugues Moutouh pour qu\u2019il exerce son contr\u00f4le de l\u00e9galit\u00e9. Je n\u2019ai jamais eu de r\u00e9ponse\u00a0\u00bb. Ma\u00eetre Damiano souffle: \u00ab\u00a0Ce qui nous a moyennement \u00e9tonn\u00e9s puisque onze fois d\u2019affil\u00e9e, il avait pris des arr\u00eat\u00e9s d\u2019interdiction des rassemblements du collectif 06 pour une paix juste et durable\u00a0\u00bb.<\/p>\n<p><strong>\u00c0 Gennevilliers et Saint-Denis, le drapeau de la Palestine<\/strong><\/p>\n<p>Depuis quelques jours des pol\u00e9miques au sujet de drapeaux pavoisant sur des fa\u00e7ades de collectivit\u00e9s pleuvent. D\u2019o\u00f9 le courrier du pr\u00e9fet Laurent Hottiaux \u00e0 Christian Estrosi? \u00ab\u00a0Je pense que \u00e7a peut \u00eatre en rapport avec le drapeau palestinien qui a \u00e9t\u00e9 hiss\u00e9 sur la mairie de Saint-Denis. Le pr\u00e9fet de Seine-Saint-Denis vient de demander qu\u2019il soit enlev\u00e9 avec l\u2019argumentation de la neutralit\u00e9 du b\u00e2timent public. Donc, ce serait quand m\u00eame particulier qu&rsquo;il y ait deux poids, deux mesures, en Seine-Saint-Denis et dans les Alpes-Maritimes, sur exactement le m\u00eame affichage\u00a0\u00bb, note ma\u00eetre Mireille Damiano.<\/p>\n<p>Idem dans les Hauts-de-Seine, o\u00f9 la pr\u00e9fecture a demand\u00e9 le retrait du drapeau rouge, blanc, noir et vert hiss\u00e9 sur le parvis de l\u2019h\u00f4tel de ville de Gennevilliers.<\/p>\n","protected":false},"excerpt":{"rendered":"Drapeaux \u00e9trangers ind\u00e9sirables. Le pr\u00e9fet des Alpes-Maritimes, Laurent Hottiaux, qui a remplac\u00e9 Hugues Moutouh il y a un&hellip;\n","protected":false},"author":2,"featured_media":184289,"comment_status":"","ping_status":"","sticky":false,"template":"","format":"standard","meta":{"footnotes":""},"categories":[2819],"tags":[1111,11,10411,1777,674,1011,27,12,2401,316,882,25],"class_list":{"0":"post-184288","1":"post","2":"type-post","3":"status-publish","4":"format-standard","5":"has-post-thumbnail","7":"category-nice","8":"tag-actu","9":"tag-actualites","10":"tag-conflits","11":"tag-eu","12":"tag-europe","13":"tag-fr","14":"tag-france","15":"tag-news","16":"tag-nice","17":"tag-politique","18":"tag-provence-alpes-cote-dazur","19":"tag-republique-francaise"},"share_on_mastodon":{"url":"https:\/\/pubeurope.com\/@fr\/114700796837746173","error":""},"_links":{"self":[{"href":"https:\/\/www.europesays.com\/fr\/wp-json\/wp\/v2\/posts\/184288","targetHints":{"allow":["GET"]}}],"collection":[{"href":"https:\/\/www.europesays.com\/fr\/wp-json\/wp\/v2\/posts"}],"about":[{"href":"https:\/\/www.europesays.com\/fr\/wp-json\/wp\/v2\/types\/post"}],"author":[{"embeddable":true,"href":"https:\/\/www.europesays.com\/fr\/wp-json\/wp\/v2\/users\/2"}],"replies":[{"embeddable":true,"href":"https:\/\/www.europesays.com\/fr\/wp-json\/wp\/v2\/comments?post=184288"}],"version-history":[{"count":0,"href":"https:\/\/www.europesays.com\/fr\/wp-json\/wp\/v2\/posts\/184288\/revisions"}],"wp:featuredmedia":[{"embeddable":true,"href":"https:\/\/www.europesays.com\/fr\/wp-json\/wp\/v2\/media\/184289"}],"wp:attachment":[{"href":"https:\/\/www.europesays.com\/fr\/wp-json\/wp\/v2\/media?parent=184288"}],"wp:term":[{"taxonomy":"category","embeddable":true,"href":"https:\/\/www.europesays.com\/fr\/wp-json\/wp\/v2\/categories?post=184288"},{"taxonomy":"post_tag","embeddable":true,"href":"https:\/\/www.europesays.com\/fr\/wp-json\/wp\/v2\/tags?post=184288"}],"curies":[{"name":"wp","href":"https:\/\/api.w.org\/{rel}","templated":true}]}}