{"id":184298,"date":"2025-06-17T21:24:11","date_gmt":"2025-06-17T21:24:11","guid":{"rendered":"https:\/\/www.europesays.com\/fr\/184298\/"},"modified":"2025-06-17T21:24:11","modified_gmt":"2025-06-17T21:24:11","slug":"girondins-romain-molina-denonce-un-scandale-detat-dans-le-plan-lopez-pour-bordeaux","status":"publish","type":"post","link":"https:\/\/www.europesays.com\/fr\/184298\/","title":{"rendered":"Girondins : Romain Molina d\u00e9nonce un scandale d&rsquo;\u00c9tat dans le plan Lopez pour Bordeaux"},"content":{"rendered":"<p><img decoding=\"async\" src=\"https:\/\/www.europesays.com\/fr\/wp-content\/uploads\/2025\/06\/671_fa7dcd276a059100a17a447440e8123c.jpg\" alt=\"Girondins : Romain Molina d\u00e9nonce un scandale d'\u00c9tat dans le plan Lopez pour Bordeaux\" class=\"img-responsive mt-3\"\/><\/p>\n<p class=\"text-center mb-3\" style=\"font-size: 14px\">\u00a9 Iconsport<\/p>\n<p>      <strong>\u00ab\u00a0On parle d&rsquo;au moins 40M\u20ac de larges et de facilit\u00e9 d&rsquo;argent public\u00a0\u00bb<\/strong><\/p>\n<p style=\"text-align: justify;\">Romain Molina : \u00ab\u00a0Il n&rsquo;y a aucune \u00e9quipe de football professionnel en France qui a b\u00e9n\u00e9fici\u00e9 d&rsquo;autant d&rsquo;aide et d&rsquo;argent public que les Girondins, en particulier depuis le rachat par <a href=\"https:\/\/www.webgirondins.com\/actualite-girondins-girondins-le-club-depend-de-la-volonte-de-l-actionnaire-de-mettre-de-l-argent-ou-pas-129454\" target=\"_blank\" rel=\"noopener\">G\u00e9rard Lopez<\/a> (en 2021). On parle d&rsquo;au moins 40M\u20ac de larges et de facilit\u00e9 d&rsquo;argent public. Le plan de continuation de G\u00e9rard Lopez est soutenu par l\u2019\u00c9tat fran\u00e7ais. Comment l&rsquo;\u00e9tat peut valider un plan qui sert les int\u00e9r\u00eats du propri\u00e9taire des Girondins de Bordeaux et sa main mise absolue sur le club\u2009? Un plan qui va s&#8217;empresser de rembourser des pr\u00eats de fonds vautour, des fonds pr\u00eateurs, dont des filiales sont domicili\u00e9es dans des paradis fiscaux, au d\u00e9triment d&rsquo;entreprises fran\u00e7aises et des locaux fran\u00e7ais ?\u00a0\u00bb<\/p>\n<p>Sa vid\u00e9o est \u00e0 regarder en int\u00e9gralit\u00e9 ici :<\/p>\n<p>Ce navigateur ne supporte pas les iframes<\/p>\n<p>\u00a0<\/p>\n<p style=\"text-align: justify;\">&gt;&gt; <strong><a href=\"https:\/\/www.webgirondins.com\/actualite-girondins-girondins-alexis-sauvage-suivi-par-bordeaux-129449\" target=\"_blank\" rel=\"noopener\">Mercato : Alexis Sauvage suivi par Bordeaux<\/a><\/strong><\/p>\n<p style=\"text-align: justify;\">\u00a0<\/p>\n<p style=\"text-align: justify;\">Notre podcast court :<\/p>\n","protected":false},"excerpt":{"rendered":"\u00a9 Iconsport \u00ab\u00a0On parle d&rsquo;au moins 40M\u20ac de larges et de facilit\u00e9 d&rsquo;argent public\u00a0\u00bb Romain Molina : \u00ab\u00a0Il&hellip;\n","protected":false},"author":2,"featured_media":184299,"comment_status":"","ping_status":"","sticky":false,"template":"","format":"standard","meta":{"footnotes":""},"categories":[2817],"tags":[1111,11,1261,3355,1997,21464,1446,7891,4485,16309,1777,674,1011,27,8294,1987,32229,2957,8295,32228,12,2219,5355,471,3532,25,18140,1747,227],"class_list":{"0":"post-184298","1":"post","2":"type-post","3":"status-publish","4":"format-standard","5":"has-post-thumbnail","7":"category-bordeaux","8":"tag-actu","9":"tag-actualites","10":"tag-argent","11":"tag-auteur","12":"tag-bordeaux","13":"tag-continuation","14":"tag-dans","15":"tag-denonce","16":"tag-dossier","17":"tag-etat","18":"tag-eu","19":"tag-europe","20":"tag-fr","21":"tag-france","22":"tag-gerard","23":"tag-girondins","24":"tag-investigation","25":"tag-journaliste","26":"tag-lopez","27":"tag-molina","28":"tag-news","29":"tag-nouvelle-aquitaine","30":"tag-plan","31":"tag-pour","32":"tag-public","33":"tag-republique-francaise","34":"tag-romain","35":"tag-scandale","36":"tag-traitement"},"share_on_mastodon":{"url":"https:\/\/pubeurope.com\/@fr\/114700816476522627","error":""},"_links":{"self":[{"href":"https:\/\/www.europesays.com\/fr\/wp-json\/wp\/v2\/posts\/184298","targetHints":{"allow":["GET"]}}],"collection":[{"href":"https:\/\/www.europesays.com\/fr\/wp-json\/wp\/v2\/posts"}],"about":[{"href":"https:\/\/www.europesays.com\/fr\/wp-json\/wp\/v2\/types\/post"}],"author":[{"embeddable":true,"href":"https:\/\/www.europesays.com\/fr\/wp-json\/wp\/v2\/users\/2"}],"replies":[{"embeddable":true,"href":"https:\/\/www.europesays.com\/fr\/wp-json\/wp\/v2\/comments?post=184298"}],"version-history":[{"count":0,"href":"https:\/\/www.europesays.com\/fr\/wp-json\/wp\/v2\/posts\/184298\/revisions"}],"wp:featuredmedia":[{"embeddable":true,"href":"https:\/\/www.europesays.com\/fr\/wp-json\/wp\/v2\/media\/184299"}],"wp:attachment":[{"href":"https:\/\/www.europesays.com\/fr\/wp-json\/wp\/v2\/media?parent=184298"}],"wp:term":[{"taxonomy":"category","embeddable":true,"href":"https:\/\/www.europesays.com\/fr\/wp-json\/wp\/v2\/categories?post=184298"},{"taxonomy":"post_tag","embeddable":true,"href":"https:\/\/www.europesays.com\/fr\/wp-json\/wp\/v2\/tags?post=184298"}],"curies":[{"name":"wp","href":"https:\/\/api.w.org\/{rel}","templated":true}]}}