{"id":184304,"date":"2025-06-17T21:27:22","date_gmt":"2025-06-17T21:27:22","guid":{"rendered":"https:\/\/www.europesays.com\/fr\/184304\/"},"modified":"2025-06-17T21:27:22","modified_gmt":"2025-06-17T21:27:22","slug":"apres-un-franc-succes-larmee-de-terre-promet-une-prochaine-edition","status":"publish","type":"post","link":"https:\/\/www.europesays.com\/fr\/184304\/","title":{"rendered":"apr\u00e8s un franc succ\u00e8s, l&rsquo;arm\u00e9e de Terre promet une prochaine \u00e9dition"},"content":{"rendered":"<p>            Par<br \/>\n        <strong><br \/>\n            <a href=\"https:\/\/actu.fr\/auteur\/margot-nicodeme\" title=\"Consulter tous les articles de Margot Nicod\u00e8me\" target=\"_blank\" rel=\"noopener\">Margot Nicod\u00e8me<\/a><br \/>\n        <\/strong><\/p>\n<p>        Publi\u00e9 le<\/p>\n<p>            17 juin 2025 \u00e0 11h58        <\/p>\n<p>La nouvelle s\u2019\u00e9tait r\u00e9pandue comme <b>une tra\u00een\u00e9e de poudre<\/b>, obligeant les amateurs de patrimoine \u00e0 rapidement r\u00e9server leur place. Comme attendu,<b> la Citadelle de <a href=\"https:\/\/actu.fr\/hauts-de-france\/lille_59350\" target=\"_blank\" rel=\"noopener\">Lille<\/a> <\/b>(Nord) a fait le plein de visiteurs <a href=\"https:\/\/actu.fr\/hauts-de-france\/lille_59350\/video-le-corps-de-reaction-rapide-de-larmee-de-terre-ouvre-la-citadelle-de-lille-voici-le-programme_62723709.html\" target=\"_blank\" rel=\"noopener\">pour son grand week-end d\u2019ouverture<\/a>, les 14 et 15 juin 2025. Au total, ce sont quelque <b>25 000 personnes <\/b>qui ont saut\u00e9 sur l\u2019occasion pour d\u00e9couvrir les recoins bien gard\u00e9s de<b> ce quartier g\u00e9n\u00e9ral de <a href=\"https:\/\/actu.fr\/tag\/armee\" target=\"_blank\" rel=\"noopener\">l\u2019arm\u00e9e<\/a> de Terre<\/b>. Un succ\u00e8s au-del\u00e0 des esp\u00e9rances de l\u2019occupant des lieux, le Corps de r\u00e9action rapide, qui <b>promet \u00ab\u00a0une prochaine \u00e9dition\u00a0\u00bb<\/b>.<\/p>\n<p>Ouverture de la Citadelle : apr\u00e8s le succ\u00e8s, l\u2019arm\u00e9e promet \u00ab\u00a0une prochaine \u00e9dition\u00a0\u00bb pleine de surprises<\/p>\n<p class=\" wall-content\">De quoi consoler ceux qui n\u2019ont pas pu d\u00e9crocher un cr\u00e9neau de visite, ou qui n\u2019\u00e9taient simplement pas dans les parages. Cette future ouverture, dont les dates restent \u00e0 d\u00e9finir, \u00ab\u00a0<b>r\u00e9servera elle aussi son lot de belles surprises<\/b>\u00ab\u00a0, fait savoir le Corps de r\u00e9action rapide.\u00a0<\/p>\n<p class=\" wall-content\">Les 14 et 15 juin 2025, les 25 000 personnes ont pass\u00e9 en moyenne 3 heures dans la forteresse Vauban vieille de 350 ans. Le public a pu \u00e9changer avec les militaires pr\u00e9sents, mais aussi assister \u00e0 des d\u00e9monstrations de leur savoir-faire, ou d\u00e9ambuler au son des concerts organis\u00e9s. Et surtout, profiter simplement du cadre exceptionnel, qui accueille quotidiennement 450 soldats issus de 14 nations diff\u00e9rentes.<\/p>\n<p>Vid\u00e9os : en ce moment sur Actu<\/p>\n<p class=\" wall-content\">Pour conna\u00eetre tous les d\u00e9tails du prochain rendez-vous dans la Citadelle de Lille, gardez un \u0153il <a href=\"https:\/\/linktr.ee\/rrcfr\" target=\"_blank\" rel=\"noopener\">sur les r\u00e9seaux sociaux du Corps de r\u00e9action rapide<\/a>.<\/p>\n<p class=\" wall-content\">Suivez toute l\u2019actualit\u00e9 de vos villes et m\u00e9dias favoris en vous inscrivant \u00e0 <a href=\"https:\/\/moncompte.actu.fr\" title=\"D\u00e9couvez Mon Actu\" rel=\"nofollow noopener\" data-trk=\"{&quot;cta&quot;:{&quot;action&quot;:&quot;https:\\\/\\\/moncompte.actu.fr&quot;,&quot;category&quot;:&quot;mon compte&quot;,&quot;from&quot;:&quot;article footer&quot;,&quot;name&quot;:&quot;Mon actu&quot;,&quot;type&quot;:&quot;cta&quot;}}\" target=\"_blank\">Mon Actu<\/a>.<\/p>\n<ul class=\"ac-article-tag wall-content\">\n<li><a href=\"https:\/\/actu.fr\/tag\/armee\" data-trk=\"{&quot;cta&quot;:{&quot;action&quot;:&quot;Arm\\u00e9e&quot;,&quot;category&quot;:&quot;tag&quot;,&quot;from&quot;:&quot;article footer&quot;,&quot;name&quot;:&quot;Arm\\u00e9e&quot;,&quot;type&quot;:&quot;cta&quot;}}\" target=\"_blank\" rel=\"noopener\">#Arm\u00e9e<\/a><\/li>\n<li><a href=\"https:\/\/actu.fr\/tag\/citadelle-de-lille\" data-trk=\"{&quot;cta&quot;:{&quot;action&quot;:&quot;Citadelle de Lille&quot;,&quot;category&quot;:&quot;tag&quot;,&quot;from&quot;:&quot;article footer&quot;,&quot;name&quot;:&quot;Citadelle de Lille&quot;,&quot;type&quot;:&quot;cta&quot;}}\" target=\"_blank\" rel=\"noopener\">#Citadelle de Lille<\/a><\/li>\n<\/ul>\n","protected":false},"excerpt":{"rendered":"Par Margot Nicod\u00e8me Publi\u00e9 le 17 juin 2025 \u00e0 11h58 La nouvelle s\u2019\u00e9tait r\u00e9pandue comme une tra\u00een\u00e9e de&hellip;\n","protected":false},"author":2,"featured_media":184305,"comment_status":"","ping_status":"","sticky":false,"template":"","format":"standard","meta":{"footnotes":""},"categories":[2815],"tags":[1111,11,1813,19408,1777,674,1011,27,811,1307,1652,12,25],"class_list":{"0":"post-184304","1":"post","2":"type-post","3":"status-publish","4":"format-standard","5":"has-post-thumbnail","7":"category-lille","8":"tag-actu","9":"tag-actualites","10":"tag-armee","11":"tag-citadelle-de-lille","12":"tag-eu","13":"tag-europe","14":"tag-fr","15":"tag-france","16":"tag-hauts-de-france","17":"tag-lille","18":"tag-loisirs-culture","19":"tag-news","20":"tag-republique-francaise"},"share_on_mastodon":{"url":"https:\/\/pubeurope.com\/@fr\/114700828312443765","error":""},"_links":{"self":[{"href":"https:\/\/www.europesays.com\/fr\/wp-json\/wp\/v2\/posts\/184304","targetHints":{"allow":["GET"]}}],"collection":[{"href":"https:\/\/www.europesays.com\/fr\/wp-json\/wp\/v2\/posts"}],"about":[{"href":"https:\/\/www.europesays.com\/fr\/wp-json\/wp\/v2\/types\/post"}],"author":[{"embeddable":true,"href":"https:\/\/www.europesays.com\/fr\/wp-json\/wp\/v2\/users\/2"}],"replies":[{"embeddable":true,"href":"https:\/\/www.europesays.com\/fr\/wp-json\/wp\/v2\/comments?post=184304"}],"version-history":[{"count":0,"href":"https:\/\/www.europesays.com\/fr\/wp-json\/wp\/v2\/posts\/184304\/revisions"}],"wp:featuredmedia":[{"embeddable":true,"href":"https:\/\/www.europesays.com\/fr\/wp-json\/wp\/v2\/media\/184305"}],"wp:attachment":[{"href":"https:\/\/www.europesays.com\/fr\/wp-json\/wp\/v2\/media?parent=184304"}],"wp:term":[{"taxonomy":"category","embeddable":true,"href":"https:\/\/www.europesays.com\/fr\/wp-json\/wp\/v2\/categories?post=184304"},{"taxonomy":"post_tag","embeddable":true,"href":"https:\/\/www.europesays.com\/fr\/wp-json\/wp\/v2\/tags?post=184304"}],"curies":[{"name":"wp","href":"https:\/\/api.w.org\/{rel}","templated":true}]}}