{"id":184310,"date":"2025-06-17T21:31:16","date_gmt":"2025-06-17T21:31:16","guid":{"rendered":"https:\/\/www.europesays.com\/fr\/184310\/"},"modified":"2025-06-17T21:31:16","modified_gmt":"2025-06-17T21:31:16","slug":"lyon-cinq-mois-de-prison-ferme-pour-un-arracheur-de-collier","status":"publish","type":"post","link":"https:\/\/www.europesays.com\/fr\/184310\/","title":{"rendered":"Lyon. Cinq mois de prison ferme pour un arracheur de collier"},"content":{"rendered":"<p>Un Alg\u00e9rien de 18 ans, en situation irr\u00e9guli\u00e8re, a \u00e9t\u00e9 condamn\u00e9 la semaine derni\u00e8re \u00e0 une peine dix mois de prison, dont cinq mois avec sursis, assorti d\u2019une interdiction de territoire pendant trois ans et a \u00e9t\u00e9 plac\u00e9 en d\u00e9tention.<\/p>\n<p>Jeudi 12\u00a0juin vers 17\u00a0h\u00a030, une femme de 72 ans a \u00e9t\u00e9 suivie dans le hall de son immeuble, rue de <a href=\"http:\/\/www.leprogres.fr\/p\/part-dieu-lyon\" target=\"_blank\" rel=\"noopener\">la Part-Dieu<\/a> \u00e0 Lyon (3e), par deux individus, dont l\u2019un lui a arrach\u00e9 ses colliers.<\/p>\n<p>Les deux jeunes gens ont ensuite quitt\u00e9 les lieux en courant mais alert\u00e9s par les cris de la victime et la clameur publique, des policiers hors service qui passaient \u00e0 ce moment se sont lanc\u00e9s \u00e0 leur poursuite. Ils les ont rapidement intercept\u00e9s, puis remis \u00e0 leurs coll\u00e8gues en service qui les ont interpell\u00e9s.<\/p>\n<p>Ce contenu est bloqu\u00e9 car vous n&rsquo;avez pas accept\u00e9 les cookies et autres traceurs.<\/p>\n<p>En cliquant sur \u00ab J\u2019accepte \u00bb, les cookies et autres traceurs seront d\u00e9pos\u00e9s et vous pourrez visualiser les contenus  (<a href=\"\" class=\"consentModule_policy\" target=\"_blank\" title=\"Consulter la politique de protection des donn\u00e9es du fournisseur\">plus d&rsquo;informations<\/a>).<\/p>\n<p>En cliquant sur \u00ab J\u2019accepte tous les cookies \u00bb, vous autorisez des d\u00e9p\u00f4ts de cookies et autres traceurs pour le stockage de vos donn\u00e9es sur nos sites et applications \u00e0 des fins de personnalisation et de ciblage publicitaire.<\/p>\n<p class=\"consentModule_secondaryText\">Vous gardez la possibilit\u00e9 de retirer votre consentement \u00e0 tout moment en consultant notre <a href=\"http:\/\/www.leprogres.fr\/protection-des-donnees\" target=\"_blank\" title=\"Consulter notre politique de protection des donn\u00e9es\" rel=\"noopener\">politique de protection des donn\u00e9es<\/a>. <br \/>&#13;<br \/>\n            <a href=\"http:\/\/www.leprogres.fr\/faits-divers-justice\/2025\/06\/17\/javascript:Didomi.notice.show()\" class=\"consentModule_cmp\" target=\"_blank\" rel=\"noopener\">G\u00e9rer mes choix<\/a>&#13;\n        <\/p>\n<p>&#13;<br \/>\n                        J&rsquo;accepte&#13;<br \/>\n            J&rsquo;accepte tous les cookies&#13;\n        <\/p>\n<p>  Une OQTF d\u00e9livr\u00e9e<\/p>\n<p>La victime a reconnu formellement son agresseur, qui tenait un morceau de collier cass\u00e9 au moment de son arrestation. Lors de sa garde \u00e0 vue, il a ni\u00e9 les faits et, d\u00e9f\u00e9r\u00e9 le 14\u00a0juin au tribunal judiciaire, il a \u00e9t\u00e9 jug\u00e9 en comparution imm\u00e9diate. Par ailleurs, la pr\u00e9fecture lui a d\u00e9livr\u00e9 une OQTF (obligation de quitter le territoire fran\u00e7ais).<\/p>\n<p>Le second individu, un Alg\u00e9rien de 20 ans en situation irr\u00e9guli\u00e8re et vis\u00e9 par une OQTF, a \u00e9t\u00e9 laiss\u00e9 libre sans poursuites \u00e0 l\u2019issue de sa garde \u00e0 vue et la pr\u00e9fecture lui a d\u00e9livr\u00e9 une assignation \u00e0 r\u00e9sidence.<\/p>\n","protected":false},"excerpt":{"rendered":"Un Alg\u00e9rien de 18 ans, en situation irr\u00e9guli\u00e8re, a \u00e9t\u00e9 condamn\u00e9 la semaine derni\u00e8re \u00e0 une peine dix&hellip;\n","protected":false},"author":2,"featured_media":184311,"comment_status":"","ping_status":"","sticky":false,"template":"","format":"standard","meta":{"footnotes":""},"categories":[1889],"tags":[1111,11,2430,271,272,2757,1777,674,274,1011,27,2428,4751,4750,12,25,2429],"class_list":{"0":"post-184310","1":"post","2":"type-post","3":"status-publish","4":"format-standard","5":"has-post-thumbnail","7":"category-lyon","8":"tag-actu","9":"tag-actualites","10":"tag-auvergne-rhone-alpes","11":"tag-crime","12":"tag-delit-et-contravention","13":"tag-edition-lyon-villeurbanne","14":"tag-eu","15":"tag-europe","16":"tag-faits-divers-justice","17":"tag-fr","18":"tag-france","19":"tag-lyon","20":"tag-lyon-3e","21":"tag-lyon-3e-arrondissement","22":"tag-news","23":"tag-republique-francaise","24":"tag-rhone"},"share_on_mastodon":{"url":"https:\/\/pubeurope.com\/@fr\/114700844044116725","error":""},"_links":{"self":[{"href":"https:\/\/www.europesays.com\/fr\/wp-json\/wp\/v2\/posts\/184310","targetHints":{"allow":["GET"]}}],"collection":[{"href":"https:\/\/www.europesays.com\/fr\/wp-json\/wp\/v2\/posts"}],"about":[{"href":"https:\/\/www.europesays.com\/fr\/wp-json\/wp\/v2\/types\/post"}],"author":[{"embeddable":true,"href":"https:\/\/www.europesays.com\/fr\/wp-json\/wp\/v2\/users\/2"}],"replies":[{"embeddable":true,"href":"https:\/\/www.europesays.com\/fr\/wp-json\/wp\/v2\/comments?post=184310"}],"version-history":[{"count":0,"href":"https:\/\/www.europesays.com\/fr\/wp-json\/wp\/v2\/posts\/184310\/revisions"}],"wp:featuredmedia":[{"embeddable":true,"href":"https:\/\/www.europesays.com\/fr\/wp-json\/wp\/v2\/media\/184311"}],"wp:attachment":[{"href":"https:\/\/www.europesays.com\/fr\/wp-json\/wp\/v2\/media?parent=184310"}],"wp:term":[{"taxonomy":"category","embeddable":true,"href":"https:\/\/www.europesays.com\/fr\/wp-json\/wp\/v2\/categories?post=184310"},{"taxonomy":"post_tag","embeddable":true,"href":"https:\/\/www.europesays.com\/fr\/wp-json\/wp\/v2\/tags?post=184310"}],"curies":[{"name":"wp","href":"https:\/\/api.w.org\/{rel}","templated":true}]}}