{"id":184312,"date":"2025-06-17T21:32:14","date_gmt":"2025-06-17T21:32:14","guid":{"rendered":"https:\/\/www.europesays.com\/fr\/184312\/"},"modified":"2025-06-17T21:32:14","modified_gmt":"2025-06-17T21:32:14","slug":"letape-assemblee-nationale-validee-le-chemin-encore-long","status":"publish","type":"post","link":"https:\/\/www.europesays.com\/fr\/184312\/","title":{"rendered":"l&rsquo;\u00e9tape Assembl\u00e9e nationale valid\u00e9e, le chemin encore long"},"content":{"rendered":"<p itemprop=\"description\"><strong>Ce mardi, l&rsquo;Assembl\u00e9e nationale a adopt\u00e9 le projet de loi de simplification de la vie \u00e9conomique.<\/strong><\/p>\n<p>Un vote serr\u00e9, avec 275 voix pour et 252 contre, et qui n&rsquo;est mis en avant que pour son article 15 ter. Ce dernier pr\u00e9voit la suppression des Zones \u00e0 faibles \u00e9missions (ZFE), et notamment celle de Lyon.<\/p>\n<p>Chez les d\u00e9put\u00e9s du Rh\u00f4ne, on s&rsquo;est bien rattrap\u00e9 par rapport au vote de l&rsquo;article le 28 mai durant lequel seulement 6 parlementaires rhodaniens sur 14 avaient pris part au scrutin.<\/p>\n<p>Ce mardi, ils n&rsquo;\u00e9taient plus que deux \u00e0 s\u00e9cher le vote : <a href=\"https:\/\/www.lyonmag.com\/profil-personnalite-lyonnaise\/743\/abdelkader-lahmar\" target=\"_blank\" rel=\"noopener\">Abdelkader Lahmar<\/a> (LFI) et <a href=\"https:\/\/www.lyonmag.com\/profil-personnalite-lyonnaise\/708\/marie-charlotte-garin\" target=\"_blank\" rel=\"noopener\">Marie-Charlotte Garin<\/a> (Les Ecologistes). Cette derni\u00e8re avait pourtant \u00e9t\u00e9 critiqu\u00e9e, y compris en interne dans son parti, pour <a href=\"https:\/\/www.lyonmag.com\/article\/144472\/absents-au-vote-pour-sauver-les-zfe-les-deputes-ecologistes-de-lyon-se-defendent-peniblement\" target=\"_blank\" rel=\"noopener\">avoir rat\u00e9 la s\u00e9ance de l&rsquo;article sur la suppression des ZFE<\/a>.<\/p>\n<p>A noter que les votes ont totalement chang\u00e9 d&rsquo;une session \u00e0 l&rsquo;autre chez les insoumis. S&rsquo;ils s&rsquo;\u00e9taient f\u00e9licit\u00e9s d&rsquo;avoir vot\u00e9 pour l&rsquo;int\u00e9gration de l&rsquo;article 15 ter et donc de mener la fronde avec le RN contre les ZFE, ils ont finalement vot\u00e9 contre le projet de loi ce mardi&#8230; Allez comprendre !<\/p>\n<p>Quant au d\u00e9put\u00e9 macroniste <a href=\"https:\/\/www.lyonmag.com\/profil-personnalite-lyonnaise\/200\/jean-luc-fugit\" target=\"_blank\" rel=\"noopener\">Jean-Luc Fugit<\/a>, qui avait vot\u00e9 contre l&rsquo;article, il s&rsquo;est exprim\u00e9 pour le projet de loi qui le contient. Tout comme <a href=\"https:\/\/www.lyonmag.com\/profil-personnalite-lyonnaise\/197\/blandine-brocard\" target=\"_blank\" rel=\"noopener\">Blandine Brocard<\/a> qui elle s&rsquo;\u00e9tait abstenue le 28 mai pour finalement soutenir la loi ce mardi apr\u00e8s-midi.<\/p>\n<p>Une commission paritaire doit d\u00e9sormais voir le jour pour qu&rsquo;Assembl\u00e9e nationale et S\u00e9nat s&rsquo;entendent sur le sujet. Ce qui est loin d&rsquo;\u00eatre gagn\u00e9. Enfin, il restera \u00e9galement la menace du Conseil constitutionnel, qui pourrait retoquer l&rsquo;article 15 ter supprimant les ZFE au motif qu&rsquo;il n&rsquo;a rien \u00e0 voir avec la loi qui le contient.<\/p>\n","protected":false},"excerpt":{"rendered":"Ce mardi, l&rsquo;Assembl\u00e9e nationale a adopt\u00e9 le projet de loi de simplification de la vie \u00e9conomique. Un vote&hellip;\n","protected":false},"author":2,"featured_media":184313,"comment_status":"","ping_status":"","sticky":false,"template":"","format":"standard","meta":{"footnotes":""},"categories":[1889],"tags":[1111,11,2813,2190,2430,1109,251,1112,2811,1777,674,118,1011,27,1922,1110,1114,2428,2810,12,241,316,25,2812,517,800],"class_list":{"0":"post-184312","1":"post","2":"type-post","3":"status-publish","4":"format-standard","5":"has-post-thumbnail","7":"category-lyon","8":"tag-actu","9":"tag-actualites","10":"tag-article","11":"tag-asvel","12":"tag-auvergne-rhone-alpes","13":"tag-breves","14":"tag-culture","15":"tag-depeches","16":"tag-economique","17":"tag-eu","18":"tag-europe","19":"tag-faits-divers","20":"tag-fr","21":"tag-france","22":"tag-info","23":"tag-informations","24":"tag-infos","25":"tag-lyon","26":"tag-lyonmag","27":"tag-news","28":"tag-ol","29":"tag-politique","30":"tag-republique-francaise","31":"tag-sociale","32":"tag-sport","33":"tag-transports"},"share_on_mastodon":{"url":"https:\/\/pubeurope.com\/@fr\/114700847988614976","error":""},"_links":{"self":[{"href":"https:\/\/www.europesays.com\/fr\/wp-json\/wp\/v2\/posts\/184312","targetHints":{"allow":["GET"]}}],"collection":[{"href":"https:\/\/www.europesays.com\/fr\/wp-json\/wp\/v2\/posts"}],"about":[{"href":"https:\/\/www.europesays.com\/fr\/wp-json\/wp\/v2\/types\/post"}],"author":[{"embeddable":true,"href":"https:\/\/www.europesays.com\/fr\/wp-json\/wp\/v2\/users\/2"}],"replies":[{"embeddable":true,"href":"https:\/\/www.europesays.com\/fr\/wp-json\/wp\/v2\/comments?post=184312"}],"version-history":[{"count":0,"href":"https:\/\/www.europesays.com\/fr\/wp-json\/wp\/v2\/posts\/184312\/revisions"}],"wp:featuredmedia":[{"embeddable":true,"href":"https:\/\/www.europesays.com\/fr\/wp-json\/wp\/v2\/media\/184313"}],"wp:attachment":[{"href":"https:\/\/www.europesays.com\/fr\/wp-json\/wp\/v2\/media?parent=184312"}],"wp:term":[{"taxonomy":"category","embeddable":true,"href":"https:\/\/www.europesays.com\/fr\/wp-json\/wp\/v2\/categories?post=184312"},{"taxonomy":"post_tag","embeddable":true,"href":"https:\/\/www.europesays.com\/fr\/wp-json\/wp\/v2\/tags?post=184312"}],"curies":[{"name":"wp","href":"https:\/\/api.w.org\/{rel}","templated":true}]}}