{"id":184314,"date":"2025-06-17T21:33:13","date_gmt":"2025-06-17T21:33:13","guid":{"rendered":"https:\/\/www.europesays.com\/fr\/184314\/"},"modified":"2025-06-17T21:33:13","modified_gmt":"2025-06-17T21:33:13","slug":"lalliance-pour-le-logement-ile-de-france-demande-le-retablissement-immediat-pour-les-renovations-monogestes","status":"publish","type":"post","link":"https:\/\/www.europesays.com\/fr\/184314\/","title":{"rendered":"l\u2019Alliance pour le logement Ile-de-France demande le r\u00e9tablissement imm\u00e9diat pour les r\u00e9novations monogestes"},"content":{"rendered":"<p>\nPour St\u00e9phane Sajoux, pr\u00e9sident de la <a title=\"FFB\" href=\"https:\/\/www.lemoniteur.fr\/ffb\/\" rel=\"noopener\" target=\"\" class=\"lien-contextuel\">FFB<\/a> Ile-de-France Est, <strong>l\u2019argument de la fraude avanc\u00e9 par le gouvernement pour suspendre provisoirement MaPrimeR\u00e9nov\u2019 n\u2019est pas vraiment recevable.<\/strong> \u00ab La FFB intervient depuis deux ans sur ce sujet de la fraude dite \u00ab industrialis\u00e9e \u00bb, qui s\u2019est log\u00e9e sur la r\u00e9novation globale. Nous avons alert\u00e9 la Direction g\u00e9n\u00e9rale de la concurrence, de la consommation et de la r\u00e9pression des fraudes (DGCCR) et Bercy. Nous avons <strong>remont\u00e9 plus de 600 signalements pour la France enti\u00e8re mais seules trois entreprises ont \u00e9t\u00e9 condamn\u00e9es<\/strong> \u00bb, a-t-il indiqu\u00e9, le 10 juin, lors d\u2019un point presse de l\u2019Alliance pour le logement Ile-de-France (1), auquel il participe en tant que repr\u00e9sentant de l\u2019Union des f\u00e9d\u00e9rations du b\u00e2timent IDF.<\/p>\n<p>\nA en croire St\u00e9phane Sajoux, la fraude est bien r\u00e9elle : \u00ab Selon l\u2019Insee, au premier trimestre, <strong>le co\u00fbt moyen d\u2019une r\u00e9novation globale s\u2019est \u00e9tabli \u00e0 85 000 \u20ac alors que nous chiffrons ces travaux entre 35 000 et 55 000 \u20ac<\/strong> \u00bb, a-t-il d\u00e9taill\u00e9.<\/p>\n<p>Demande d\u2019annulation de l\u2019interdiction de location des biens G<\/p>\n<p>\n<a href=\"https:\/\/www.lemoniteur.fr\/article\/maprimerenov-deux-mois-et-demi-de-suspension-pour-remettre-de-l-ordre.2346449\" target=\"_blank\" rel=\"noopener\">En attendant la r\u00e9activation du dispositif, le 15 septembre<\/a>, les membres de l\u2019Alliance pour le logement IDF souhaiteraient que MaPrimeR\u00e9nov\u2019 soit <strong>imm\u00e9diatement r\u00e9tablie pour les r\u00e9novations monogestes<\/strong> faisant valoir que \u00ab la fraude y est quasiment inexistante, les travaux moins co\u00fbteux et les dossiers moins complexes \u00e0 monter \u00bb. Ils demandent aussi l\u2019<strong>annulation de l\u2019interdiction de location des logements class\u00e9s G <\/strong>\u00ab au moins le temps de r\u00e9aliser les travaux \u00bb, a pr\u00e9cis\u00e9 Olivier Princivalle, pr\u00e9sident de la Fnaim Grand Paris, ainsi que l\u2019augmentation de la subvention accord\u00e9e pour mener les travaux de mise aux normes \u00e9nerg\u00e9tiques de ces m\u00eames biens.<\/p>\n<p>T\u00e9lescopage avec la crise du logement<\/p>\n<p>\nLes professionnels s\u2019inqui\u00e8tent d\u2019autant plus que la suspension de MaPrimeR\u00e9nov\u2019 se t\u00e9lescope avec la crise dans le secteur du logement neuf. <strong>En 2024, 9220 logements ont \u00e9t\u00e9 mis en vente en Ile-de-France, soit une baisse de 32% sur un an et de 64% par rapport \u00e0 la moyenne d\u00e9cennale<\/strong>. Si les mises en chantier augmentent tr\u00e8s l\u00e9g\u00e8rement &#8211; de +0,1% \u00e0 fin avril sur un an -, \u00ab ce r\u00e9sultat n\u2019est que la r\u00e9sultante des ventes en bloc sign\u00e9es par <a title=\"\" href=\"https:\/\/www.lemoniteur.fr\/cdc-habitat\/\" rel=\"noopener\" target=\"\" class=\"lien-contextuel\">CDC Habitat<\/a> et Action Logement qui ont acquis une grande partie des op\u00e9rations destin\u00e9es \u00e0 l\u2019accession avec une part de logement social. Il ne s\u2019agit pas d\u2019une reprise \u00bb, a comment\u00e9 Emmanuel Dezellus, chef de file de l\u2019Alliance pour le logement IDF, par ailleurs pr\u00e9sident de Seqens.<\/p>\n<p>Un plan territorialis\u00e9 de relance du logement<\/p>\n<p>\nPour les membres de l\u2019Alliance pour le logement, la relance de la production neuve passe par la mise en \u0153uvre de plusieurs mesures, d\u00e9j\u00e0 formul\u00e9es en novembre dernier, parmi lesquelles la <strong>d\u00e9livrance des permis de construire par les maires d\u00e8s lors qu\u2019ils sont conformes au PLU\/PLUi ; un renfort significatif des tribunaux pour que les recours contentieux soient jug\u00e9s dans les d\u00e9lais l\u00e9gaux ; la simplification des cahiers des charges \u00e9tablis par les EPA<\/strong>\u2026 \u00ab En f\u00e9vrier dernier, la ministre du Logement, Val\u00e9rie L\u00e9tard, a demand\u00e9 un plan territorialis\u00e9 de relance du logement. Il devrait \u00eatre pr\u00e9sent\u00e9 lors du prochain Comit\u00e9 r\u00e9gional de l\u2019habitat et de l\u2019h\u00e9bergement (CRHH), le 25 juin \u00bb, a conclu Emmanuel Dezellus.<\/p>\n<p>\n(1) L\u2019Alliance pour le logement Ile-de-France regroupe l\u2019Union des F\u00e9d\u00e9rations du B\u00e2timent IDF, le P\u00f4le Habitat FFB IDF, l\u2019Aorif, la FPI IDF, la Fnaim Grand Paris, l\u2019UNSFA IDF et l\u2019UNIS IDF<\/p>\n","protected":false},"excerpt":{"rendered":"Pour St\u00e9phane Sajoux, pr\u00e9sident de la FFB Ile-de-France Est, l\u2019argument de la fraude avanc\u00e9 par le gouvernement pour&hellip;\n","protected":false},"author":2,"featured_media":184315,"comment_status":"","ping_status":"","sticky":false,"template":"","format":"standard","meta":{"footnotes":""},"categories":[1592],"tags":[1111,11,1777,674,32230,32231,1011,27,6306,2602,662,24268,12,626,25],"class_list":{"0":"post-184314","1":"post","2":"type-post","3":"status-publish","4":"format-standard","5":"has-post-thumbnail","7":"category-ile-de-france","8":"tag-actu","9":"tag-actualites","10":"tag-eu","11":"tag-europe","12":"tag-ffb","13":"tag-fnaim","14":"tag-fr","15":"tag-france","16":"tag-grand-paris","17":"tag-grand-paris-ile-de-fra","18":"tag-ile-de-france","19":"tag-maprimerenov","20":"tag-news","21":"tag-paris","22":"tag-republique-francaise"},"share_on_mastodon":{"url":"https:\/\/pubeurope.com\/@fr\/114700851811060326","error":""},"_links":{"self":[{"href":"https:\/\/www.europesays.com\/fr\/wp-json\/wp\/v2\/posts\/184314","targetHints":{"allow":["GET"]}}],"collection":[{"href":"https:\/\/www.europesays.com\/fr\/wp-json\/wp\/v2\/posts"}],"about":[{"href":"https:\/\/www.europesays.com\/fr\/wp-json\/wp\/v2\/types\/post"}],"author":[{"embeddable":true,"href":"https:\/\/www.europesays.com\/fr\/wp-json\/wp\/v2\/users\/2"}],"replies":[{"embeddable":true,"href":"https:\/\/www.europesays.com\/fr\/wp-json\/wp\/v2\/comments?post=184314"}],"version-history":[{"count":0,"href":"https:\/\/www.europesays.com\/fr\/wp-json\/wp\/v2\/posts\/184314\/revisions"}],"wp:featuredmedia":[{"embeddable":true,"href":"https:\/\/www.europesays.com\/fr\/wp-json\/wp\/v2\/media\/184315"}],"wp:attachment":[{"href":"https:\/\/www.europesays.com\/fr\/wp-json\/wp\/v2\/media?parent=184314"}],"wp:term":[{"taxonomy":"category","embeddable":true,"href":"https:\/\/www.europesays.com\/fr\/wp-json\/wp\/v2\/categories?post=184314"},{"taxonomy":"post_tag","embeddable":true,"href":"https:\/\/www.europesays.com\/fr\/wp-json\/wp\/v2\/tags?post=184314"}],"curies":[{"name":"wp","href":"https:\/\/api.w.org\/{rel}","templated":true}]}}