{"id":184316,"date":"2025-06-17T21:35:16","date_gmt":"2025-06-17T21:35:16","guid":{"rendered":"https:\/\/www.europesays.com\/fr\/184316\/"},"modified":"2025-06-17T21:35:16","modified_gmt":"2025-06-17T21:35:16","slug":"les-ceremonies-des-jo-de-paris-je-ne-men-suis-pas-completement-remis","status":"publish","type":"post","link":"https:\/\/www.europesays.com\/fr\/184316\/","title":{"rendered":"les c\u00e9r\u00e9monies des JO de Paris, \u00ab\u00a0je ne m\u2019en suis pas compl\u00e8tement remis\u00a0\u00bb"},"content":{"rendered":"<p>Le directeur artistique des c\u00e9r\u00e9monies des Jeux olympiques et paralympiques se r\u00e9jouit que ces spectacles aient \u00e9t\u00e9 per\u00e7us comme un retour de l\u2019esprit fran\u00e7ais \u00e0 l\u2019\u00e9tranger.<\/p>\n<p class=\"fig-paragraph\">Que reste-t-il des\u00a0<a href=\"http:\/\/www.lefigaro.fr\/musique\/une-enorme-prise-de-risque-les-secrets-de-la-ceremonie-d-ouverture-des-jeux-paralympiques-racontes-pour-la-premiere-fois-par-son-createur-alexander-ekman-20240914\" data-fig-type=\"Article\" data-gtm-custom-categorie=\"navigation\" data-gtm-custom-action=\"crossclick\" data-gtm-custom-label=\"Contextuel\" data-gtm-event=\"customEventSPE\" data-fig-domain=\"LEFIGARO\" target=\"_blank\" rel=\"noopener\">c\u00e9r\u00e9monies d\u2019ouverture<\/a>\u00a0et de\u00a0<a href=\"http:\/\/www.lefigaro.fr\/sports\/jeux-olympiques\/les-journaux-francais-et-internationaux-unanimes-saluent-unanimement-la-ceremonie-de-cloture-20240909\" data-fig-type=\"NewsFlash\" data-gtm-custom-categorie=\"navigation\" data-gtm-custom-action=\"crossclick\" data-gtm-custom-label=\"Contextuel\" data-gtm-event=\"customEventSPE\" data-fig-domain=\"LEFIGARO\" target=\"_blank\" rel=\"noopener\">cl\u00f4ture des Jeux olympiques<\/a>\u00a0et paralympiques de Paris\u00a0? Pr\u00e8s d\u2019un an apr\u00e8s la grand-messe,\u00a0<a href=\"http:\/\/www.lefigaro.fr\/culture\/jo-de-paris-dans-les-coulisses-de-l-opera-show-que-thomas-jolly-a-imagine-pour-la-ceremonie-de-cloture-20240809\" data-fig-type=\"Article\" data-gtm-custom-categorie=\"navigation\" data-gtm-custom-action=\"crossclick\" data-gtm-custom-label=\"Contextuel\" data-gtm-event=\"customEventSPE\" data-fig-domain=\"LEFIGARO\" target=\"_blank\" rel=\"noopener\">Thomas Jolly,<\/a>\u00a0directeur artistique des manifestations, est revenu longuement sur son exp\u00e9rience, ce qu\u2019il en a tir\u00e9 \u00e0 titre personnel et comment, selon lui, ces spectacles\u00a0<a href=\"http:\/\/www.lefigaro.fr\/medias\/la-ceremonie-d-ouverture-des-jo-programme-le-plus-regarde-de-toute-l-histoire-de-la-television-francaise-20241229\" data-fig-type=\"NewsFlash\" data-gtm-custom-categorie=\"navigation\" data-gtm-custom-action=\"crossclick\" data-gtm-custom-label=\"Contextuel\" data-gtm-event=\"customEventSPE\" data-fig-domain=\"LEFIGARO\" target=\"_blank\" rel=\"noopener\">diffus\u00e9s dans le monde entier<\/a>\u00a0ont pu changer l\u2019image de la France. \u00ab\u00a0Je ne m\u2019en suis pas encore compl\u00e8tement remis\u00a0\u00bb, confie-t-il dans une interview accord\u00e9e \u00e0 l\u2019AFP.<\/p>\n<p class=\"fig-paragraph\"><strong>Quel h\u00e9ritage laissent les quatre c\u00e9r\u00e9monies des JO, selon vous\u00a0?<\/strong><\/p>\n<p class=\"fig-paragraph\">Elles ont inscrit quelque chose de durable&#8230; Une trace de joie, d&rsquo;unit\u00e9, de fiert\u00e9. Rappelons-nous que la premi\u00e8re c\u00e9r\u00e9monie, le 26 juillet, arrive apr\u00e8s une p\u00e9riode politique\u00a0<a href=\"http:\/\/www.lefigaro.fr\/sports\/jeux-olympiques\/jo-paris-2024-pour-le-president-du-cio-il-n-y-a-pas-d-inquietude-avec-les-elections-en-france-20240614\" data-fig-type=\"NewsFlash\" data-gtm-custom-categorie=\"navigation\" data-gtm-custom-action=\"crossclick\" data-gtm-custom-label=\"Contextuel\" data-gtm-event=\"customEventSPE\" data-fig-domain=\"LEFIGARO\" target=\"_blank\" rel=\"noopener\">assez anxiog\u00e8ne.<\/a>\u00a0Et \u00e0 la rentr\u00e9e, les nouvelles venant de l&rsquo;int\u00e9rieur du pays mais aussi \u00e0 l&rsquo;international ont \u00e9t\u00e9 assez rudes. Donc les c\u00e9r\u00e9monies, et au-del\u00e0 les Jeux, sont certainement comme des lanternes dans une obscurit\u00e9 pas simple \u00e0 vivre au quotidien. Ce moment est aussi un souvenir que nous avons en commun. Ce n&rsquo;est pas si courant, aujourd&rsquo;hui, quand on a tellement de cha\u00eenes, de propositions&#8230; Que tout le monde soit devant le m\u00eame objet, au m\u00eame moment &#8211;\u00a025 millions de personnes en France\u00a0&#8211; \u00e7a cr\u00e9e forc\u00e9ment un lien\u00a0!<\/p>\n<p class=\"fig-paragraph\"><strong>Depuis, vous \u00eates invit\u00e9, notamment \u00e0 l&rsquo;\u00e9tranger, pour \u00e9voquer cette exp\u00e9rience&#8230;<\/strong><\/p>\n<p class=\"fig-paragraph\">Hong Kong, Los Angeles, Austin, Ath\u00e8nes&#8230; Partout o\u00f9 je suis all\u00e9, je constate que la France, \u00e0 travers ces c\u00e9r\u00e9monies, a gagn\u00e9 comme une sorte de retour de son audace, de sa cr\u00e9ativit\u00e9, de \u201cl&rsquo;esprit fran\u00e7ais\u201d. \u00c7a me rend heureux.<\/p>\n<p class=\"fig-paragraph\"><strong>Ces shows ont \u00e9t\u00e9 r\u00e9compens\u00e9s aux Victoires de la musique, \u00e0 la c\u00e9r\u00e9monie des Moli\u00e8re, des prix que vous avez d\u00e9di\u00e9s au spectacle vivant, vous qui \u00eates metteur en sc\u00e8ne de th\u00e9\u00e2tre&#8230;<\/strong><\/p>\n<p class=\"fig-paragraph\">On a vu \u00e0 quel point le spectacle vivant est un outil puissant pour le vivre-ensemble. Il a toujours \u00e9t\u00e9 un outil d&rsquo;\u00e9mancipation depuis l&rsquo;Antiquit\u00e9 et aussi ici en France, avec une politique culturelle qui l&rsquo;a plac\u00e9 comme un des piliers de reconstruction du pays apr\u00e8s la Seconde Guerre mondiale.<\/p>\n<p>    Thomas Jolly en juillet 2024 \u00e0 quelques jours de la c\u00e9r\u00e9monie d\u2019ouverture qui s\u2019est d\u00e9roul\u00e9e sur la Seine.<br \/>\n                JOEL SAGET \/ AFP<\/p>\n<p class=\"fig-paragraph\"><strong>Qu&rsquo;est-ce que ce projet, pr\u00e9par\u00e9 pendant deux ans, vous a appris\u00a0?<\/strong><\/p>\n<p class=\"fig-paragraph\">Je retiens l&rsquo;extraordinaire exp\u00e9rience du soir du 26 juillet o\u00f9, malgr\u00e9 la pluie, 20\u00a0000 \u00eatres humains se sont \u201crecoordonn\u00e9s\u201d en direct, devant trois milliards de personnes, pour que l&rsquo;essentiel de la c\u00e9r\u00e9monie pens\u00e9e, travaill\u00e9e et r\u00e9p\u00e9t\u00e9e soit d\u00e9livr\u00e9. Au moins 90\u00a0% du \u201cplan A\u201d a pu avoir lieu. Cette extraordinaire force collective, c&rsquo;est une immense le\u00e7on. J&rsquo;avais d\u00e9j\u00e0 eu des exp\u00e9riences collectives mais pas \u00e0 ce point-l\u00e0\u00a0! Le soir de la derni\u00e8re c\u00e9r\u00e9monie, Patrick Boucheron (l&rsquo;historien qui, parmi d&rsquo;autres personnalit\u00e9s, a contribu\u00e9 \u00e0 l&rsquo;\u00e9criture des c\u00e9r\u00e9monies, NDLR) m&rsquo;a dit\u00a0: \u201cNous ne nous en remettrons pas\u201d. Je lui ai dit: \u201cC&rsquo;est peut-\u00eatre parce que tu n&rsquo;es pas habitu\u00e9 au spectacle vivant\u201d. Au th\u00e9\u00e2tre, l&rsquo;\u00e9ph\u00e9m\u00e8re, c&rsquo;est ma vie. En fait, il a un peu raison&#8230; Je ne m&rsquo;en suis pas encore compl\u00e8tement remis\u00a0!<\/p>\n<p class=\"fig-paragraph\"><strong>Vous avez eu un projet de spectacle pour le 14 juillet \u00e0 Rouen, qui n&rsquo;a pas vu le jour faute de financements. Cette id\u00e9e est-elle abandonn\u00e9e\u00a0?<\/strong><\/p>\n<p class=\"fig-paragraph\">Je trouvais important de perp\u00e9tuer, au moment de la f\u00eate nationale, ce grand spectacle qui redit les valeurs qui nous rassemblent, en passant dans une ville diff\u00e9rente chaque ann\u00e9e, afin de mettre en lumi\u00e8re la large diversit\u00e9 de ce pays. Une volont\u00e9 de cr\u00e9er une sorte d&rsquo;h\u00e9ritage aux c\u00e9r\u00e9monies. Je persiste \u00e0 croire que c&rsquo;est une belle id\u00e9e. Je vais davantage r\u00e9fl\u00e9chir aux moyens de l&rsquo;ancrer dans le r\u00e9el.<\/p>\n<p class=\"fig-paragraph\"><strong>Vous avez \u00e9t\u00e9 l&rsquo;objet d&rsquo;une campagne de cyberharc\u00e8lement pour un tableau de la c\u00e9r\u00e9monie d&rsquo;ouverture des JO. Sept personnes ont \u00e9t\u00e9 jug\u00e9es, dont quatre ont \u00e9cop\u00e9 de peines allant de deux \u00e0 quatre mois de prison avec sursis. Qu&rsquo;avez-vous pens\u00e9 de cette d\u00e9cision\u00a0?<\/strong><\/p>\n<p class=\"fig-paragraph\">C&rsquo;est un (jugement) qui fait acte, au sens o\u00f9 il redit que, derri\u00e8re un \u00e9cran, on ne peut pas insulter, menacer de mort, discriminer impun\u00e9ment. C&rsquo;est important de le dire pour les jeunes gens victimes de cyberharc\u00e8lement.<\/p>\n<p class=\"fig-paragraph\"><strong>Quels sont vos projets pour la suite\u00a0?<\/strong><\/p>\n<p class=\"fig-paragraph\">Mon m\u00e9tier, c&rsquo;est de raconter des histoires. Le th\u00e9\u00e2tre, d&rsquo;o\u00f9 je viens, j&rsquo;y retournerai, c&rsquo;est certain. J&rsquo;ai aussi envie d&rsquo;explorer d&rsquo;autres territoires narratifs. Donc j&rsquo;\u00e9cris diff\u00e9rentes choses, je d\u00e9veloppe diff\u00e9rents projets qui ne sont pas arr\u00eat\u00e9s \u00e0 ce jour.<\/p>\n<p class=\"fig-paragraph\">Propos recueillis par Karine Perret (AFP)<\/p>\n","protected":false},"excerpt":{"rendered":"Le directeur artistique des c\u00e9r\u00e9monies des Jeux olympiques et paralympiques se r\u00e9jouit que ces spectacles aient \u00e9t\u00e9 per\u00e7us&hellip;\n","protected":false},"author":2,"featured_media":184317,"comment_status":"","ping_status":"","sticky":false,"template":"","format":"standard","meta":{"footnotes":""},"categories":[1888],"tags":[1111,1928,47,11,1927,1350,1348,1345,650,251,1777,674,1349,1346,1011,27,7941,1351,873,12,1926,626,1925,25,252,1347,18228,1352],"class_list":{"0":"post-184316","1":"post","2":"type-post","3":"status-publish","4":"format-standard","5":"has-post-thumbnail","7":"category-paris","8":"tag-actu","9":"tag-actu-paris","10":"tag-actualite","11":"tag-actualites","12":"tag-actualites-paris","13":"tag-architecture","14":"tag-arts","15":"tag-cine","16":"tag-cinema","17":"tag-culture","18":"tag-eu","19":"tag-europe","20":"tag-expositions","21":"tag-films","22":"tag-fr","23":"tag-france","24":"tag-jo-paris-2024","25":"tag-litterature","26":"tag-musique","27":"tag-news","28":"tag-news-paris","29":"tag-paris","30":"tag-paris-news","31":"tag-republique-francaise","32":"tag-television","33":"tag-theatre","34":"tag-thomas-jolly","35":"tag-urbanisme"},"share_on_mastodon":{"url":"https:\/\/pubeurope.com\/@fr\/114700859731704520","error":""},"_links":{"self":[{"href":"https:\/\/www.europesays.com\/fr\/wp-json\/wp\/v2\/posts\/184316","targetHints":{"allow":["GET"]}}],"collection":[{"href":"https:\/\/www.europesays.com\/fr\/wp-json\/wp\/v2\/posts"}],"about":[{"href":"https:\/\/www.europesays.com\/fr\/wp-json\/wp\/v2\/types\/post"}],"author":[{"embeddable":true,"href":"https:\/\/www.europesays.com\/fr\/wp-json\/wp\/v2\/users\/2"}],"replies":[{"embeddable":true,"href":"https:\/\/www.europesays.com\/fr\/wp-json\/wp\/v2\/comments?post=184316"}],"version-history":[{"count":0,"href":"https:\/\/www.europesays.com\/fr\/wp-json\/wp\/v2\/posts\/184316\/revisions"}],"wp:featuredmedia":[{"embeddable":true,"href":"https:\/\/www.europesays.com\/fr\/wp-json\/wp\/v2\/media\/184317"}],"wp:attachment":[{"href":"https:\/\/www.europesays.com\/fr\/wp-json\/wp\/v2\/media?parent=184316"}],"wp:term":[{"taxonomy":"category","embeddable":true,"href":"https:\/\/www.europesays.com\/fr\/wp-json\/wp\/v2\/categories?post=184316"},{"taxonomy":"post_tag","embeddable":true,"href":"https:\/\/www.europesays.com\/fr\/wp-json\/wp\/v2\/tags?post=184316"}],"curies":[{"name":"wp","href":"https:\/\/api.w.org\/{rel}","templated":true}]}}