{"id":184318,"date":"2025-06-17T21:36:18","date_gmt":"2025-06-17T21:36:18","guid":{"rendered":"https:\/\/www.europesays.com\/fr\/184318\/"},"modified":"2025-06-17T21:36:18","modified_gmt":"2025-06-17T21:36:18","slug":"paris-capitale-europeenne-la-plus-mortelle-en-cas-de-canicule","status":"publish","type":"post","link":"https:\/\/www.europesays.com\/fr\/184318\/","title":{"rendered":"Paris, capitale europ\u00e9enne la plus mortelle en cas de canicule"},"content":{"rendered":"<p>Paris et la r\u00e9gion \u00cele-de-France se pr\u00e9parent \u00e0 un \u00e9pisode de canicule : jusqu&rsquo;\u00e0 37\u00b0C sont attendus. La multiplication des \u00e9pisodes de grandes chaleurs et les records de temp\u00e9ratures s&rsquo;observent un peu partout dans le monde, et posent la question de l&rsquo;adaptation, notamment des grandes villes. Paris serait la capitale europ\u00e9enne la plus mortelle en cas d&rsquo;\u00e9pisode caniculaire, selon une \u00e9tude de The Lancet publi\u00e9e en 2023, avec en moyenne 400 d\u00e9c\u00e8s li\u00e9s \u00e0 la chaleur tous les ans. La mairie tente de trouver des mesures sur le long terme.<\/p>\n<p>\u00ab La chaleur tue \u00e0 cause de la configuration urbaine \u00bb et certains publics sont davantage touch\u00e9s, explique Dan Lert, adjoint \u00e0 la maire de<strong> <a href=\"https:\/\/www.rfi.fr\/fr\/tag\/paris\/\" class=\"link \" rel=\"nofollow noopener\" target=\"_blank\" data-ylk=\"slk:Paris;elm:context_link;itc:0;sec:content-canvas\">Paris<\/a><\/strong> en charge de la transition \u00e9cologique, du plan climat, de l\u2019eau et de l\u2019\u00e9nergie.<\/p>\n<p>\u00ab L&rsquo;\u00e9t\u00e9 2022 en \u00cele-de-France, c&rsquo;est une surmortalit\u00e9 augment\u00e9e de 21 % qui affecte en particulier les personnes \u00e2g\u00e9es malheureusement, les enfants et les personnes qui sont des malades chroniques \u00bb, indique-t-il.<\/p>\n<p>Les personnes sans domicile fixe sont aussi touch\u00e9es de plein fouet par les vagues de chaleur. Parmi les mesures pour y faire face : la v\u00e9g\u00e9talisation massive de la ville \u2013 quelque 15 000 arbres ont \u00e9t\u00e9 plant\u00e9s l&rsquo;hiver dernier \u2013, la multiplication d&rsquo;ombrages et des fontaines brumisantes, notamment dans les aires de jeux, ou encore le renforcement du r\u00e9seau de froid urbain pour rafraichir de nombreux b\u00e2timents publics gr\u00e2ce \u00e0 l&rsquo;eau glac\u00e9e.<\/p>\n<p>L&rsquo;isolement thermique restera central dans les prochaines ann\u00e9es alors que Paris s&rsquo;est d\u00e9j\u00e0 r\u00e9chauff\u00e9e de 2,3\u00b0C par rapport \u00e0 l&rsquo;\u00e8re pr\u00e9-industrielle, selon M\u00e9t\u00e9o France.<\/p>\n<p><a href=\"https:\/\/www.rfi.fr\/fr\/environnement\/20250617-changement-climatique-paris-capitale-europ%C3%A9enne-la-plus-mortelle-en-cas-de-canicule\" rel=\"nofollow noopener\" target=\"_blank\" data-ylk=\"slk:Lire la suite sur RFI;elm:context_link;itc:0;sec:content-canvas\" class=\"link \">Lire la suite sur RFI<\/a><\/p>\n","protected":false},"excerpt":{"rendered":"Paris et la r\u00e9gion \u00cele-de-France se pr\u00e9parent \u00e0 un \u00e9pisode de canicule : jusqu&rsquo;\u00e0 37\u00b0C sont attendus. La&hellip;\n","protected":false},"author":2,"featured_media":184319,"comment_status":"","ping_status":"","sticky":false,"template":"","format":"standard","meta":{"footnotes":""},"categories":[1888],"tags":[1111,1928,11,1927,15519,1777,674,1011,27,12,1926,626,1925,12227,25],"class_list":{"0":"post-184318","1":"post","2":"type-post","3":"status-publish","4":"format-standard","5":"has-post-thumbnail","7":"category-paris","8":"tag-actu","9":"tag-actu-paris","10":"tag-actualites","11":"tag-actualites-paris","12":"tag-capitale-europeenne","13":"tag-eu","14":"tag-europe","15":"tag-fr","16":"tag-france","17":"tag-news","18":"tag-news-paris","19":"tag-paris","20":"tag-paris-news","21":"tag-region-ile-de-france","22":"tag-republique-francaise"},"share_on_mastodon":{"url":"https:\/\/pubeurope.com\/@fr\/114700863641366599","error":""},"_links":{"self":[{"href":"https:\/\/www.europesays.com\/fr\/wp-json\/wp\/v2\/posts\/184318","targetHints":{"allow":["GET"]}}],"collection":[{"href":"https:\/\/www.europesays.com\/fr\/wp-json\/wp\/v2\/posts"}],"about":[{"href":"https:\/\/www.europesays.com\/fr\/wp-json\/wp\/v2\/types\/post"}],"author":[{"embeddable":true,"href":"https:\/\/www.europesays.com\/fr\/wp-json\/wp\/v2\/users\/2"}],"replies":[{"embeddable":true,"href":"https:\/\/www.europesays.com\/fr\/wp-json\/wp\/v2\/comments?post=184318"}],"version-history":[{"count":0,"href":"https:\/\/www.europesays.com\/fr\/wp-json\/wp\/v2\/posts\/184318\/revisions"}],"wp:featuredmedia":[{"embeddable":true,"href":"https:\/\/www.europesays.com\/fr\/wp-json\/wp\/v2\/media\/184319"}],"wp:attachment":[{"href":"https:\/\/www.europesays.com\/fr\/wp-json\/wp\/v2\/media?parent=184318"}],"wp:term":[{"taxonomy":"category","embeddable":true,"href":"https:\/\/www.europesays.com\/fr\/wp-json\/wp\/v2\/categories?post=184318"},{"taxonomy":"post_tag","embeddable":true,"href":"https:\/\/www.europesays.com\/fr\/wp-json\/wp\/v2\/tags?post=184318"}],"curies":[{"name":"wp","href":"https:\/\/api.w.org\/{rel}","templated":true}]}}