{"id":184320,"date":"2025-06-17T21:37:14","date_gmt":"2025-06-17T21:37:14","guid":{"rendered":"https:\/\/www.europesays.com\/fr\/184320\/"},"modified":"2025-06-17T21:37:14","modified_gmt":"2025-06-17T21:37:14","slug":"maxime-frederic-elu-chef-patissier-le-plus-creatif-du-monde","status":"publish","type":"post","link":"https:\/\/www.europesays.com\/fr\/184320\/","title":{"rendered":"Maxime Fr\u00e9d\u00e9ric \u00e9lu chef p\u00e2tissier le plus cr\u00e9atif du monde"},"content":{"rendered":"<p>\t\t\t\t\t\t\t<img loading=\"lazy\" decoding=\"async\" src=\"https:\/\/www.europesays.com\/fr\/wp-content\/uploads\/2025\/06\/4-4-1024x683.jpg\" class=\"img-fluid\" alt=\"La Liste 2025 Prix sp\u00e9cial P\u00e2tisserie\" width=\"1024\" height=\"683\"\/><\/p>\n<p>L\u2019an dernier, le guide culinaire \u00ab La Liste \u00bb d\u00e9cernait \u00e0 cette p\u00e2tisserie parisienne le titre prestigieux de <a href=\"https:\/\/parissecret.com\/meilleure-patisserie-du-monde-paris\/\" rel=\"noopener noreferrer\" target=\"_self\" class=\"shortcode-outbound-link\" data-has-ga=\"true\" data-ga-type=\"click\" data-label=\"https:\/\/parissecret.com\/meilleure-patisserie-du-monde-paris\/\" data-action=\"text_cta_0\" data-category=\"click_internal\"><strong>\u00ab meilleure p\u00e2tisserie du monde \u00bb<\/strong><\/a>. Oui, la meilleure p\u00e2tisserie du monde est \u00e0 Paris, et elle vient tout juste d\u2019ouvrir <a href=\"https:\/\/parissecret.com\/meilleure-patisserie-du-monde-ritz-paris-le-comptoir-sevres\/\" rel=\"noopener noreferrer\" target=\"_self\" class=\"shortcode-outbound-link\" data-has-ga=\"true\" data-ga-type=\"click\" data-label=\"https:\/\/parissecret.com\/meilleure-patisserie-du-monde-ritz-paris-le-comptoir-sevres\/\" data-action=\"text_cta_1\" data-category=\"click_internal\"><strong>une deuxi\u00e8me boutique<\/strong><\/a>. Et pour son palmar\u00e8s 2025, l\u2019incontournable \u00ab La Liste \u00bb vient de sacrer ce Chef parisien de renom \u00ab Chef p\u00e2tissier le plus cr\u00e9atif du monde \u00bb. L\u2019avez-vous reconnu ?<\/p>\n<p> <strong>La Liste 2025 : ce chef parisien \u00e9lu chef p\u00e2tissier le plus cr\u00e9atif du monde !<\/strong> <img fetchpriority=\"high\" decoding=\"async\" class=\"aligncenter size-large wp-image-182512\" src=\"https:\/\/www.europesays.com\/fr\/wp-content\/uploads\/2025\/06\/6-2-1024x683.jpg\" alt=\"meilleur chef p\u00e2tissier du monde Paris prix cr\u00e9ativit\u00e9 La Liste 2025\" width=\"1024\" height=\"683\"  \/> <\/p>\n<p>Les fins gourmets connaissent sans aucun doute <strong>La Liste<\/strong>, le guide digital gastronomique de r\u00e9f\u00e9rence. Chaque ann\u00e9e, ce c\u00e9l\u00e8bre classement r\u00e9pertorie les meilleurs restaurants, h\u00f4tels et p\u00e2tisseries du monde avec un palmar\u00e8s prestigieux. Justement, <strong>ce lundi 16 juin<\/strong> au soir, La Liste a distribu\u00e9 ses <strong>Prix Sp\u00e9ciaux P\u00e2tisserie 2025<\/strong>. Boulangeries, p\u00e2tisseries, coffee shops, salons de th\u00e9, restaurants de desserts\u2026 Au total, 36 laur\u00e9ats de 18 pays ont \u00e9t\u00e9 r\u00e9compens\u00e9s, dans les 11 cat\u00e9gories de Prix Sp\u00e9ciaux. Et parmi les meilleurs p\u00e2tissiers du monde 2025, <strong>un chef parisien tire brillamment son \u00e9pingle du jeu\u2026<\/strong><\/p>\n<p> <strong>Une cons\u00e9cration pour Maxime Fr\u00e9d\u00e9ric \u2013 Et voici 3 adresses parisiennes o\u00f9 vous pouvez go\u00fbtez \u00e0 ses incroyables p\u00e2tisseries <\/strong> <\/p>\n<p><img loading=\"lazy\" decoding=\"async\" class=\"aligncenter size-large wp-image-182513\" src=\"https:\/\/www.europesays.com\/fr\/wp-content\/uploads\/2025\/06\/5-5-1024x683.jpg\" alt=\"La Liste 2025 p\u00e2tisserie Maxime Fr\u00e9d\u00e9ric\" width=\"1024\" height=\"683\"  \/><\/p>\n<p>Ce lundi 16 juin, La Liste a d\u00e9cern\u00e9 au <strong>Chef Maxime Fr\u00e9d\u00e9ric<\/strong> le Prix du <strong>Chef p\u00e2tissier le plus cr\u00e9atif du monde.<\/strong> L\u2019objectif de cette distinction sp\u00e9ciale : r\u00e9compenser le chef p\u00e2tissier \u00ab dont la cr\u00e9ativit\u00e9 est insatiable et qui pousse sans cesse les limites techniques et artistiques de ses cr\u00e9ations \u00bb. Et il faut dire que cette r\u00e9compense est amplement m\u00e9rit\u00e9e.<strong> D\u00e9j\u00e0 sacr\u00e9 \u00ab P\u00e2tissier de l\u2019ann\u00e9e 2022 \u00bb par le guide Gault&amp;Millau<\/strong>, Maxime Fr\u00e9d\u00e9ric s\u2019impose comme l\u2019un des plus grands talents de sa g\u00e9n\u00e9ration. Vous avez envie de go\u00fbter \u00e0 ses cr\u00e9ations ? Pour cela, plusieurs options s\u2019offrent \u00e0 vous, chers becs sucr\u00e9s. Premier arr\u00eat : l\u2019h\u00f4tel de luxe parisien<strong> Cheval Blanc<\/strong>, o\u00f9 Maxime Fr\u00e9d\u00e9ric officie en tant que chef p\u00e2tissier. Autres adresses incontournables : sa propre p\u00e2tisserie <strong>PleinCoeur<\/strong> et le caf\u00e9 parisien <strong>Louis Vuitton<\/strong>, o\u00f9 nous avons d\u2019ailleurs eu l\u2019occasion de <a href=\"https:\/\/parissecret.com\/cafe-louis-vuitton-paris\/\" rel=\"noopener noreferrer\" target=\"_self\" class=\"shortcode-outbound-link\" data-has-ga=\"true\" data-ga-type=\"click\" data-label=\"https:\/\/parissecret.com\/cafe-louis-vuitton-paris\/\" data-action=\"text_cta_2\" data-category=\"click_internal\"><strong>go\u00fbter \u00e0 ses p\u00e2tisseries<\/strong><\/a> Signature.<\/p>\n<p>Alors, pr\u00eats \u00e0 savourer ces desserts et entremets alliant \u00e0 merveille ma\u00eetrise technique et esth\u00e9tique exceptionnelle ?<\/p>\n","protected":false},"excerpt":{"rendered":"L\u2019an dernier, le guide culinaire \u00ab La Liste \u00bb d\u00e9cernait \u00e0 cette p\u00e2tisserie parisienne le titre prestigieux de&hellip;\n","protected":false},"author":2,"featured_media":184321,"comment_status":"","ping_status":"","sticky":false,"template":"","format":"standard","meta":{"footnotes":""},"categories":[1888],"tags":[11,17174,1777,674,32032,1011,27,32232,12,626,25,25868],"class_list":{"0":"post-184320","1":"post","2":"type-post","3":"status-publish","4":"format-standard","5":"has-post-thumbnail","7":"category-paris","8":"tag-actualites","9":"tag-cuisine-francaise","10":"tag-eu","11":"tag-europe","12":"tag-food-porn","13":"tag-fr","14":"tag-france","15":"tag-gateaux","16":"tag-news","17":"tag-paris","18":"tag-republique-francaise","19":"tag-sucreries"},"share_on_mastodon":{"url":"https:\/\/pubeurope.com\/@fr\/114700867732297481","error":""},"_links":{"self":[{"href":"https:\/\/www.europesays.com\/fr\/wp-json\/wp\/v2\/posts\/184320","targetHints":{"allow":["GET"]}}],"collection":[{"href":"https:\/\/www.europesays.com\/fr\/wp-json\/wp\/v2\/posts"}],"about":[{"href":"https:\/\/www.europesays.com\/fr\/wp-json\/wp\/v2\/types\/post"}],"author":[{"embeddable":true,"href":"https:\/\/www.europesays.com\/fr\/wp-json\/wp\/v2\/users\/2"}],"replies":[{"embeddable":true,"href":"https:\/\/www.europesays.com\/fr\/wp-json\/wp\/v2\/comments?post=184320"}],"version-history":[{"count":0,"href":"https:\/\/www.europesays.com\/fr\/wp-json\/wp\/v2\/posts\/184320\/revisions"}],"wp:featuredmedia":[{"embeddable":true,"href":"https:\/\/www.europesays.com\/fr\/wp-json\/wp\/v2\/media\/184321"}],"wp:attachment":[{"href":"https:\/\/www.europesays.com\/fr\/wp-json\/wp\/v2\/media?parent=184320"}],"wp:term":[{"taxonomy":"category","embeddable":true,"href":"https:\/\/www.europesays.com\/fr\/wp-json\/wp\/v2\/categories?post=184320"},{"taxonomy":"post_tag","embeddable":true,"href":"https:\/\/www.europesays.com\/fr\/wp-json\/wp\/v2\/tags?post=184320"}],"curies":[{"name":"wp","href":"https:\/\/api.w.org\/{rel}","templated":true}]}}