{"id":184322,"date":"2025-06-17T21:38:13","date_gmt":"2025-06-17T21:38:13","guid":{"rendered":"https:\/\/www.europesays.com\/fr\/184322\/"},"modified":"2025-06-17T21:38:13","modified_gmt":"2025-06-17T21:38:13","slug":"paris-ecrase-monaco-et-se-rapproche-du-titre","status":"publish","type":"post","link":"https:\/\/www.europesays.com\/fr\/184322\/","title":{"rendered":"Paris \u00e9crase Monaco et se rapproche du titre"},"content":{"rendered":"<p>Paris Basketball &#8211; Monaco<\/p>\n<p>92-67<\/p>\n<p>Rarement Monaco n&rsquo;a sembl\u00e9 \u00eatre autant en souffrance que depuis le d\u00e9but des finales d&rsquo;\u00c9lite. Le Paris Basketball n&rsquo;est plus qu&rsquo;\u00e0 une victoire du premier titre de champion de France de son histoire apr\u00e8s avoir creus\u00e9 l&rsquo;\u00e9cart (2-0) mardi \u00e0 domicile contre le club de la Principaut\u00e9, tenant du titre humili\u00e9 (92-67) et dos au mur.<\/p>\n<p>L&rsquo;ASM devra retrouver des couleurs d\u00e8s vendredi sous peine d&rsquo;abandonner sa double couronne de roi de France sur un sweep (aucune victoire) et de signer une saison blanche, quand bien m\u00eame marqu\u00e9e par une finale d&rsquo;Euroligue.<\/p>\n<p>Une derni\u00e8re danse r\u00e9ussie pour TJ Shorts<\/p>\n<p>Les Mon\u00e9gasques en sont-ils capables ? La marche semble tr\u00e8s haute apr\u00e8s les deux premiers matches \u00e0 l&rsquo;Arena Porte de la Chapelle (d\u00e9faite 94-82 dimanche), qui tranchent avec les deux le\u00e7ons inflig\u00e9es ici-m\u00eame aux Parisiens l&rsquo;an pass\u00e9 en finale (+29 et +39). Surtout, en l&rsquo;absence de leur meilleur marqueur et ma\u00eetre \u00e0 jouer, Mike James (\u00e9cart\u00e9), et de leur principale menace et arme de dissuasion \u00e0 l&rsquo;int\u00e9rieur, Daniel Theis (bless\u00e9).<\/p>\n<p>Paris avance lui vent dans le dos, port\u00e9 le souffle d&rsquo;une derni\u00e8re danse en commun avant le d\u00e9part de l&rsquo;entra\u00eeneur Tiago Splitter et de nombreux cadres, dont TJ Shorts. Le meneur am\u00e9ricain, futur joueur du Panathina\u00efkos, a livr\u00e9 une nouvelle prestation \u00e9poustouflante (28 pts et 5 passes d\u00e9cisives) dans la lign\u00e9e de ses play-offs.<\/p>\n<p>\u00ab MVP, MVP, MVP \u00bb a d&rsquo;ailleurs scand\u00e9 \u00e0 plusieurs reprises le public parisien \u00e0 son adresse, dont apr\u00e8s une s\u00e9rie de trois lancers-francs qui ont permis \u00e0 Paris de passer les 30 points d&rsquo;avance (76-45, 32e). C&rsquo;est lui, avec son comp\u00e8re de la base arri\u00e8re <a href=\"https:\/\/www.ledauphine.com\/p\/nadir-hifi\" target=\"_blank\" rel=\"nofollow noopener\">Nadir Hifi<\/a> (10 pts \u00e0 2\/5 \u00e0 3 pts), qui bien avant avait plant\u00e9 le premier coup de poignard \u00e0 la \u201cRoca Team\u201d, un 10-0 pour prendre les devants (20-13) au bout d&rsquo;un premier quart-temps \u00e9lectrique. Marqu\u00e9 par un accrochage au sol entre Mam Jaiteh et <a href=\"https:\/\/www.ledauphine.com\/p\/leopold-cavaliere\" target=\"_blank\" rel=\"nofollow noopener\">L\u00e9opold Cavali\u00e8re<\/a>, pouss\u00e9 dans le dos par Jaron Blossomgame venu aider son \u00e9quipier.<\/p>\n<p>Des Mon\u00e9gasques bien en-de\u00e7a de leurs standards habituels<\/p>\n<p>Monaco semblait pr\u00eat \u00e0 r\u00e9pondre coup pour coup \u00e0 Paris, mais n&rsquo;a ensuite quasiment plus exist\u00e9 (41-28 \u00e0 la mi-temps, 70-45 \u00e0 la fin du troisi\u00e8me quart-temps), domin\u00e9 de la t\u00eate et des \u00e9paules par la vitesse et l&rsquo;intensit\u00e9 des Parisiens, dans tous les secteurs de jeu, notamment au rebond (47 \u00e0 29 pour Paris) et dans l&rsquo;adresse (25\/64 pour Monaco).<\/p>\n<p>Le club de la capitale a notamment noy\u00e9 celui du Rocher sous une pluie de tirs \u00e0 trois points en fin de troisi\u00e8me quart-temps, dont deux cons\u00e9cutifs de Yakuba Ouattara, l&rsquo;ancien capitaine mon\u00e9gasque pass\u00e9 l&rsquo;\u00e9t\u00e9 dernier dans la capitale. <br \/>L&rsquo;ailier (11 pts \u00e0 3\/5 \u00e0 3 pts) et les Parisiens terminent \u00e0 42% de r\u00e9ussite derri\u00e8re l&rsquo;arc (15\/36) et avec la sensation que pas grand chose ne peut leur arriver dans cette finale, jusqu&rsquo;ici.<\/p>\n<p>Il est \u00e0 souhaiter pour les Mon\u00e9gasques et le suspense de cette finale que l&rsquo;air de la M\u00e9diterran\u00e9e leur redonne des ailes.<\/p>\n","protected":false},"excerpt":{"rendered":"Paris Basketball &#8211; Monaco 92-67 Rarement Monaco n&rsquo;a sembl\u00e9 \u00eatre autant en souffrance que depuis le d\u00e9but des&hellip;\n","protected":false},"author":2,"featured_media":184323,"comment_status":"","ping_status":"","sticky":false,"template":"","format":"standard","meta":{"footnotes":""},"categories":[1888],"tags":[11,1791,1777,674,107,1011,27,12,626,25,517,1947],"class_list":{"0":"post-184322","1":"post","2":"type-post","3":"status-publish","4":"format-standard","5":"has-post-thumbnail","7":"category-paris","8":"tag-actualites","9":"tag-basket-ball","10":"tag-eu","11":"tag-europe","12":"tag-fil-info","13":"tag-fr","14":"tag-france","15":"tag-news","16":"tag-paris","17":"tag-republique-francaise","18":"tag-sport","19":"tag-sport-national"},"share_on_mastodon":{"url":"https:\/\/pubeurope.com\/@fr\/114700871488442702","error":""},"_links":{"self":[{"href":"https:\/\/www.europesays.com\/fr\/wp-json\/wp\/v2\/posts\/184322","targetHints":{"allow":["GET"]}}],"collection":[{"href":"https:\/\/www.europesays.com\/fr\/wp-json\/wp\/v2\/posts"}],"about":[{"href":"https:\/\/www.europesays.com\/fr\/wp-json\/wp\/v2\/types\/post"}],"author":[{"embeddable":true,"href":"https:\/\/www.europesays.com\/fr\/wp-json\/wp\/v2\/users\/2"}],"replies":[{"embeddable":true,"href":"https:\/\/www.europesays.com\/fr\/wp-json\/wp\/v2\/comments?post=184322"}],"version-history":[{"count":0,"href":"https:\/\/www.europesays.com\/fr\/wp-json\/wp\/v2\/posts\/184322\/revisions"}],"wp:featuredmedia":[{"embeddable":true,"href":"https:\/\/www.europesays.com\/fr\/wp-json\/wp\/v2\/media\/184323"}],"wp:attachment":[{"href":"https:\/\/www.europesays.com\/fr\/wp-json\/wp\/v2\/media?parent=184322"}],"wp:term":[{"taxonomy":"category","embeddable":true,"href":"https:\/\/www.europesays.com\/fr\/wp-json\/wp\/v2\/categories?post=184322"},{"taxonomy":"post_tag","embeddable":true,"href":"https:\/\/www.europesays.com\/fr\/wp-json\/wp\/v2\/tags?post=184322"}],"curies":[{"name":"wp","href":"https:\/\/api.w.org\/{rel}","templated":true}]}}