{"id":184341,"date":"2025-06-17T21:49:10","date_gmt":"2025-06-17T21:49:10","guid":{"rendered":"https:\/\/www.europesays.com\/fr\/184341\/"},"modified":"2025-06-17T21:49:10","modified_gmt":"2025-06-17T21:49:10","slug":"thomas-detry-jaurais-pu-finir-dans-le-top-10-a-lus-open","status":"publish","type":"post","link":"https:\/\/www.europesays.com\/fr\/184341\/","title":{"rendered":"Thomas Detry\u00a0: \u00ab\u00a0J&rsquo;aurais pu finir dans le top 10 \u00e0 l&rsquo;US Open\u00a0\u00bb"},"content":{"rendered":"<p class=\"ap-StoryElement ap-StoryElement--mb js-paywall-target ap-StoryText\"><b>Quel est votre sentiment global au moment de tourner la page de cet US Open ?<\/b><\/p>\n<p class=\"ap-StoryElement ap-StoryElement--mb ap-StoryText\">\u00ab\u00a0Je garde un go\u00fbt amer de la semaine car je l&rsquo;ai mal termin\u00e9e. J&rsquo;ai achev\u00e9 dimanche avec trois bogeys sur les quatre derniers trous. J&rsquo;aurais pu rendre la m\u00eame carte de 73 en finissant avec trois birdies. Mon sentiment aurait \u00e9t\u00e9 tout autre. Dans l&rsquo;ensemble, ma semaine a \u00e9t\u00e9 positive. Si on m&rsquo;avait dit que je ferais un top 25 ici, j&rsquo;aurais sign\u00e9. En plus, je restais sur deux Majeurs (Masters et PGA Championship) d\u00e9cevants o\u00f9 je n&rsquo;avais pas franchi le cut.\u00a0\u00bb<\/p>\n<p class=\"ap-StoryElement ap-StoryElement--mb ap-StoryText\"><b>Quel regard portez-vous sur votre jeu ?<\/b><\/p>\n<p class=\"ap-StoryElement ap-StoryElement--mb ap-StoryText\">\u00ab\u00a0Mon drive a \u00e9t\u00e9 nettement plus positif. Mon long jeu \u00e9tait l\u00e0. Le putting, c&rsquo;est une autre histoire. Le parcours \u00e9tait diabolique.\u00a0\u00bb<\/p>\n<blockquote class=\"ap-StoryQuote ap-StoryQuote--pullquote\"><p>guillement<\/p>\n<p class=\"ap-StoryQuote-text\">Si nous devions jouer chaque semaine sur ce type de parcours, nous serions fracass\u00e9s.<\/p>\n<\/blockquote>\n<p class=\"ap-StoryElement ap-StoryElement--mb ap-StoryText\"><b>L&rsquo;US Open a choisi le parcours le plus dur au monde. Affronter un tel monstre a-t-il tendance \u00e0 vous effrayer ou \u00e0 vous exciter ?<\/b><\/p>\n<p class=\"ap-StoryElement ap-StoryElement--mb ap-StoryText\">\u00ab\u00a0Les responsables veulent que le gagnant soit au-dessus du par. Ils rendent le parcours tr\u00e8s compliqu\u00e9 pour nous pousser \u00e0 l&rsquo;erreur. Par exemple, les greens ne sont pas arros\u00e9s. Ils sont tr\u00e8s durs. La balle file. La longueur est extr\u00eame. Si nous devions jouer chaque semaine sur ce type de parcours, nous serions fracass\u00e9s. J&rsquo;avoue que j&rsquo;aime ce type de d\u00e9fi de temps en temps. J&rsquo;ai h\u00e2te de revenir la saison prochaine m\u00eame si le challenge est brutal.\u00a0\u00bb<\/p>\n<p class=\"ap-StoryElement ap-StoryElement--mb ap-StoryText\"><b>La m\u00e9t\u00e9o a compl\u00e9t\u00e9 ce d\u00e9cor apocalyptique\u2026<\/b><\/p>\n<p class=\"ap-StoryElement ap-StoryElement--mb ap-StoryText\">\u00ab\u00a0Le temps a \u00e9t\u00e9 correct en r\u00e9alit\u00e9. Il n&rsquo;y avait quasi-pas de vent de la semaine. Il avait plu en d\u00e9but de semaine pour ramollir les greens. La m\u00e9t\u00e9o a \u00e9t\u00e9 bonne. Hier, j&rsquo;\u00e9tais sur le 18 quand nous avons vu la pluie arriver. Quand le jeu doit s&rsquo;arr\u00eater, une sir\u00e8ne retentit. Avec Brooks Koepka, nous avons couru sur le fairway 18 pour boucler juste avant la pluie.\u00a0\u00bb<\/p>\n<p class=\"ap-StoryElement ap-StoryElement--mb ap-StoryText\"><b>J. J. Spaun a d\u00fb patienter ce qui l&rsquo;a aid\u00e9 \u00e0 remporter son premier Majeur. Connaissez-vous bien l&rsquo;Am\u00e9ricain ?<\/b><\/p>\n<p class=\"ap-StoryElement ap-StoryElement--mb ap-StoryText\">\u00ab\u00a0Je ne le connais pas personnellement. Il a deux filles comme moi. Je le vois chaque semaine. L&rsquo;an pass\u00e9, il avait dit en conf\u00e9rence de presse qu&rsquo;il avait v\u00e9cu une tr\u00e8s mauvaise saison. En 2025, son parcours est incroyable. Son jeu est tr\u00e8s bon.\u00a0\u00bb<\/p>\n<p class=\"ap-StoryElement ap-StoryElement--mb ap-StoryText\"><b>Revenons \u00e0 vous. Cette 23e place efface-t-elle les deux d\u00e9ceptions d&rsquo;Augusta et de Quail Hollow ?<\/b><\/p>\n<p class=\"ap-StoryElement ap-StoryElement--mb ap-StoryText\">\u00ab\u00a0Non, il ne faut pas r\u00e9fl\u00e9chir ainsi. On oublie le pass\u00e9 pour mieux avancer. J&rsquo;ai longtemps v\u00e9cu avec l&rsquo;obsession de remporter un tournoi sur le PGA. <a href=\"https:\/\/www.lalibre.be\/sports\/golf\/2025\/02\/09\/pga-phoenix-thomas-detry-signe-le-plus-grand-exploit-de-lhistoire-du-golf-belge-EQ6SS5RZPFDILP7RD5HQJBLUPE\/\" target=\"_blank\" rel=\"nofollow noopener\">J&rsquo;ai rempli ce r\u00eave d&rsquo;une carri\u00e8re en f\u00e9vrier \u00e0 Phoenix<\/a>. Puis, j&rsquo;ai ressenti un vide. Je me suis demand\u00e9 ce que je devais faire. J&rsquo;avais juste envie de retourner chez moi.\u00a0\u00bb<\/p>\n<p class=\"ap-StoryElement ap-StoryElement--mb ap-StoryText\"><b>Avez-vous travers\u00e9 ce que les sportifs de haut niveau appellent le petit deuil ?<\/b><\/p>\n<p class=\"ap-StoryElement ap-StoryElement--mb ap-StoryText\">\u00ab\u00a0Je n&rsquo;irais pas jusque-l\u00e0. Mais, apr\u00e8s Phoenix, je n&rsquo;avais plus d&rsquo;objectif. Bien s\u00fbr, j&rsquo;aimerais remporter un jour un Majeur. Je veux gagner d&rsquo;autres tournois et am\u00e9liorer mon classement. Mais, apr\u00e8s Phoenix, je me retrouvais dans le top 20 mondial. J&rsquo;avais accompli mon r\u00eave. Alors, pourquoi devais-je continuer \u00e0 jouer au golf ? Je n&rsquo;avais plus envie. J&rsquo;avais besoin d&rsquo;un break. Le PGA ne laisse pas de place pour une pause. Je n&rsquo;ai pas eu le sentiment de pouvoir profiter de cette victoire.\u00a0\u00bb<\/p>\n<p class=\"ap-StoryElement ap-StoryElement--mb ap-StoryText\"><b>Aujourd&rsquo;hui, comment g\u00e9rez-vous ce tsunami d&rsquo;\u00e9motions ?<\/b><\/p>\n<p class=\"ap-StoryElement ap-StoryElement--mb ap-StoryText\">\u00ab\u00a0Si vous me l&rsquo;aviez demand\u00e9 il y a deux mois, je vous aurais dit que je voulais juste rester \u00e0 la maison et ne plus rien faire. L\u00e0, je me sens d&rsquo;attaque pour entamer une quatri\u00e8me semaine de comp\u00e9tition de suite. J&rsquo;ai retrouv\u00e9 mon panache. Je vis une saison positive. Je suis top 25 \u00e0 la Fedex Cup. Je suis top 30 mondial. Je ne veux pas non plus dramatiser \u00e0 cause de quelques semaines d\u00e9licates et d&rsquo;un finish \u00e0 l&rsquo;US Open d\u00e9cevant.\u00a0\u00bb<\/p>\n<p><a href=\"https:\/\/www.lalibre.be\/sports\/golf\/2025\/05\/15\/pga-championship-voici-pourquoi-thomas-detry-doit-sinspirer-de-lamine-yamal-BISOJMD6GRE6NPJFWTDLMSOJHU\/\" target=\"_blank\" rel=\"noopener noreferrer nofollow\" class=\"ap-StoryInterstitialLink ap-StoryElement ap-StoryElement--mb\">Voici pourquoi Thomas Detry doit s&rsquo;inspirer de Lamine Yamal<\/a><\/p>\n<p class=\"ap-StoryElement ap-StoryElement--mb ap-StoryText\"><b>Comment emmenez-vous avec vous les le\u00e7ons positives de l&rsquo;US Open ?<\/b><\/p>\n<p class=\"ap-StoryElement ap-StoryElement--mb ap-StoryText\">\u00ab\u00a0Je regarde beaucoup les stats en fin de tournoi. Ces derni\u00e8res semaines, mon driving me mettait dans le dur. Ici, il vaut un top 10. C&rsquo;est tr\u00e8s positif. Mon putting \u00e9tait moins bon, mais il est facile \u00e0 corriger. Je dois bosser ma vitesse et ma visualisation. Je sais ce que je dois faire. Je ne suis pas perdu. Je dirais m\u00eame que cette 23e place est le pire r\u00e9sultat que je pouvais obtenir vu mon jeu. J&rsquo;aurais pu finir dans le top 10 ou 15.\u00a0\u00bb<\/p>\n<blockquote class=\"ap-StoryQuote ap-StoryQuote--pullquote\"><p>guillement<\/p>\n<p class=\"ap-StoryQuote-text\">J&rsquo;aurais pr\u00e9f\u00e9r\u00e9 finir dans le top 10 pour augmenter mes chances d&rsquo;\u00eatre le troisi\u00e8me belge repris en Ryder Cup.<\/p>\n<\/blockquote>\n<p class=\"ap-StoryElement ap-StoryElement--mb ap-StoryText\"><b>Gardez-vous en t\u00eate que la s\u00e9lection pour la Ryder Cup se joue souvent en juin et en juillet ?<\/b><\/p>\n<p class=\"ap-StoryElement ap-StoryElement--mb ap-StoryText\">\u00ab\u00a0Je n&rsquo;y pense pas tout le temps. Je sais qu&rsquo;il est important de se montrer aupr\u00e8s de Luke Donald maintenant. Il ne sert \u00e0 rien de gagner trois tournois en d\u00e9but de saison si tu disparais ensuite. J&rsquo;aurais pr\u00e9f\u00e9r\u00e9 finir dans le top 10 pour augmenter mes chances d&rsquo;\u00eatre le troisi\u00e8me Belge repris en Ryder Cup. Si je continue \u00e0 bien jouer, j&rsquo;aurai de bonnes chances.\u00a0\u00bb<\/p>\n<p class=\"ap-StoryElement ap-StoryElement--mb ap-StoryText\"><b>Avez-vous des \u00e9changes avec le capitaine Luke Donald ?<\/b><\/p>\n<p class=\"ap-StoryElement ap-StoryElement--mb ap-StoryText\">\u00ab\u00a0Il est pr\u00e9sent \u00e0 certains tournois. Il partage quelques d\u00eeners avec des candidats. Il sera certainement l\u00e0 en \u00c9cosse pour le British Open dans un mois. Il regarde tout.\u00a0\u00bb<\/p>\n<p class=\"ap-StoryElement ap-StoryElement--mb ap-StoryText\"><b>Avez-vous le sentiment d&rsquo;arriver \u00e0 maturit\u00e9 \u00e0 32 ans ?<\/b><\/p>\n<p class=\"ap-StoryElement ap-StoryElement--mb ap-StoryText\">\u00ab\u00a0J&rsquo;ai encore des progr\u00e8s \u00e0 r\u00e9aliser. Si on regarde mon plan de carri\u00e8re, mon \u00e9volution est constante. Il y a quatre ou cinq ans, je suis entr\u00e9 dans le top 100. Puis, j&rsquo;ai grimp\u00e9 80, puis 75, puis 50. Aujourd&rsquo;hui, je suis mont\u00e9 dans le top 30. Ma progression n&rsquo;a jamais \u00e9t\u00e9 explosive. J&rsquo;avance de mani\u00e8re lin\u00e9aire. La fin de mon parcours est encore tr\u00e8s loin. Je n&rsquo;y songe pas du tout.\u00a0\u00bb<\/p>\n<p class=\"ap-StoryElement ap-StoryElement--mb ap-StoryText\"><b>Quel est votre programme pour l&rsquo;\u00e9t\u00e9 ?<\/b><\/p>\n<p class=\"ap-StoryElement ap-StoryElement--mb ap-StoryText\">\u00ab\u00a0L\u00e0, je termine avec le Travelers Championship. Ce &lsquo;signature event&rsquo; est mon dernier tournoi sur le sol am\u00e9ricain avant le mois d&rsquo;ao\u00fbt. Ensuite, je profiterai de deux semaines de break pour la premi\u00e8re fois depuis f\u00e9vrier. Je jouerai le Genesis Scottish Open (10-13 juillet) et le British Open (17-20 juillet). Apr\u00e8s une semaine de pause, je retournerai aux \u00c9tats-Unis.\u00a0\u00bb<\/p>\n<p class=\"ap-StoryElement ap-StoryElement--mb ap-StoryText\"><b>Qu&rsquo;est-ce qui vous rend heureux ?<\/b><\/p>\n<p class=\"ap-StoryElement ap-StoryElement--mb ap-StoryText\">\u00ab\u00a0Je voyage avec ma famille. Mon m\u00e9tier est particulier. Avec ma femme et mes deux filles, nous sommes sur la route depuis octobre. Je suis heureux de les avoir \u00e0 mes c\u00f4t\u00e9s. Un de ces quatre, mes enfants devront se rendre \u00e0 l&rsquo;\u00e9cole (un an et trois ans). Le PGA organise chaque semaine des cr\u00e8ches. Mes filles y retrouvent les m\u00eames enfants. Elles s&rsquo;amusent bien.\u00a0\u00bb<\/p>\n","protected":false},"excerpt":{"rendered":"Quel est votre sentiment global au moment de tourner la page de cet US Open ? \u00ab\u00a0Je garde&hellip;\n","protected":false},"author":2,"featured_media":184342,"comment_status":"","ping_status":"","sticky":false,"template":"","format":"standard","meta":{"footnotes":""},"categories":[1418],"tags":[32075,7527,12070,1011,27,32233,1472,656,60,4752,9818],"class_list":{"0":"post-184341","1":"post","2":"type-post","3":"status-publish","4":"format-standard","5":"has-post-thumbnail","7":"category-golf","8":"tag-airbag","9":"tag-citroen","10":"tag-conduire","11":"tag-fr","12":"tag-france","13":"tag-generique","14":"tag-golf","15":"tag-securite","16":"tag-sports","17":"tag-voiture","18":"tag-volant"},"share_on_mastodon":{"url":"https:\/\/pubeurope.com\/@fr\/114700914709499048","error":""},"_links":{"self":[{"href":"https:\/\/www.europesays.com\/fr\/wp-json\/wp\/v2\/posts\/184341","targetHints":{"allow":["GET"]}}],"collection":[{"href":"https:\/\/www.europesays.com\/fr\/wp-json\/wp\/v2\/posts"}],"about":[{"href":"https:\/\/www.europesays.com\/fr\/wp-json\/wp\/v2\/types\/post"}],"author":[{"embeddable":true,"href":"https:\/\/www.europesays.com\/fr\/wp-json\/wp\/v2\/users\/2"}],"replies":[{"embeddable":true,"href":"https:\/\/www.europesays.com\/fr\/wp-json\/wp\/v2\/comments?post=184341"}],"version-history":[{"count":0,"href":"https:\/\/www.europesays.com\/fr\/wp-json\/wp\/v2\/posts\/184341\/revisions"}],"wp:featuredmedia":[{"embeddable":true,"href":"https:\/\/www.europesays.com\/fr\/wp-json\/wp\/v2\/media\/184342"}],"wp:attachment":[{"href":"https:\/\/www.europesays.com\/fr\/wp-json\/wp\/v2\/media?parent=184341"}],"wp:term":[{"taxonomy":"category","embeddable":true,"href":"https:\/\/www.europesays.com\/fr\/wp-json\/wp\/v2\/categories?post=184341"},{"taxonomy":"post_tag","embeddable":true,"href":"https:\/\/www.europesays.com\/fr\/wp-json\/wp\/v2\/tags?post=184341"}],"curies":[{"name":"wp","href":"https:\/\/api.w.org\/{rel}","templated":true}]}}