{"id":184348,"date":"2025-06-17T21:55:11","date_gmt":"2025-06-17T21:55:11","guid":{"rendered":"https:\/\/www.europesays.com\/fr\/184348\/"},"modified":"2025-06-17T21:55:11","modified_gmt":"2025-06-17T21:55:11","slug":"lewis-hamilton-devaste-davoir-ecrase-une-marmotte-au-gp-du-canada-2","status":"publish","type":"post","link":"https:\/\/www.europesays.com\/fr\/184348\/","title":{"rendered":"Lewis Hamilton \u00ab d\u00e9vast\u00e9 \u00bb d\u2019avoir \u00e9cras\u00e9 une marmotte au GP du Canada"},"content":{"rendered":"<p><strong>Ami des b\u00eates &#8211; Lewis Hamilton s\u2019est dit \u00ab\u00a0d\u00e9vast\u00e9\u00a0\u00bb apr\u00e8s avoir \u00e9cras\u00e9 une marmotte lors du Grand Prix du Canada de Formule 1. En\u00a02018, d\u00e9j\u00e0, le pilote fran\u00e7ais Romain Grosjean en avait percut\u00e9 une lors des essais libres<\/strong><\/p>\n<p><a href=\"https:\/\/www.20minutes.fr\/sport\/lewis_hamilton\/?at_medium=RSS%20feed&amp;at_campaign=ynews&amp;utm_source=yahoo&amp;utm_medium=rss&amp;utm_campaign=news_feed&amp;utm_content=in_article_link\" rel=\"nofollow noopener\" target=\"_blank\" data-ylk=\"slk:Lewis Hamilton;elm:context_link;itc:0;sec:content-canvas\" class=\"link \">Lewis Hamilton<\/a> est un ami des animaux. Et lorsqu\u2019on lui a appris qu\u2019il avait \u00e9cras\u00e9 une marmotte lors du <a href=\"https:\/\/www.20minutes.fr\/dossier\/grand_prix?at_medium=RSS%20feed&amp;at_campaign=ynews&amp;utm_source=yahoo&amp;utm_medium=rss&amp;utm_campaign=news_feed&amp;utm_content=in_article_link\" rel=\"nofollow noopener\" target=\"_blank\" data-ylk=\"slk:Grand Prix;elm:context_link;itc:0;sec:content-canvas\" class=\"link \">Grand Prix<\/a> du <a href=\"https:\/\/www.20minutes.fr\/dossier\/canada?at_medium=RSS%20feed&amp;at_campaign=ynews&amp;utm_source=yahoo&amp;utm_medium=rss&amp;utm_campaign=news_feed&amp;utm_content=in_article_link\" rel=\"nofollow noopener\" target=\"_blank\" data-ylk=\"slk:Canada;elm:context_link;itc:0;sec:content-canvas\" class=\"link \">Canada<\/a> dimanche, le pilote de <a href=\"https:\/\/www.20minutes.fr\/sport\/f1\/?at_medium=RSS%20feed&amp;at_campaign=ynews&amp;utm_source=yahoo&amp;utm_medium=rss&amp;utm_campaign=news_feed&amp;utm_content=in_article_link\" rel=\"nofollow noopener\" target=\"_blank\" data-ylk=\"slk:Formule 1;elm:context_link;itc:0;sec:content-canvas\" class=\"link \">Formule 1<\/a> s\u2019est dit \u00ab\u00a0d\u00e9vast\u00e9 \u00bb. \u00ab J\u2019aime beaucoup les animaux, je ne me sens vraiment pas bien\u2026 C\u2019est malheureux\u00a0\u00bb, a-t-il expliqu\u00e9 apr\u00e8s la course.<\/p>\n<p>Au volant de sa <a href=\"https:\/\/www.20minutes.fr\/sport\/ferrari\/?at_medium=RSS%20feed&amp;at_campaign=ynews&amp;utm_source=yahoo&amp;utm_medium=rss&amp;utm_campaign=news_feed&amp;utm_content=in_article_link\" rel=\"nofollow noopener\" target=\"_blank\" data-ylk=\"slk:Ferrari;elm:context_link;itc:0;sec:content-canvas\" class=\"link \">Ferrari<\/a>, le Britannique n\u2019a termin\u00e9 qu\u2019en sixi\u00e8me position sur le circuit Jacques Villeneuve. \u00ab\u00a0La rencontre avec la marmotte au tour 8, on ne l\u2019avait pas forc\u00e9ment pr\u00e9vu\u00a0\u00bb, avait d\u00e9clar\u00e9 un peu plus t\u00f4t le patron fran\u00e7ais de l\u2019\u00e9curie italienne, Fr\u00e9d\u00e9ric Vasseur, sur un ton un peu moins m\u00e9lodramatique.<\/p>\n<blockquote placeholder=\"\" data-theme=\"light\" class=\"twitter-tweet\">\n<p>\ud83c\udf99\ufe0f\u00a0\u00bbQuand les gens m&rsquo;ont dit que c&rsquo;\u00e9tait une marmotte&#8230; \u00c7a me d\u00e9vaste\u00a0\u00bb<\/p>\n<p>Lewis Hamilton a d\u00fb g\u00e9rer avec les d\u00e9g\u00e2ts sur son fond plat apr\u00e8s avoir heurt\u00e9 une marmotte en d\u00e9but de course \ud83e\udd7a<a href=\"https:\/\/twitter.com\/hashtag\/CanadianGP?src=hash&amp;ref_src=twsrc%5Etfw\" rel=\"nofollow noopener\" target=\"_blank\" data-ylk=\"slk:#CanadianGP;elm:context_link;itc:0;sec:content-canvas\" class=\"link \">#CanadianGP<\/a> <a href=\"https:\/\/twitter.com\/hashtag\/F1?src=hash&amp;ref_src=twsrc%5Etfw\" rel=\"nofollow noopener\" target=\"_blank\" data-ylk=\"slk:#F1;elm:context_link;itc:0;sec:content-canvas\" class=\"link \">#F1<\/a> <a href=\"https:\/\/t.co\/GxhtJAv1WP\" rel=\"nofollow noopener\" target=\"_blank\" data-ylk=\"slk:pic.twitter.com\/GxhtJAv1WP;elm:context_link;itc:0;sec:content-canvas\" class=\"link \">pic.twitter.com\/GxhtJAv1WP<\/a><\/p>\n<p>\u2014 CANAL+ F1\u00ae (@CanalplusF1) <a href=\"https:\/\/twitter.com\/CanalplusF1\/status\/1934346986355892488?ref_src=twsrc%5Etfw\" rel=\"nofollow noopener\" target=\"_blank\" data-ylk=\"slk:June 15, 2025;elm:context_link;itc:0;sec:content-canvas\" class=\"link \">June 15, 2025<\/a><\/p>\n<\/blockquote>\n<p>D\u00e9j\u00e0, en\u00a02018\u2026<\/p>\n<p>Pendant la course, les nouvelles en provenance du stand Ferrari avaient rapidement \u00e9voqu\u00e9 des d\u00e9g\u00e2ts sur sa voiture, malgr\u00e9 l\u2019absence de collision apparente, notamment avec d\u2019autres pilotes en piste. Mais quelques tours plus tard, les restes d\u2019un animal ont \u00e9t\u00e9 aper\u00e7us sur la piste. La confirmation est ensuite intervenue que l\u2019animal avait \u00e9t\u00e9 percut\u00e9 \u00e0 pleine vitesse par Lewis Hamilton.<\/p>\n<p>En\u00a02018, d\u00e9j\u00e0, une marmotte avait \u00e9t\u00e9 percut\u00e9e par le Fran\u00e7ais Romain Grosjean sur ce m\u00eame circuit. Ce n\u2019\u00e9tait alors pas en course, mais lors de la deuxi\u00e8me s\u00e9ance d\u2019essais libres.<\/p>\n<p><a href=\"https:\/\/www.20minutes.fr\/sport\/f1\/4159040-20250617-formule-1-lewis-hamilton-devaste-avoir-ecrase-marmotte-gp-canada?at_medium=RSS%20feed&amp;at_campaign=ynews&amp;utm_source=yahoo&amp;utm_medium=rss&amp;utm_campaign=news_feed&amp;utm_content=read_more_link&quot;\" rel=\"nofollow noopener\" target=\"_blank\" data-ylk=\"slk:Lire la suite sur 20minutes;elm:context_link;itc:0;sec:content-canvas\" class=\"link \">Lire la suite sur 20minutes<\/a><\/p>\n<p>\u00c0 lire aussi :<br \/><a href=\"https:\/\/www.20minutes.fr\/sport\/f1\/4143758-20250316-formule-1-lewis-hamilton-decoit-premiere-ferrari-gp-australie-remporte-lando-norris?at_medium=RSS%20feed&amp;at_campaign=ynews&amp;utm_source=yahoo&amp;utm_medium=rss&amp;utm_campaign=news_feed&amp;utm_content=related_content_link\" rel=\"nofollow noopener\" target=\"_blank\" data-ylk=\"slk:Formule 1\u00a0: Lewis Hamilton d\u00e9\u00e7oit pour sa premi\u00e8re avec Ferrari dans un GP d\u2019Australie remport\u00e9 par Lando Norris;elm:context_link;itc:0;sec:content-canvas\" class=\"link \">Formule 1\u00a0: Lewis Hamilton d\u00e9\u00e7oit pour sa premi\u00e8re avec Ferrari dans un GP d\u2019Australie remport\u00e9 par Lando Norris<\/a><br \/><a href=\"https:\/\/www.20minutes.fr\/vie-pro\/4156652-20250612-pourquoi-pilotes-24-h-mans-beaucoup-moins-payes-pilotes-f1?at_medium=RSS%20feed&amp;at_campaign=ynews&amp;utm_source=yahoo&amp;utm_medium=rss&amp;utm_campaign=news_feed&amp;utm_content=related_content_link\" rel=\"nofollow noopener\" target=\"_blank\" data-ylk=\"slk:Pourquoi les pilotes des 24 H du\u00a0Mans sont-ils (beaucoup) moins pay\u00e9s que les pilotes de F1\u00a0?;elm:context_link;itc:0;sec:content-canvas\" class=\"link \">Pourquoi les pilotes des 24 H du\u00a0Mans sont-ils (beaucoup) moins pay\u00e9s que les pilotes de F1\u00a0?<\/a><\/p>\n<p><script async src=\"https:\/\/platform.twitter.com\/widgets.js\" charset=\"utf-8\"><\/script><\/p>\n","protected":false},"excerpt":{"rendered":"Ami des b\u00eates &#8211; Lewis Hamilton s\u2019est dit \u00ab\u00a0d\u00e9vast\u00e9\u00a0\u00bb apr\u00e8s avoir \u00e9cras\u00e9 une marmotte lors du Grand Prix&hellip;\n","protected":false},"author":2,"featured_media":184349,"comment_status":"","ping_status":"","sticky":false,"template":"","format":"standard","meta":{"footnotes":""},"categories":[1412],"tags":[1451,2251,1452,1453,1454,1455,1011,27,27318,1975,32234,60],"class_list":{"0":"post-184348","1":"post","2":"type-post","3":"status-publish","4":"format-standard","5":"has-post-thumbnail","7":"category-f1","8":"tag-f1","9":"tag-ferrari","10":"tag-formula-1","11":"tag-formula1","12":"tag-formule-1","13":"tag-formule1","14":"tag-fr","15":"tag-france","16":"tag-grand-prix-du-canada","17":"tag-lewis-hamilton","18":"tag-romain-grosjean","19":"tag-sports"},"share_on_mastodon":{"url":"https:\/\/pubeurope.com\/@fr\/114700938379158871","error":""},"_links":{"self":[{"href":"https:\/\/www.europesays.com\/fr\/wp-json\/wp\/v2\/posts\/184348","targetHints":{"allow":["GET"]}}],"collection":[{"href":"https:\/\/www.europesays.com\/fr\/wp-json\/wp\/v2\/posts"}],"about":[{"href":"https:\/\/www.europesays.com\/fr\/wp-json\/wp\/v2\/types\/post"}],"author":[{"embeddable":true,"href":"https:\/\/www.europesays.com\/fr\/wp-json\/wp\/v2\/users\/2"}],"replies":[{"embeddable":true,"href":"https:\/\/www.europesays.com\/fr\/wp-json\/wp\/v2\/comments?post=184348"}],"version-history":[{"count":0,"href":"https:\/\/www.europesays.com\/fr\/wp-json\/wp\/v2\/posts\/184348\/revisions"}],"wp:featuredmedia":[{"embeddable":true,"href":"https:\/\/www.europesays.com\/fr\/wp-json\/wp\/v2\/media\/184349"}],"wp:attachment":[{"href":"https:\/\/www.europesays.com\/fr\/wp-json\/wp\/v2\/media?parent=184348"}],"wp:term":[{"taxonomy":"category","embeddable":true,"href":"https:\/\/www.europesays.com\/fr\/wp-json\/wp\/v2\/categories?post=184348"},{"taxonomy":"post_tag","embeddable":true,"href":"https:\/\/www.europesays.com\/fr\/wp-json\/wp\/v2\/tags?post=184348"}],"curies":[{"name":"wp","href":"https:\/\/api.w.org\/{rel}","templated":true}]}}