{"id":184350,"date":"2025-06-17T21:56:13","date_gmt":"2025-06-17T21:56:13","guid":{"rendered":"https:\/\/www.europesays.com\/fr\/184350\/"},"modified":"2025-06-17T21:56:13","modified_gmt":"2025-06-17T21:56:13","slug":"hautes-alpes-un-cycliste-hollandais-polytraumatise-apres-une-sortie-de-route","status":"publish","type":"post","link":"https:\/\/www.europesays.com\/fr\/184350\/","title":{"rendered":"Hautes-Alpes. Un cycliste hollandais polytraumatis\u00e9 apr\u00e8s une sortie de route"},"content":{"rendered":"<p>Ce mardi 17\u00a0juin, vers 10\u00a0h\u00a040, un cycliste originaire des Pays-Bas s\u2019est gravement bless\u00e9 sur la route d\u00e9partementale 4, en redescendant de la station de Puy-Saint-Vincent.<\/p>\n<p>La victime, \u00e2g\u00e9e de 52 ans, est sortie de la route, tombant dans un ravin. Polytraumatis\u00e9, le pratiquant de v\u00e9lo de route a dans un premier temps \u00e9t\u00e9 pris en charge par les sapeurs-pompiers.<\/p>\n<p>Ce contenu est bloqu\u00e9 car vous n&rsquo;avez pas accept\u00e9 les cookies et autres traceurs.<\/p>\n<p>En cliquant sur \u00ab J\u2019accepte \u00bb, les cookies et autres traceurs seront d\u00e9pos\u00e9s et vous pourrez visualiser les contenus  (<a href=\"\" class=\"consentModule_policy\" target=\"_blank\" title=\"Consulter la politique de protection des donn\u00e9es du fournisseur\">plus d&rsquo;informations<\/a>).<\/p>\n<p>En cliquant sur \u00ab J\u2019accepte tous les cookies \u00bb, vous autorisez des d\u00e9p\u00f4ts de cookies et autres traceurs pour le stockage de vos donn\u00e9es sur nos sites et applications \u00e0 des fins de personnalisation et de ciblage publicitaire.<\/p>\n<p class=\"consentModule_secondaryText\">Vous gardez la possibilit\u00e9 de retirer votre consentement \u00e0 tout moment en consultant notre <a href=\"https:\/\/www.ledauphine.com\/protection-des-donnees\" target=\"_blank\" title=\"Consulter notre politique de protection des donn\u00e9es\" rel=\"noopener\">politique de protection des donn\u00e9es<\/a>. <br \/>&#13;<br \/>\n            <a href=\"https:\/\/www.ledauphine.com\/faits-divers-justice\/2025\/06\/17\/javascript:Didomi.notice.show()\" class=\"consentModule_cmp\" target=\"_blank\" rel=\"noopener\">G\u00e9rer mes choix<\/a>&#13;\n        <\/p>\n<p>&#13;<br \/>\n                        J&rsquo;accepte&#13;<br \/>\n            J&rsquo;accepte tous les cookies&#13;\n        <\/p>\n<p>Il a ensuite \u00e9t\u00e9 m\u00e9dicalis\u00e9 sur place par un urgentiste du Samu 05, h\u00e9liport\u00e9 avec deux secouristes de la CRS Alpes de Brian\u00e7on par la section a\u00e9rienne de la gendarmerie. Il a \u00e9t\u00e9 \u00e9vacu\u00e9 par la voie des airs au centre hospitalier de Brian\u00e7on.<\/p>\n","protected":false},"excerpt":{"rendered":"Ce mardi 17\u00a0juin, vers 10\u00a0h\u00a040, un cycliste originaire des Pays-Bas s\u2019est gravement bless\u00e9 sur la route d\u00e9partementale 4,&hellip;\n","protected":false},"author":2,"featured_media":184351,"comment_status":"","ping_status":"","sticky":false,"template":"","format":"standard","meta":{"footnotes":""},"categories":[1411],"tags":[119,32236,1154,207,4521,274,107,1011,27,881,32235,60],"class_list":{"0":"post-184350","1":"post","2":"type-post","3":"status-publish","4":"format-standard","5":"has-post-thumbnail","7":"category-cyclisme","8":"tag-accident","9":"tag-brianconnais-pays-des-ecrins","10":"tag-cycling","11":"tag-cyclisme","12":"tag-edition-hautes-alpes-alpes-de-haute-provence","13":"tag-faits-divers-justice","14":"tag-fil-info","15":"tag-fr","16":"tag-france","17":"tag-hautes-alpes","18":"tag-puy-saint-vincent","19":"tag-sports"},"share_on_mastodon":{"url":"https:\/\/pubeurope.com\/@fr\/114700942512626296","error":""},"_links":{"self":[{"href":"https:\/\/www.europesays.com\/fr\/wp-json\/wp\/v2\/posts\/184350","targetHints":{"allow":["GET"]}}],"collection":[{"href":"https:\/\/www.europesays.com\/fr\/wp-json\/wp\/v2\/posts"}],"about":[{"href":"https:\/\/www.europesays.com\/fr\/wp-json\/wp\/v2\/types\/post"}],"author":[{"embeddable":true,"href":"https:\/\/www.europesays.com\/fr\/wp-json\/wp\/v2\/users\/2"}],"replies":[{"embeddable":true,"href":"https:\/\/www.europesays.com\/fr\/wp-json\/wp\/v2\/comments?post=184350"}],"version-history":[{"count":0,"href":"https:\/\/www.europesays.com\/fr\/wp-json\/wp\/v2\/posts\/184350\/revisions"}],"wp:featuredmedia":[{"embeddable":true,"href":"https:\/\/www.europesays.com\/fr\/wp-json\/wp\/v2\/media\/184351"}],"wp:attachment":[{"href":"https:\/\/www.europesays.com\/fr\/wp-json\/wp\/v2\/media?parent=184350"}],"wp:term":[{"taxonomy":"category","embeddable":true,"href":"https:\/\/www.europesays.com\/fr\/wp-json\/wp\/v2\/categories?post=184350"},{"taxonomy":"post_tag","embeddable":true,"href":"https:\/\/www.europesays.com\/fr\/wp-json\/wp\/v2\/tags?post=184350"}],"curies":[{"name":"wp","href":"https:\/\/api.w.org\/{rel}","templated":true}]}}