{"id":184364,"date":"2025-06-17T22:03:13","date_gmt":"2025-06-17T22:03:13","guid":{"rendered":"https:\/\/www.europesays.com\/fr\/184364\/"},"modified":"2025-06-17T22:03:13","modified_gmt":"2025-06-17T22:03:13","slug":"avec-elio-pixar-repart-avec-succes-a-la-conquete-de-lespace","status":"publish","type":"post","link":"https:\/\/www.europesays.com\/fr\/184364\/","title":{"rendered":"Avec \u00ab\u00a0Elio\u00a0\u00bb, Pixar repart avec succ\u00e8s \u00e0 la conqu\u00eate de l&rsquo;espace"},"content":{"rendered":"<p class=\"ap-StoryElement ap-StoryElement--mb js-paywall-target ap-StoryText\">\u00c9lev\u00e9 par sa tante Olga, compr\u00e9hensive mais d\u00e9sempar\u00e9e par son comportement solitaire et parfois teigneux, Elio ne r\u00eave que d&rsquo;une seule chose : se faire enlever par des extraterrestres pour enfin se sentir accept\u00e9 tel qu&rsquo;il est. Un v\u0153u qui prend une tournure inattendue, lorsque les ambassadeurs du Communivers, repr\u00e9sentant tous les peuples pacifiques de la galaxie en recherche de nouvelles esp\u00e8ces, le prennent pour le chef de la Terre. Et, \u00e0 ce titre, lui confient une mission p\u00e9rilleuse : amener, par la diplomatie, le belliqueux Grignon \u00e0 ne pas les r\u00e9duire en miettes.<\/p>\n<p><a href=\"https:\/\/www.dhnet.be\/medias\/2025\/03\/11\/nous-avons-visite-en-avant-premiere-mundo-pixar-experience-une-plongee-nostalgique-cool-dans-lunivers-colore-de-lanimation-HIXY56YWDJCMVHYPBLCFHRLMWY\/\" target=\"_blank\" rel=\"noopener noreferrer nofollow\" class=\"ap-StoryInterstitialLink ap-StoryElement ap-StoryElement--mb\">Nous avons visit\u00e9 en avant-premi\u00e8re Mundo Pixar Experience, une plong\u00e9e nostalgique cool dans l&rsquo;univers color\u00e9 de l&rsquo;animation<\/a>Une mine d&rsquo;or pour les parents<\/p>\n<p class=\"ap-StoryElement ap-StoryElement--mb ap-StoryText\">Pour les parents, Elio constitue une mine d&rsquo;or afin d&rsquo;aborder des th\u00e8mes difficiles comme la solitude, le mal-\u00eatre, la perte d&rsquo;\u00eatres chers, le d\u00e9sir absolu d&rsquo;int\u00e9gration, l&rsquo;acceptation de la diff\u00e9rence, la compr\u00e9hension que les probl\u00e8mes imput\u00e9s aux autres peuvent aussi avoir \u00e9t\u00e9 provoqu\u00e9s par soi-m\u00eame, l&rsquo;importance de combattre ses peurs, la diversit\u00e9 ou la diff\u00e9rence entre les apparences et la r\u00e9alit\u00e9 ou la question centrale du film : sommes-nous seuls, sur Terre et dans l&rsquo;univers ? Les sujets de discussions ne manquent pas.<\/p>\n<p><img loading=\"lazy\" decoding=\"async\" class=\"w-full lazyload lazyload--opacity object-contain\" style=\"aspect-ratio:216 \/ 100;opacity:1\" alt=\"Un univers haut en couleur.\" width=\"768\" height=\"356\" fetchpriority=\"auto\" src=\"https:\/\/www.europesays.com\/fr\/wp-content\/uploads\/2025\/04\/1743819792_235_S5VKD3X55FFF3BW6V4SEHXNP7I.png\"  data- data-optimumx=\"1\"\/>Un univers haut en couleur. \u00a9Disney\/Pixar<\/p>\n<p class=\"ap-StoryElement ap-StoryElement--mb ap-StoryText\">Avec ce film d&rsquo;animation, Pixar renoue \u00e9tonnamment avec les classiques de Disney, en misant sur des sc\u00e8nes parfois effrayantes (le clonage qui d\u00e9bouche sur une version \u00ab\u00a0parfaite\u00a0\u00bb de soi, le saut dans la gueule d&rsquo;un monstre, des cr\u00e9atures agressives au look \u00ab\u00a0goldorakien\u00a0\u00bb ou des responsabilit\u00e9s impossibles \u00e0 assumer) en d\u00e9calage avec l&rsquo;approche \u00e0 l&rsquo;eau de rose des productions anim\u00e9es actuelles. Un choix os\u00e9, plus en phase avec l&rsquo;esprit des contes de f\u00e9es, mais de nature aussi \u00e0 d\u00e9router. En d\u00e9pit du gentil monstre tout en rondeurs Glordon et d&rsquo;aventures tr\u00e8s enfantines, les plus petits pourraient sursauter plus d&rsquo;une fois dans leur fauteuil.<\/p>\n<p class=\"ap-StoryElement ap-StoryElement--mb ap-StoryText\">Visuellement tr\u00e8s color\u00e9 et sc\u00e9naristiquement audacieux, voire parfois d\u00e9lirant, gr\u00e2ce \u00e0 sa profondeur et son humanit\u00e9, Elio s&rsquo;\u00e9l\u00e8ve au-dessus de la moyenne des films d&rsquo;animation Pixar sans pour autant atteindre les sommets d&rsquo;inventivit\u00e9 comme pour L\u00e0-haut, Soul ou Wall-E.<\/p>\n","protected":false},"excerpt":{"rendered":"\u00c9lev\u00e9 par sa tante Olga, compr\u00e9hensive mais d\u00e9sempar\u00e9e par son comportement solitaire et parfois teigneux, Elio ne r\u00eave&hellip;\n","protected":false},"author":2,"featured_media":184365,"comment_status":"","ping_status":"","sticky":false,"template":"","format":"standard","meta":{"footnotes":""},"categories":[1354],"tags":[1832,650,520,58,59,386,1346,1011,27,32238,1360,7794],"class_list":{"0":"post-184364","1":"post","2":"type-post","3":"status-publish","4":"format-standard","5":"has-post-thumbnail","7":"category-films","8":"tag-animation","9":"tag-cinema","10":"tag-disney","11":"tag-divertissement","12":"tag-entertainment","13":"tag-espace","14":"tag-films","15":"tag-fr","16":"tag-france","17":"tag-monstres","18":"tag-movies","19":"tag-pixar"},"share_on_mastodon":{"url":"https:\/\/pubeurope.com\/@fr\/114700969842764665","error":""},"_links":{"self":[{"href":"https:\/\/www.europesays.com\/fr\/wp-json\/wp\/v2\/posts\/184364","targetHints":{"allow":["GET"]}}],"collection":[{"href":"https:\/\/www.europesays.com\/fr\/wp-json\/wp\/v2\/posts"}],"about":[{"href":"https:\/\/www.europesays.com\/fr\/wp-json\/wp\/v2\/types\/post"}],"author":[{"embeddable":true,"href":"https:\/\/www.europesays.com\/fr\/wp-json\/wp\/v2\/users\/2"}],"replies":[{"embeddable":true,"href":"https:\/\/www.europesays.com\/fr\/wp-json\/wp\/v2\/comments?post=184364"}],"version-history":[{"count":0,"href":"https:\/\/www.europesays.com\/fr\/wp-json\/wp\/v2\/posts\/184364\/revisions"}],"wp:featuredmedia":[{"embeddable":true,"href":"https:\/\/www.europesays.com\/fr\/wp-json\/wp\/v2\/media\/184365"}],"wp:attachment":[{"href":"https:\/\/www.europesays.com\/fr\/wp-json\/wp\/v2\/media?parent=184364"}],"wp:term":[{"taxonomy":"category","embeddable":true,"href":"https:\/\/www.europesays.com\/fr\/wp-json\/wp\/v2\/categories?post=184364"},{"taxonomy":"post_tag","embeddable":true,"href":"https:\/\/www.europesays.com\/fr\/wp-json\/wp\/v2\/tags?post=184364"}],"curies":[{"name":"wp","href":"https:\/\/api.w.org\/{rel}","templated":true}]}}