{"id":184376,"date":"2025-06-17T22:09:09","date_gmt":"2025-06-17T22:09:09","guid":{"rendered":"https:\/\/www.europesays.com\/fr\/184376\/"},"modified":"2025-06-17T22:09:09","modified_gmt":"2025-06-17T22:09:09","slug":"donald-trump-montre-les-muscles-dans-une-serie-de-messages-virulents-contre-liran","status":"publish","type":"post","link":"https:\/\/www.europesays.com\/fr\/184376\/","title":{"rendered":"Donald Trump montre les muscles dans une s\u00e9rie de messages virulents contre l\u2019Iran"},"content":{"rendered":"<p>        <img decoding=\"async\" loading=\"lazy\" src=\"https:\/\/www.europesays.com\/fr\/wp-content\/uploads\/2025\/06\/cd732ce_upload-1-7lcu5htkopmv-000-62mx3m4.jpg\"  width=\"728\" height=\"410\" alt=\"Le pr\u00e9sident am\u00e9ricain, Donald\u00a0Trump, a fait planer la menace sur l\u2019Iran ce mardi 17\u00a0juin.\"\/>  <\/p>\n<p>BRENDAN SMIALOWSKI \/ AFP<\/p>\n<p>Le pr\u00e9sident am\u00e9ricain, Donald\u00a0Trump, a fait planer la menace sur l\u2019Iran ce mardi 17\u00a0juin.<\/p>\n<p class=\"asset asset-text\">\u00c9TATS-UNIS &#8211; Il montre les muscles. Le pr\u00e9sident am\u00e9ricain, <a href=\"https:\/\/www.huffingtonpost.fr\/international\/article\/toujours-plus-violent-trump-promet-le-plus-grand-programme-d-expulsions-de-l-histoire_251391.html\" rel=\"nofollow noopener\" target=\"_blank\">Donald\u00a0Trump<\/a>, a fait planer la menace sur T\u00e9h\u00e9ran ce mardi 17\u00a0juin, en affirmant que les \u00c9tats-Unis ne tueraient pas le guide supr\u00eame iranien \u00ab\u00a0pour le moment\u00a0\u00bb, et a sembl\u00e9 demander une reddition iranienne, au cinqui\u00e8me jour de la confrontation militaire entre Isra\u00ebl et l\u2019Iran, d\u00e9clench\u00e9e par une attaque isra\u00e9lienne.<\/p>\n<p class=\"asset asset-text\">Avant une r\u00e9union dans la soir\u00e9e de son conseil de s\u00e9curit\u00e9, le<a href=\"https:\/\/www.huffingtonpost.fr\/international\/article\/emmanuel-macron-repond-aux-critiques-de-donald-trump-qui-ne-l-emeuvent-pas-beaucoup_251481.html\" rel=\"nofollow noopener\" target=\"_blank\"> locataire du Bureau Ovale<\/a>\u00a0a \u00e9crit mardi\u00a0: \u00ab\u00a0capitulation sans condition\u00a0\u00bb, dans un message en deux mots, adress\u00e9 \u00e0 l\u2019Iran, sur sa plateforme Truth Social.<\/p>\n<p class=\"asset asset-text\">Les \u00c9tats-Unis \u00ab\u00a0savent exactement o\u00f9 se cache le soi-disant \u201cguide supr\u00eame\u201d iranien\u00a0\u00bb, l\u2019ayatollah Khamenei \u00ab\u00a0mais ne comptent pas\u00a0l\u2019\u00e9liminer (le tuer\u00a0!), du moins pour le moment\u00a0\u00bb , a-t-il ajout\u00e9, <a href=\"https:\/\/www.huffingtonpost.fr\/international\/article\/en-cloture-du-g7-emmanuel-macron-annonce-que-le-prochain-sommet-aura-lieu-a-evian-en-2026_251480.html\" rel=\"nofollow noopener\" target=\"_blank\">en marge du G7\u00a0<\/a>qui se tient actuellement, d\u00e9sormais sans lui, au Canada.<\/p>\n<p>    La question de l\u2019implication militaire des \u00c9tats-Unis\u00a0relanc\u00e9e    <\/p>\n<p class=\"asset asset-text\">Ces d\u00e9clarations de Donald\u00a0Trump, rentr\u00e9 pr\u00e9cipitamment dans la nuit du sommet du G7 au Canada en raison de la situation au Moyen-Orient, alimentent les questions sur une possible implication militaire des \u00c9tats-Unis aupr\u00e8s d\u2019Isra\u00ebl contre le programme nucl\u00e9aire et les principaux dirigeants militaires iraniens.<\/p>\n<p class=\"asset asset-text\">Le locataire de la Maison Blanche a pour l\u2019heure dit que les \u00c9tats-Unis restaient en dehors du conflit et r\u00e9p\u00e9t\u00e9 que la R\u00e9publique islamique devrait conclure le \u00ab\u00a0deal\u00a0\u00bb sur le nucl\u00e9aire qu\u2019il avait propos\u00e9 avant le d\u00e9but des frappes isra\u00e9liennes.<\/p>\n<p class=\"asset asset-text\">Dans la foul\u00e9e de ces d\u00e9clarations, le pr\u00e9sident fran\u00e7ais, Emmanuel Macron, a ensuite estim\u00e9 qu\u2019un changement de r\u00e9gime en Iran serait synonyme de \u00ab\u00a0chaos\u00a0\u00bb.<\/p>\n<p class=\"asset asset-text\">Isra\u00ebl et l\u2019Iran ont \u00e9chang\u00e9 de nouvelles salves de missiles ce mardi, apr\u00e8s des frappes nocturnes r\u00e9ciproques. En soir\u00e9e, l\u2019arm\u00e9e iranienne a appel\u00e9 les habitants des grandes villes isra\u00e9liennes Ha\u00effa et Tel-Aviv \u00e0 \u00e9vacuer, avertissant d\u2019attaques \u00ab\u00a0punitives\u00a0\u00bb imminentes. En Iran, des d\u00e9tonations ont \u00e9t\u00e9 entendues par des journalistes de l\u2019AFP \u00e0 T\u00e9h\u00e9ran, dont plusieurs en soir\u00e9e, et un m\u00e9dia local a fait \u00e9tat de d\u00e9flagrations \u00e0 Ispahan, dans le centre du pays.<\/p>\n<p class=\"asset asset-text\">L\u2019Iran a jur\u00e9 de bombarder Isra\u00ebl sans rel\u00e2che pour mettre fin \u00e0 l\u2019attaque isra\u00e9lienne d\u2019une ampleur sans pr\u00e9c\u00e9dent lanc\u00e9e le 13\u00a0juin, avec l\u2019objectif affich\u00e9 de l\u2019emp\u00eacher de se doter de la bombe atomique. Les Occidentaux soup\u00e7onnent l\u2019Iran de poursuivre ce but, ce que T\u00e9h\u00e9ran d\u00e9ment, d\u00e9fendant son droit \u00e0 un programme nucl\u00e9aire civil.<\/p>\n","protected":false},"excerpt":{"rendered":"BRENDAN SMIALOWSKI \/ AFP Le pr\u00e9sident am\u00e9ricain, Donald\u00a0Trump, a fait planer la menace sur l\u2019Iran ce mardi 17\u00a0juin.&hellip;\n","protected":false},"author":2,"featured_media":184377,"comment_status":"","ping_status":"","sticky":false,"template":"","format":"standard","meta":{"footnotes":""},"categories":[5],"tags":[11,75,73,1011,27,14,3019,664,12,28],"class_list":{"0":"post-184376","1":"post","2":"type-post","3":"status-publish","4":"format-standard","5":"has-post-thumbnail","7":"category-international","8":"tag-actualites","9":"tag-donald-trump","10":"tag-etats-unis","11":"tag-fr","12":"tag-france","13":"tag-international","14":"tag-iran","15":"tag-israel","16":"tag-news","17":"tag-world"},"share_on_mastodon":{"url":"https:\/\/pubeurope.com\/@fr\/114700993443305725","error":""},"_links":{"self":[{"href":"https:\/\/www.europesays.com\/fr\/wp-json\/wp\/v2\/posts\/184376","targetHints":{"allow":["GET"]}}],"collection":[{"href":"https:\/\/www.europesays.com\/fr\/wp-json\/wp\/v2\/posts"}],"about":[{"href":"https:\/\/www.europesays.com\/fr\/wp-json\/wp\/v2\/types\/post"}],"author":[{"embeddable":true,"href":"https:\/\/www.europesays.com\/fr\/wp-json\/wp\/v2\/users\/2"}],"replies":[{"embeddable":true,"href":"https:\/\/www.europesays.com\/fr\/wp-json\/wp\/v2\/comments?post=184376"}],"version-history":[{"count":0,"href":"https:\/\/www.europesays.com\/fr\/wp-json\/wp\/v2\/posts\/184376\/revisions"}],"wp:featuredmedia":[{"embeddable":true,"href":"https:\/\/www.europesays.com\/fr\/wp-json\/wp\/v2\/media\/184377"}],"wp:attachment":[{"href":"https:\/\/www.europesays.com\/fr\/wp-json\/wp\/v2\/media?parent=184376"}],"wp:term":[{"taxonomy":"category","embeddable":true,"href":"https:\/\/www.europesays.com\/fr\/wp-json\/wp\/v2\/categories?post=184376"},{"taxonomy":"post_tag","embeddable":true,"href":"https:\/\/www.europesays.com\/fr\/wp-json\/wp\/v2\/tags?post=184376"}],"curies":[{"name":"wp","href":"https:\/\/api.w.org\/{rel}","templated":true}]}}