{"id":18438,"date":"2025-04-11T22:43:12","date_gmt":"2025-04-11T22:43:12","guid":{"rendered":"https:\/\/www.europesays.com\/fr\/18438\/"},"modified":"2025-04-11T22:43:12","modified_gmt":"2025-04-11T22:43:12","slug":"mardi-15-avril-80-cyclistes-serbes-contre-la-corruption-arrivent-a-strasbourg","status":"publish","type":"post","link":"https:\/\/www.europesays.com\/fr\/18438\/","title":{"rendered":"Mardi 15 avril, 80 cyclistes serbes contre la corruption arrivent \u00e0 Strasbourg"},"content":{"rendered":"<p class=\"wp-block-post-excerpt__excerpt\">Une centaine de cyclistes serbes arrivent \u00e0 Strasbourg mardi 15 avril. Leur objectif\u00a0: manifester devant les institutions europ\u00e9ennes pour d\u00e9noncer la corruption dans leur pays. <\/p>\n<p class=\"font-sans\">\n\t\t\tCet article est en acc\u00e8s libre. Pour soutenir Rue89 Strasbourg,<br \/>\n\t\t\t<a class=\"underline\" href=\"https:\/\/www.rue89strasbourg.com\/abonnement\" rel=\"nofollow noopener\" target=\"_blank\">abonnez-vous<\/a>.\n\t\t<\/p>\n<p>Camille Balzinger<\/p>\n<p>Publi\u00e9 le 11 avril 2025\u00a0\u00a0\u00b7\u00a0\u00a0<\/p>\n<p>Imprim\u00e9 le 12 avril 2025 \u00e0 00h30\u00a0\u00a0\u00b7\u00a0\u00a0<\/p>\n<p>Modifi\u00e9 le 11 avril 2025\u00a0\u00a0\u00b7\u00a0\u00a0<\/p>\n<p>\t\t\t\t\t5\u00a0minutes\n<\/p>\n<p>Depuis le 3 avril, 80 \u00e9tudiants serbes p\u00e9dalent tous les jours. Apr\u00e8s avoir parcouru 1\u00a0400 kilom\u00e8tres, ils arriveront \u00e0 Strasbourg le 15 avril, place Kl\u00e9ber, aux alentours de 17 heures\u00a0\u2013 en fonction des conditions m\u00e9t\u00e9o. Les cyclistes veulent faire entendre leur combat contre la corruption dans leur pays. Leur <a href=\"https:\/\/fr.turadostrazbura.rs\/\" target=\"_blank\" rel=\"noreferrer noopener nofollow\">site web<\/a>\u00a0pr\u00e9cise\u00a0: \u00ab\u00a0Ce n\u2019est pas seulement un tour \u00e0 v\u00e9lo\u00a0\u2013 c\u2019est un trajet d\u2019espoir, de r\u00e9sistance, et la voix de tous ceux qu\u2019on a r\u00e9duits au silence.\u00a0\u00bb<\/p>\n<blockquote class=\"wp-block-pullquote\" id=\"quote-867633\">\n<p>\u00ab\u00a0La corruption n\u2019a pas de limite.\u00a0\u00bb<\/p>\n<p>Marina Maletic, organisatrice de l\u2019arriv\u00e9e des cyclistes \u00e0 Strasbourg<\/p><\/blockquote>\n<p>Tout commence le 1er novembre 2024 \u00e0 11h52\u00a0: un bout du toit de la gare de Novi Sad s\u2019effondre alors qu\u2019il venait d\u2019\u00eatre r\u00e9nov\u00e9. 16 personnes p\u00e9rissent. \u00ab\u00a0Cette gare est tr\u00e8s passante, \u00e9tant donn\u00e9 que Novi Sad fait partie des trois plus grandes villes de Serbie\u00ab\u00a0, explique Marina Maletic, organisatrice de l\u2019arriv\u00e9e des cyclistes \u00e0 Strasbourg\u00a0:<\/p>\n<blockquote class=\"wp-block-quote is-layout-flow wp-block-quote-is-layout-flow\">\n<p>\u00ab\u00a0L\u2019entreprise en charge de la r\u00e9novation du toit n\u2019avait pas les comp\u00e9tences pour faire ces travaux qui ont certainement \u00e9t\u00e9 pay\u00e9s avec de l\u2019argent blanchi. Cet \u00e9v\u00e8nement a d\u00e9clench\u00e9 la mobilisation car il n\u2019est pas isol\u00e9 et illustre que la corruption n\u2019a pas de limite.\u00a0\u00bb<\/p>\n<\/blockquote>\n<p>\t\tUn Premier ministre pouss\u00e9 \u00e0 la d\u00e9mission<\/p>\n<p>Deux jours apr\u00e8s l\u2019effondrement de la gare de Novi Sad, les \u00e9tudiantes et \u00e9tudiants serbes commencent \u00e0 bloquer leurs facult\u00e9s et demandent des mesures efficaces contre la corruption. La mobilisation perdure et le Premier ministre serbe Milo\u0161 Vu\u010devi\u0107 d\u00e9missionne fin janvier 2025.<\/p>\n<p>Depuis cinq mois, les universit\u00e9s sont en gr\u00e8ve et des manifestations \u00e9tudiantes quotidiennes secouent la Serbie. La mobilisation s\u2019\u00e9tend aux \u00ab\u00a0avocats, juristes, journalistes, profs, syndicats\u2026 La population dans son ensemble se mobilise\u00a0\u00bb, pr\u00e9cise Marina Maletic. Le symbole de leur lutte est une main rouge, comme ensanglant\u00e9e. <\/p>\n<p><img loading=\"lazy\" decoding=\"async\" width=\"792\" height=\"528\" src=\"https:\/\/www.europesays.com\/fr\/wp-content\/uploads\/2025\/04\/kroz-panonske-ravnice-na-putu-za-strazbur-neki-hrabri-ljudi-i-istorijski-momenti-novi-sad-strazbur-d.jpeg\" alt=\"V\u00e9lo Serbe Etudiants\" class=\"wp-image-339598\"  \/><\/p>\n<p>\t\tR\u00e9pression et contr\u00f4le des m\u00e9dias<\/p>\n<p>\u00ab\u00a0Certaines personnes se font licencier en raison de leur soutien aux \u00e9tudiants, une citoyenne croate a \u00e9t\u00e9 renvoy\u00e9e de Serbie pour cette raison, car elle serait une menace pour le pays, alors qu\u2019elle est mari\u00e9e \u00e0 un Serbe et qu\u2019elle a un enfant\u00a0\u00bb, poursuit Marina Maletic. Elle pr\u00e9cise que certains manifestants sont emprisonn\u00e9s et frapp\u00e9s par les forces de l\u2019ordre uniquement car ils participent au mouvement citoyen. La r\u00e9pression polici\u00e8re est all\u00e9e <a href=\"https:\/\/www.lemonde.fr\/international\/article\/2025\/03\/27\/en-serbie-l-usage-d-un-canon-a-son-contre-les-manifestants-alimente-la-colere_6586650_3210.html\" target=\"_blank\" rel=\"noreferrer noopener nofollow\">jusqu\u2019\u00e0 faire usage d\u2019un \u00ab\u00a0canon \u00e0 son\u00a0\u00bb<\/a> pour la premi\u00e8re fois en Europe afin de disperser les 300\u00a0000 manifestants r\u00e9unis \u00e0 Belgrade le 15 mars 2025.<\/p>\n<p>\u00ab\u00a0En 2023 pour les \u00e9lections l\u00e9gislatives, des citoyens de Bosnie ont \u00e9t\u00e9 pay\u00e9s pour venir voter en Serbie et les m\u00e9dias \u00e9taient contr\u00f4l\u00e9s par le gouvernement, donc ils ne diffusaient que des informations dans leur sens\u00a0\u00bb, se souvient Marina Maletic. Dans une r\u00e9solution suivant ces \u00e9lections et <a href=\"https:\/\/www.europarl.europa.eu\/doceo\/document\/TA-9-2024-0075_FR.html\" target=\"_blank\" rel=\"noreferrer noopener nofollow\">vot\u00e9e en 2024<\/a>, le Parlement europ\u00e9en d\u00e9crit \u00ab\u00a0une campagne de d\u00e9nigrement et d\u2019incitation \u00e0 la peur\u00a0\u00bb, des votes collectifs, des agressions physiques et violations du secret du vote.<\/p>\n<p>Huit chapitres de revenducations<\/p>\n<p>Dans ce pays des Balkans, candidat \u00e0 l\u2019Union Europ\u00e9enne (UE) depuis 2012, le pr\u00e9sident Aleksandar Vu\u010di\u0107 est \u00e9lu depuis 2017. D\u00e9j\u00e0, les \u00e9tudiantes et \u00e9tudiants accueillaient sa victoire avec des <a href=\"https:\/\/www.la-croix.com\/Monde\/Europe\/En-Serbie-manifestations-contre-gouvernement-prennent-lampleur-2018-12-30-1200992365\" target=\"_blank\" rel=\"noreferrer noopener nofollow\">manifestations de contestation<\/a>. Particuli\u00e8rement hostile au principe de libert\u00e9 de la presse, soutenu par l\u2019extr\u00eame droite europ\u00e9enne et par Moscou, Aleksandar Vu\u010di\u0107 a aussi vu la population se <a href=\"https:\/\/www.monde-diplomatique.fr\/2019\/03\/DERENS\/59619\" target=\"_blank\" rel=\"noreferrer noopener nofollow\">soulever contre lui en 2018<\/a>. Les manifestations faisaient suite \u00e0 l\u2019agression d\u2019un opposant politique et \u00e0 des r\u00e9formes anti-sociales et autoritaires. Le pr\u00e9sident avait alors d\u00e9clar\u00e9 que \u00ab\u00a0m\u00eame si cinq millions de personnes (sur sept millions de Serbes, NDLR) descendaient dans la rue\u00ab\u00a0, il n\u2019acc\u00e8derait pas \u00e0 leur demande, <a href=\"https:\/\/www.la-croix.com\/Monde\/Europe\/En-Serbie-manifestations-contre-gouvernement-prennent-lampleur-2018-12-30-1200992365\" target=\"_blank\" rel=\"noreferrer noopener nofollow\">selon La Croix<\/a>.\u00a0Friand de la th\u00e9orie selon laquelle \u00ab\u00a0l\u2019Occident\u00a0\u00bb chercherait \u00e0 d\u00e9stabiliser son pays, le pr\u00e9sident a utilis\u00e9 cet argument, de concert avec la Russie, face aux manifestations apr\u00e8s une autre \u00e9lection, <a href=\"https:\/\/www.france24.com\/fr\/europe\/20231225-serbie-manifestations-apr%C3%A8s-les-%C3%A9lections-la-russie-accuse-les-occidentaux\" target=\"_blank\" rel=\"noreferrer noopener nofollow\">en 2023<\/a>.<\/p>\n<p>D\u00e9sormais, les \u00e9tudiants ont organis\u00e9 leurs revendications <a href=\"https:\/\/theconversation.com\/serbie-la-revolte-des-etudiants-va-t-elle-tout-renverser-251508\" target=\"_blank\" rel=\"noreferrer noopener nofollow\">en huit chapitres<\/a> et comptent sur les <a href=\"https:\/\/www.krik.rs\/skaj-poruke-borba-u-novosadskom-sns-u-oko-novca-i-naklonosti-andreja-vucica\/\" target=\"_blank\" rel=\"noreferrer noopener nofollow\">r\u00e9v\u00e9lations de la presse ind\u00e9pendante<\/a> sur la corruption du parti pr\u00e9sidentiel pour appuyer leur d\u00e9marche. \u00ab\u00a0Ce sont les \u00e9tudiants de Novi Sad qui ont d\u00e9cid\u00e9 de venir \u00e0 v\u00e9lo pour alerter le Conseil de l\u2019Europe\u00a0\u00bb, souligne Ema Markovic, arriv\u00e9e \u00e0 Strasbourg en 2012. Elle fait partie de la soixantaine de personnes en charge de l\u2019organisation de la mobilisation\u00a0:<\/p>\n<blockquote class=\"wp-block-quote is-layout-flow wp-block-quote-is-layout-flow\">\n<p>\u00ab\u00a0Depuis leur d\u00e9part, les cyclistes rencontrent l\u2019adh\u00e9sion dans les villes o\u00f9 ils s\u2019arr\u00eatent. Le maire de Budapest est venu \u00e0 leur rassemblement, des \u00e9v\u00e8nements sont organis\u00e9s \u00e0 leur arriv\u00e9e. Dans les Balkans, les situations politiques sont toujours tendues mais la cause \u00e9tudiante rassemble et s\u2019\u00e9tend \u00e0 diff\u00e9rentes villes au-del\u00e0 des fronti\u00e8res. Les probl\u00e8mes de corruption sont partout, donc l\u2019\u00e9motion est ressentie dans plusieurs pays.\u00a0\u00bb<\/p>\n<\/blockquote>\n<p>Apr\u00e8s Novi Sad les \u00e9tudiants ont fait escale en Serbie, en Hongrie, en Autriche et en Allemagne, <a href=\"https:\/\/fr.turadostrazbura.rs\/\" target=\"_blank\" rel=\"noreferrer noopener nofollow\">avec des \u00e9tapes allant de 75 \u00e0 144 kilom\u00e8tres par jour<\/a>. Dans chacune des 13 villes o\u00f9 ils s\u2019arr\u00eateront, des logements ont \u00e9t\u00e9 trouv\u00e9s gr\u00e2ce au soutien local. \u00c0 Strasbourg, Marina Maletic a trouv\u00e9 des particuliers qui pouvaient accueillir les \u00e9tudiants ou louer des appartements pour eux. Certains resteront au centre europ\u00e9en de la jeunesse. Entre les cyclistes et les supports m\u00e9dicaux et techniques, le convoi repr\u00e9sente une centaine de personnes au total.<\/p>\n<p><img loading=\"lazy\" decoding=\"async\" width=\"792\" height=\"528\" src=\"https:\/\/www.europesays.com\/fr\/wp-content\/uploads\/2025\/04\/1744411392_915_kroz-panonske-ravnice-na-putu-za-strazbur-neki-hrabri-ljudi-i-istorijski-momenti-novi-sad-strazbur-d.jpeg\" alt=\"V\u00e9lo Serbe Etudiants\" class=\"wp-image-339597\"  \/><\/p>\n<p>Rendez-vous au Conseil de l\u2019Europe<\/p>\n<p>\u00ab\u00a0La directrice g\u00e9n\u00e9rale de la d\u00e9mocratie et de la dignit\u00e9 humaine au Conseil de l\u2019Europe, Marja Ruotanen, a dit qu\u2019elle viendrait discuter avec nous, c\u2019est bon signe\u00a0\u00bb, s\u2019enthousiasme Ema Markovic. Les \u00e9tudiants pr\u00e9voient un temps d\u2019\u00e9change avec cette institution, dont la Serbie est membre, mais pas avec le Parlement Europ\u00e9en dont il ne fait pas encore partie.<\/p>\n<p>Dans son <a href=\"https:\/\/enlargement.ec.europa.eu\/serbia-report-2024_en\" target=\"_blank\" rel=\"noreferrer noopener nofollow\">rapport 2024<\/a> consacr\u00e9 \u00e0 la Serbie et aux \u00e9volutions n\u00e9cessaires \u00e0 son adh\u00e9sion, la Commission europ\u00e9enne pointe d\u2019importants manquements dans le domaine de la corruption. Elle indique que peu des recommandations souhait\u00e9es par le GRECO, organe anti-corruption du Conseil de l\u2019Europe, ont \u00e9t\u00e9 appliqu\u00e9es, la plupart faute de volont\u00e9 gouvernementale.<\/p>\n<p>\u00c0 Strasbourg, la diaspora serbe compte selon Ema Markovic quelques dizaines de personnes, dont plusieurs \u00e9tudiants. Elle compte notamment une \u00e9glise orthodoxe serbe \u00e0 Koenigshoffen, qui n\u2019a pas \u00e9t\u00e9 associ\u00e9e au mouvement \u00e9tant donn\u00e9 que \u00ab\u00a0tous les Serbes ne sont pas pratiquants\u00a0\u00bb et que l\u2019institution ne soutient pas le mouvement \u00e9tudiant en Serbie.<\/p>\n<p>Mercredi 9 avril, <a href=\"https:\/\/www.mediapart.fr\/journal\/international\/090425\/les-etudiants-serbes-font-route-vers-strasbourg-macron-prefere-recevoir-l-autocrate-vucic\" target=\"_blank\" rel=\"noreferrer noopener nofollow\">Emmanuel Macron a re\u00e7u le pr\u00e9sident serbe \u00e0 l\u2019Elys\u00e9e<\/a>, un geste per\u00e7u comme une provocation au sein du mouvement de contestation en Serbie.<\/p>\n<p>Y <strong>aller<\/strong><\/p>\n<p><strong>Arriv\u00e9e des \u00e9tudiantes et \u00e9tudiants serbes<\/strong> place Kl\u00e9ber, mardi 15 avril d\u00e8s 17h (en fonction des conditions m\u00e9t\u00e9o et de leur vitesse sur la route).<\/p>\n<p><strong>Manifestation contre la corruption en Serbie<\/strong>, mercredi 16 avril \u00e0 11h, devant le palais de l\u2019Europe, 528 Av. de l\u2019Europe, Strasbourg\u00a0\u2013 Wacken. 16 minutes de silences seront observ\u00e9es \u00e0 11h52, heure de l\u2019effondrement de l\u2019auvent de la gare. Puis la marche se dirigera vers la Cour europ\u00e9enne des droits de l\u2019Homme et le Parlement europ\u00e9en.<\/p>\n<p>Aller <strong>plus loin<\/strong><\/p>\n","protected":false},"excerpt":{"rendered":"Une centaine de cyclistes serbes arrivent \u00e0 Strasbourg mardi 15 avril. Leur objectif\u00a0: manifester devant les institutions europ\u00e9ennes&hellip;\n","protected":false},"author":2,"featured_media":18439,"comment_status":"","ping_status":"","sticky":false,"template":"","format":"standard","meta":{"footnotes":""},"categories":[2820],"tags":[1111,11,1777,674,1011,27,775,2088,12,25,640],"class_list":{"0":"post-18438","1":"post","2":"type-post","3":"status-publish","4":"format-standard","5":"has-post-thumbnail","7":"category-strasbourg","8":"tag-actu","9":"tag-actualites","10":"tag-eu","11":"tag-europe","12":"tag-fr","13":"tag-france","14":"tag-grand-est","15":"tag-manifestation","16":"tag-news","17":"tag-republique-francaise","18":"tag-strasbourg"},"share_on_mastodon":{"url":"https:\/\/pubeurope.com\/@fr\/114321752413962217","error":""},"_links":{"self":[{"href":"https:\/\/www.europesays.com\/fr\/wp-json\/wp\/v2\/posts\/18438","targetHints":{"allow":["GET"]}}],"collection":[{"href":"https:\/\/www.europesays.com\/fr\/wp-json\/wp\/v2\/posts"}],"about":[{"href":"https:\/\/www.europesays.com\/fr\/wp-json\/wp\/v2\/types\/post"}],"author":[{"embeddable":true,"href":"https:\/\/www.europesays.com\/fr\/wp-json\/wp\/v2\/users\/2"}],"replies":[{"embeddable":true,"href":"https:\/\/www.europesays.com\/fr\/wp-json\/wp\/v2\/comments?post=18438"}],"version-history":[{"count":0,"href":"https:\/\/www.europesays.com\/fr\/wp-json\/wp\/v2\/posts\/18438\/revisions"}],"wp:featuredmedia":[{"embeddable":true,"href":"https:\/\/www.europesays.com\/fr\/wp-json\/wp\/v2\/media\/18439"}],"wp:attachment":[{"href":"https:\/\/www.europesays.com\/fr\/wp-json\/wp\/v2\/media?parent=18438"}],"wp:term":[{"taxonomy":"category","embeddable":true,"href":"https:\/\/www.europesays.com\/fr\/wp-json\/wp\/v2\/categories?post=18438"},{"taxonomy":"post_tag","embeddable":true,"href":"https:\/\/www.europesays.com\/fr\/wp-json\/wp\/v2\/tags?post=18438"}],"curies":[{"name":"wp","href":"https:\/\/api.w.org\/{rel}","templated":true}]}}