{"id":184387,"date":"2025-06-17T22:15:28","date_gmt":"2025-06-17T22:15:28","guid":{"rendered":"https:\/\/www.europesays.com\/fr\/184387\/"},"modified":"2025-06-17T22:15:28","modified_gmt":"2025-06-17T22:15:28","slug":"une-piece-et-un-debat","status":"publish","type":"post","link":"https:\/\/www.europesays.com\/fr\/184387\/","title":{"rendered":"une pi\u00e8ce et un d\u00e9bat"},"content":{"rendered":"<p>En France, une personne \u00e2g\u00e9e sur six est victime de violences. L\u2019association Alma 54\/57, fer de lance de la lutte contre ce fl\u00e9au, a recens\u00e9 263 signalements en Meurthe-et-Moselle et en Moselle en 2023. 53\u00a0% de ces maltraitances sont inflig\u00e9es au sein de la famille, soit \u00e0 cause de conflits financiers (28\u00a0%) ou familiaux (21\u00a0%).<\/p>\n<p> N\u2019Touche pas \u00e0 ton vieux , la pi\u00e8ce de th\u00e9\u00e2tre \u00e9crite par Philippe Voivenel, sera interpr\u00e9t\u00e9e par la Cie Les Impromptus. Elle explore les relations interg\u00e9n\u00e9rationnelles face aux vuln\u00e9rabilit\u00e9s li\u00e9es \u00e0 l\u2019\u00e2ge. Dans une soci\u00e9t\u00e9 multiconnect\u00e9e quelles places pour l\u2019amour, l\u2019empathie et le respect\u00a0? Le public pourra ensuite dialoguer avec des b\u00e9n\u00e9voles de l\u2019association aupr\u00e8s desquels il trouvera des informations concr\u00e8tes pour se faire aider.<\/p>\n<p class=\"note\">Mercredi 18\u00a0juin, \u00e0 19\u00a0h, salle Raugraff. Participation libre. La maltraitance des personnes \u00e2g\u00e9es n\u2019est pas une fatalit\u00e9, des solutions existent dont le num\u00e9ro d\u2019\u00e9coute 3977.<\/p>\n","protected":false},"excerpt":{"rendered":"En France, une personne \u00e2g\u00e9e sur six est victime de violences. L\u2019association Alma 54\/57, fer de lance de&hellip;\n","protected":false},"author":2,"featured_media":184388,"comment_status":"","ping_status":"","sticky":false,"template":"","format":"standard","meta":{"footnotes":""},"categories":[9635],"tags":[1111,11,6211,1687,1704,1777,674,1011,27,775,1702,1703,12,5486,25,3140],"class_list":{"0":"post-184387","1":"post","2":"type-post","3":"status-publish","4":"format-standard","5":"has-post-thumbnail","7":"category-nancy","8":"tag-actu","9":"tag-actualites","10":"tag-conference","11":"tag-culture-loisirs","12":"tag-edition-nancy-et-agglomeration","13":"tag-eu","14":"tag-europe","15":"tag-fr","16":"tag-france","17":"tag-grand-est","18":"tag-nancy","19":"tag-nancy-ville-54b","20":"tag-news","21":"tag-rencontre","22":"tag-republique-francaise","23":"tag-spectacle"},"share_on_mastodon":{"url":"https:\/\/pubeurope.com\/@fr\/114701016979710276","error":""},"_links":{"self":[{"href":"https:\/\/www.europesays.com\/fr\/wp-json\/wp\/v2\/posts\/184387","targetHints":{"allow":["GET"]}}],"collection":[{"href":"https:\/\/www.europesays.com\/fr\/wp-json\/wp\/v2\/posts"}],"about":[{"href":"https:\/\/www.europesays.com\/fr\/wp-json\/wp\/v2\/types\/post"}],"author":[{"embeddable":true,"href":"https:\/\/www.europesays.com\/fr\/wp-json\/wp\/v2\/users\/2"}],"replies":[{"embeddable":true,"href":"https:\/\/www.europesays.com\/fr\/wp-json\/wp\/v2\/comments?post=184387"}],"version-history":[{"count":0,"href":"https:\/\/www.europesays.com\/fr\/wp-json\/wp\/v2\/posts\/184387\/revisions"}],"wp:featuredmedia":[{"embeddable":true,"href":"https:\/\/www.europesays.com\/fr\/wp-json\/wp\/v2\/media\/184388"}],"wp:attachment":[{"href":"https:\/\/www.europesays.com\/fr\/wp-json\/wp\/v2\/media?parent=184387"}],"wp:term":[{"taxonomy":"category","embeddable":true,"href":"https:\/\/www.europesays.com\/fr\/wp-json\/wp\/v2\/categories?post=184387"},{"taxonomy":"post_tag","embeddable":true,"href":"https:\/\/www.europesays.com\/fr\/wp-json\/wp\/v2\/tags?post=184387"}],"curies":[{"name":"wp","href":"https:\/\/api.w.org\/{rel}","templated":true}]}}