{"id":184389,"date":"2025-06-17T22:16:15","date_gmt":"2025-06-17T22:16:15","guid":{"rendered":"https:\/\/www.europesays.com\/fr\/184389\/"},"modified":"2025-06-17T22:16:15","modified_gmt":"2025-06-17T22:16:15","slug":"a-quelle-heure-et-sur-quelle-chaine-regarder-la-premiere-demi-finale-de-top-14","status":"publish","type":"post","link":"https:\/\/www.europesays.com\/fr\/184389\/","title":{"rendered":"\u00e0 quelle heure et sur quelle cha\u00eene regarder la premi\u00e8re demi-finale de Top 14 ?"},"content":{"rendered":"<p>Ce vendredi \u00e0 Lyon, le Stade Toulousain d\u00e9fie Bayonne pour une place en finale.<\/p>\n<p class=\"fig-paragraph\">La semaine pass\u00e9e, le\u00a0<a href=\"http:\/\/www.lefigaro.fr\/sports\/rugby\/top-14\/top-14-un-toulouse-record-bielle-biarrey-sur-le-fil-vannes-trop-friable-la-saison-reguliere-en-chiffres-20250609\" data-fig-type=\"NewsFlash\" data-gtm-custom-categorie=\"navigation\" data-gtm-custom-action=\"crossclick\" data-gtm-custom-label=\"Contextuel\" data-gtm-event=\"customEventSPE\" data-fig-domain=\"LEFIGARO\" target=\"_blank\" rel=\"noopener\">Stade Toulousain<\/a>\u00a0a pu se reposer. Qualifi\u00e9e directement en demi-finale \u00e0 la suite d\u2019une phase r\u00e9guli\u00e8re ma\u00eetris\u00e9e et d\u2019une premi\u00e8re place vite s\u00e9curis\u00e9e, la formation rouge et noire n\u2019est pas pass\u00e9e par la case barrage. Une bonne chose pour les hommes d\u2019Ugo Mola, qui comptent dans leur rang de nombreux bless\u00e9s comme\u00a0<a href=\"http:\/\/www.lefigaro.fr\/sports\/rugby\/top-14-fin-de-saison-pour-le-talonneur-toulousain-peato-mauvaka-touche-au-genou-a-l-entrainement-20250430\" data-fig-type=\"NewsFlash\" data-gtm-custom-categorie=\"navigation\" data-gtm-custom-action=\"crossclick\" data-gtm-custom-label=\"Contextuel\" data-gtm-event=\"customEventSPE\" data-fig-domain=\"LEFIGARO\" target=\"_blank\" rel=\"noopener\">Mauvaka<\/a>,\u00a0<a href=\"http:\/\/www.lefigaro.fr\/sports\/rugby\/top-14\/rugby-antoine-dupont-poursuit-sa-reeducation-apres-sa-grave-blessure-en-video-20250530\" data-fig-type=\"NewsFlash\" data-gtm-custom-categorie=\"navigation\" data-gtm-custom-action=\"crossclick\" data-gtm-custom-label=\"Contextuel\" data-gtm-event=\"customEventSPE\" data-fig-domain=\"LEFIGARO\" target=\"_blank\" rel=\"noopener\">Dupont<\/a>\u00a0ou\u00a0<a href=\"http:\/\/www.lefigaro.fr\/sports\/rugby\/top-14\/top-14-le-toulousain-capuozzo-officialise-son-forfait-jusqu-a-la-fin-de-saison-20250610\" data-fig-type=\"NewsFlash\" data-gtm-custom-categorie=\"navigation\" data-gtm-custom-action=\"crossclick\" data-gtm-custom-label=\"Contextuel\" data-gtm-event=\"customEventSPE\" data-fig-domain=\"LEFIGARO\" target=\"_blank\" rel=\"noopener\">Capuozzo<\/a>, entre autres.<\/p>\n<p class=\"fig-paragraph\">De l\u2019autre c\u00f4t\u00e9, c\u2019est l\u2019<a href=\"http:\/\/www.lefigaro.fr\/sports\/rugby\/top-14\/bayonne-et-toulon-la-ferveur-des-outsiders-a-l-assaut-des-ogres-du-top-14-20250615\" data-fig-type=\"Article\" data-gtm-custom-categorie=\"navigation\" data-gtm-custom-action=\"crossclick\" data-gtm-custom-label=\"Contextuel\" data-gtm-event=\"customEventSPE\" data-fig-domain=\"LEFIGARO\" target=\"_blank\" rel=\"noopener\">Aviron Bayonnais<\/a>\u00a0qui, 42 ans apr\u00e8s, a rejoint les demi-finales de Top 14. Une v\u00e9ritable surprise. Les joueurs de Gr\u00e9gory Patat ont battu\u00a0<a href=\"http:\/\/www.lefigaro.fr\/sports\/rugby\/top-14\/bayonne-clermont-les-coups-de-coeur-et-coups-de-griffe-de-notre-envoye-special-20250614\" data-fig-type=\"NewsFlash\" data-gtm-custom-categorie=\"navigation\" data-gtm-custom-action=\"crossclick\" data-gtm-custom-label=\"Contextuel\" data-gtm-event=\"customEventSPE\" data-fig-domain=\"LEFIGARO\" target=\"_blank\" rel=\"noopener\">Clermont<\/a>\u00a0sous la pluie (20-3). Les Basques, qui ne savent pas encore s\u2019ils pourront compter sur\u00a0<a href=\"http:\/\/www.lefigaro.fr\/sports\/rugby\/top-14\/top-14-bayonne-tuilagi-forfait-et-carreras-incertain-avant-le-barrage-contre-clermont-20250610\" data-fig-type=\"NewsFlash\" data-gtm-custom-categorie=\"navigation\" data-gtm-custom-action=\"crossclick\" data-gtm-custom-label=\"Contextuel\" data-gtm-event=\"customEventSPE\" data-fig-domain=\"LEFIGARO\" target=\"_blank\" rel=\"noopener\">Manu Tuilagi<\/a>, arrivent avec tout \u00e0 gagner.<\/p>\n<p>O\u00f9 et quand voir Toulouse-Bayonne\u00a0?<\/p>\n<p class=\"fig-paragraph\">La premi\u00e8re demi-finale pr\u00e9vue au Groupama Stadium de Lyon se disputera ce vendredi 20 juin \u00e0 21h05. Le match sera \u00e0 suivre sur les antennes de Canal\u00a0+ et sera en direct-comment\u00e9 sur le site du Figaro.<\/p>\n<p class=\"fig-paragraph\"><strong>\u00c0 VOIR AUSSI \u2013 <\/strong>Randonn\u00e9e, animaux sauvages, beach soccer&#8230; Les Bleues du foot pr\u00e9parent l\u2019Euro 2025 au Pays basque<\/p>\n","protected":false},"excerpt":{"rendered":"Ce vendredi \u00e0 Lyon, le Stade Toulousain d\u00e9fie Bayonne pour une place en finale. La semaine pass\u00e9e, le\u00a0Stade&hellip;\n","protected":false},"author":2,"featured_media":184390,"comment_status":"","ping_status":"","sticky":false,"template":"","format":"standard","meta":{"footnotes":""},"categories":[9619],"tags":[1111,11,4736,525,4590,1981,2313,814,1777,674,1011,27,955,12,4589,882,2311,25,1980,479,2259,476,8541,478,2310,2312],"class_list":{"0":"post-184389","1":"post","2":"type-post","3":"status-publish","4":"format-standard","5":"has-post-thumbnail","7":"category-toulon","8":"tag-actu","9":"tag-actualites","10":"tag-aviron-bayonnais","11":"tag-calendrier","12":"tag-championnat-france","13":"tag-classement","14":"tag-clermont","15":"tag-direct","16":"tag-eu","17":"tag-europe","18":"tag-fr","19":"tag-france","20":"tag-match","21":"tag-news","22":"tag-phase-finale","23":"tag-provence-alpes-cote-dazur","24":"tag-racing","25":"tag-republique-francaise","26":"tag-resultats","27":"tag-rugby","28":"tag-score","29":"tag-stade-toulousain","30":"tag-thomas-ramos","31":"tag-top-14","32":"tag-toulon","33":"tag-toulouse"},"share_on_mastodon":{"url":"https:\/\/pubeurope.com\/@fr\/114701020923174545","error":""},"_links":{"self":[{"href":"https:\/\/www.europesays.com\/fr\/wp-json\/wp\/v2\/posts\/184389","targetHints":{"allow":["GET"]}}],"collection":[{"href":"https:\/\/www.europesays.com\/fr\/wp-json\/wp\/v2\/posts"}],"about":[{"href":"https:\/\/www.europesays.com\/fr\/wp-json\/wp\/v2\/types\/post"}],"author":[{"embeddable":true,"href":"https:\/\/www.europesays.com\/fr\/wp-json\/wp\/v2\/users\/2"}],"replies":[{"embeddable":true,"href":"https:\/\/www.europesays.com\/fr\/wp-json\/wp\/v2\/comments?post=184389"}],"version-history":[{"count":0,"href":"https:\/\/www.europesays.com\/fr\/wp-json\/wp\/v2\/posts\/184389\/revisions"}],"wp:featuredmedia":[{"embeddable":true,"href":"https:\/\/www.europesays.com\/fr\/wp-json\/wp\/v2\/media\/184390"}],"wp:attachment":[{"href":"https:\/\/www.europesays.com\/fr\/wp-json\/wp\/v2\/media?parent=184389"}],"wp:term":[{"taxonomy":"category","embeddable":true,"href":"https:\/\/www.europesays.com\/fr\/wp-json\/wp\/v2\/categories?post=184389"},{"taxonomy":"post_tag","embeddable":true,"href":"https:\/\/www.europesays.com\/fr\/wp-json\/wp\/v2\/tags?post=184389"}],"curies":[{"name":"wp","href":"https:\/\/api.w.org\/{rel}","templated":true}]}}