{"id":184393,"date":"2025-06-17T22:18:09","date_gmt":"2025-06-17T22:18:09","guid":{"rendered":"https:\/\/www.europesays.com\/fr\/184393\/"},"modified":"2025-06-17T22:18:09","modified_gmt":"2025-06-17T22:18:09","slug":"la-dispute-entre-enfants-degenere-le-pere-intervient-avec-un-couteau-de-40-cm","status":"publish","type":"post","link":"https:\/\/www.europesays.com\/fr\/184393\/","title":{"rendered":"la dispute entre enfants d\u00e9g\u00e9n\u00e8re, le p\u00e8re intervient avec un couteau de 40 cm"},"content":{"rendered":"<p>            Par<br \/>\n        <strong><br \/>\n            <a href=\"https:\/\/actu.fr\/auteur\/lea-pippinato\" title=\"Consulter tous les articles de L\u00e9a Pippinato\" rel=\"nofollow noopener\" target=\"_blank\">L\u00e9a Pippinato<\/a><br \/>\n        <\/strong><\/p>\n<p>        Publi\u00e9 le<\/p>\n<p>            17 juin 2025 \u00e0 18h31        <\/p>\n<p><strong>Ce samedi 14 juin 2025<\/strong>, \u00e0 Montpellier, un appel pass\u00e9 aux alentours de 17h30 alerte les services de police. Un homme poursuivrait plusieurs adolescents avec une machette sur un terrain de football de la cit\u00e9 Astruc.<\/p>\n<p>    <a href=\"https:\/\/www.google.com\/maps\/embed?pb=!1m18!1m12!1m3!1d2888.8186091976067!2d3.852447976459972!3d43.610318271104155!2m3!1f0!2f0!3f0!3m2!1i1024!2i768!4f13.1!3m3!1m2!1s0x12b6ae581bb92083%3A0x223e69eb193f7d65!2sAstruc!5e0!3m2!1sfr!2sfr!4v1750173822550!5m2!1sfr!2sfr\" title=\"Ouvrie le lien\" rel=\"nofollow noopener\" target=\"_blank\">Cliquez ici pour visualiser le contenu<\/a><\/p>\n<p class=\" wall-content\">L\u2019information est imm\u00e9diatement prise au s\u00e9rieux. Le message initial fait \u00e9tat de plusieurs bless\u00e9s. La situation d\u00e9crite laisse craindre une agression violente en cours. Un \u00e9quipage de la compagnie d\u2019intervention est d\u00e9p\u00each\u00e9 en urgence.<\/p>\n<p>Interpellation sans r\u00e9sistance de l\u2019individu suspect<\/p>\n<p class=\" wall-content\">Sur place, les forces de l\u2019ordre rep\u00e8rent rapidement l\u2019individu suspect. Il ne tente pas de fuir. L\u2019interpellation se d\u00e9roule sans heurt. \u00c0 ce moment-l\u00e0, aucun bless\u00e9 n\u2019est signal\u00e9. L\u2019arme mentionn\u00e9e dans l\u2019appel n\u2019est pas retrouv\u00e9e sur lui. Les policiers l\u2019interrogent, et il indique que l\u2019arme est chez lui, dans son appartement. Une perquisition est men\u00e9e sans d\u00e9lai. Un couteau d\u2019environ 40 centim\u00e8tres de long est d\u00e9couvert. L\u2019homme pr\u00e9sente une plaie \u00e0 la main. Il affirme s\u2019\u00eatre bless\u00e9 lui-m\u00eame. Aucun des quatre adolescents impliqu\u00e9s n\u2019a \u00e9t\u00e9 touch\u00e9 physiquement. La situation, initialement pr\u00e9sent\u00e9e comme une agression avec plusieurs victimes, s\u2019av\u00e8re moins grave que redout\u00e9.\u00a0<\/p>\n<p class=\" wall-content\">Les adolescents concern\u00e9s sont quatre fr\u00e8res, \u00e2g\u00e9s respectivement de 10 \u00e0 16 ans. Tous vivent dans la cit\u00e9 Astruc. L\u2019homme interpell\u00e9 est le p\u00e8re d\u2019un autre enfant du quartier. Selon ses d\u00e9clarations, le litige opposait son fils aux quatre fr\u00e8res, et prendrait sa source dans la pratique du judo, activit\u00e9 sportive commune aux enfants. Des tensions seraient n\u00e9es entre les jeunes. L\u2019homme affirme avoir voulu r\u00e9agir \u00e0 des provocations r\u00e9p\u00e9t\u00e9es. Il met en avant le comportement qu\u2019il juge hostile des quatre fr\u00e8res envers son propre enfant. Apr\u00e8s sa garde \u00e0 vue, ce p\u00e8re de 41 ans a \u00e9t\u00e9 pr\u00e9sent\u00e9 au parquet de Montpellier, puis plac\u00e9 sous contr\u00f4le judiciaire.<\/p>\n<p>Vid\u00e9os : en ce moment sur Actu<\/p>\n<p class=\" wall-content\">Suivez toute l\u2019actualit\u00e9 de vos villes et m\u00e9dias favoris en vous inscrivant \u00e0 <a href=\"https:\/\/moncompte.actu.fr\" title=\"D\u00e9couvez Mon Actu\" rel=\"nofollow noopener\" data-trk=\"{&quot;cta&quot;:{&quot;action&quot;:&quot;https:\\\/\\\/moncompte.actu.fr&quot;,&quot;category&quot;:&quot;mon compte&quot;,&quot;from&quot;:&quot;article footer&quot;,&quot;name&quot;:&quot;Mon actu&quot;,&quot;type&quot;:&quot;cta&quot;}}\" target=\"_blank\">Mon Actu<\/a>.<\/p>\n","protected":false},"excerpt":{"rendered":"Par L\u00e9a Pippinato Publi\u00e9 le 17 juin 2025 \u00e0 18h31 Ce samedi 14 juin 2025, \u00e0 Montpellier, un&hellip;\n","protected":false},"author":2,"featured_media":184394,"comment_status":"","ping_status":"","sticky":false,"template":"","format":"standard","meta":{"footnotes":""},"categories":[9599],"tags":[1111,11,1719,1777,674,118,1011,27,2208,12,2680,1072,25,7501],"class_list":{"0":"post-184393","1":"post","2":"type-post","3":"status-publish","4":"format-standard","5":"has-post-thumbnail","7":"category-montpellier","8":"tag-actu","9":"tag-actualites","10":"tag-enfants","11":"tag-eu","12":"tag-europe","13":"tag-faits-divers","14":"tag-fr","15":"tag-france","16":"tag-montpellier","17":"tag-news","18":"tag-occitanie","19":"tag-police","20":"tag-republique-francaise","21":"tag-violences-urbaines"},"share_on_mastodon":{"url":"https:\/\/pubeurope.com\/@fr\/114701028852738276","error":""},"_links":{"self":[{"href":"https:\/\/www.europesays.com\/fr\/wp-json\/wp\/v2\/posts\/184393","targetHints":{"allow":["GET"]}}],"collection":[{"href":"https:\/\/www.europesays.com\/fr\/wp-json\/wp\/v2\/posts"}],"about":[{"href":"https:\/\/www.europesays.com\/fr\/wp-json\/wp\/v2\/types\/post"}],"author":[{"embeddable":true,"href":"https:\/\/www.europesays.com\/fr\/wp-json\/wp\/v2\/users\/2"}],"replies":[{"embeddable":true,"href":"https:\/\/www.europesays.com\/fr\/wp-json\/wp\/v2\/comments?post=184393"}],"version-history":[{"count":0,"href":"https:\/\/www.europesays.com\/fr\/wp-json\/wp\/v2\/posts\/184393\/revisions"}],"wp:featuredmedia":[{"embeddable":true,"href":"https:\/\/www.europesays.com\/fr\/wp-json\/wp\/v2\/media\/184394"}],"wp:attachment":[{"href":"https:\/\/www.europesays.com\/fr\/wp-json\/wp\/v2\/media?parent=184393"}],"wp:term":[{"taxonomy":"category","embeddable":true,"href":"https:\/\/www.europesays.com\/fr\/wp-json\/wp\/v2\/categories?post=184393"},{"taxonomy":"post_tag","embeddable":true,"href":"https:\/\/www.europesays.com\/fr\/wp-json\/wp\/v2\/tags?post=184393"}],"curies":[{"name":"wp","href":"https:\/\/api.w.org\/{rel}","templated":true}]}}