{"id":18440,"date":"2025-04-11T22:44:15","date_gmt":"2025-04-11T22:44:15","guid":{"rendered":"https:\/\/www.europesays.com\/fr\/18440\/"},"modified":"2025-04-11T22:44:15","modified_gmt":"2025-04-11T22:44:15","slug":"concours-deloquence-nikaia-la-jeunesse-a-de-lhumour-et-du-panache","status":"publish","type":"post","link":"https:\/\/www.europesays.com\/fr\/18440\/","title":{"rendered":"Concours d\u2019\u00e9loquence NIKA\u00cfA : La jeunesse a de l\u2019humour et du panache"},"content":{"rendered":"<p>                    <img loading=\"lazy\" decoding=\"async\" src=\"https:\/\/www.europesays.com\/fr\/wp-content\/uploads\/2025\/04\/a786235084fa7c680a6bad07d24855.jpg\" class=\"img-responsive post-image\" width=\"680\" height=\"510\" alt=\"Concours d'\u00e9loquence (\u2026)\" title=\"Concours d'\u00e9loquence NIKA\u00cfA : La jeunesse a de l'humour et du panache\"\/><\/p>\n<p class=\"chapo\">Pour sa 8e \u00e9dition, le prestigieux concours organis\u00e9 par le bureau des \u00e9tudiants en Droit et Science politique de Nice retrouvait pour la finale le somptueux amphith\u00e9\u00e2tre du CUM, mardi 8 avril.<\/p>\n<p>Cinq semaines d\u00e9j\u00e0 que les candidats encha\u00eenent les joutes verbales pour franchir les \u00e9tapes de la s\u00e9lection. En pr\u00e9ambule, la doyenne de la facult\u00e9, <strong>Eva Mouial-Bassilana<\/strong>, souhaite exprimer son admiration envers les finalistes\u00a0: \u00ab\u00a0 C\u2019est un plaisir d\u2019observer ces jeunes \u00e9tudiants, leur humour, les arguments, la dose d\u2019improvisation, l\u2019\u00e0-propos, cela laisse pantois. Je suis impressionn\u00e9e par leur courage. Par avance ils sont tous gagnants ce soir car ils vont au-del\u00e0 du stress pour vous montrer que l\u2019art oratoire est la meilleure fa\u00e7on de croiser le fer \u00e0 l\u2019heure des r\u00e9seaux sociaux. Savoir convaincre par les mots, c\u2019est le plus s\u00fbr moyen de d\u00e9fendre de belles valeurs.\u00a0\u00bb Un discours bref mais chaleureux pour encourager les jeunes orateurs impatients d\u2019en d\u00e9coudre face aux sept membres du jury et du public du centre universitaire m\u00e9diterran\u00e9en.<\/p>\n<p>\t\t<img loading=\"lazy\" decoding=\"async\" src=\"https:\/\/www.europesays.com\/fr\/wp-content\/uploads\/2025\/04\/design_sans_titre-2.png\" width=\"700\" height=\"400\" alt=\"\"\/><\/p>\n<p>Seul face au jury\u00a0! \u00a9ME\n<\/p>\n<p>\u00ab\u00a0Un frisson qui fait du bien\u00a0\u00bb<\/p>\n<p>\t\t<img loading=\"lazy\" decoding=\"async\" src=\"https:\/\/www.europesays.com\/fr\/wp-content\/uploads\/2025\/04\/ewan_corinaldesi_et_chloe_derrien_c_me.png\" width=\"400\" height=\"400\" alt=\"\"\/><\/p>\n<p>Ewan Corinaldesi et Chloe Derrien \u00a9ME\n<\/p>\n<p>Lors des tests micro, les voix sont un peu chevrotantes et l\u00e9g\u00e8rement h\u00e9sitantes face \u00e0 une assistance avide de bons mots, de r\u00e9f\u00e9rences litt\u00e9raires et philosophiques. \u00ab\u00a0On a toujours peur de commencer \u00e0 parler d\u00e8s qu\u2019il faut qu\u2019on se lance mais apr\u00e8s on en profite. C\u2019est un message \u00e0 tous les grands timides dont, plus jeune, je faisais partie. C\u2019est un frisson qui fait du bien.\u00a0\u00bb <strong>Ewan Corinaldesi<\/strong>, vainqueur de la grande finale, pose rapidement sa voix et trouve sa posture pour d\u00e9battre du sujet\u00a0: \u00ab\u00a0<strong>l\u2019humanit\u00e9 m\u00e9rite-t-elle d\u2019\u00eatre sauv\u00e9e\u00a0?<\/strong>\u00a0\u00bb Le jeune \u00e9tudiant en premi\u00e8re ann\u00e9e de droit aff\u00fbte ses arguments pour d\u00e9fendre le oui que le sort venait de lui attribuer quelques minutes auparavant (contrainte in\u00e9dite cette ann\u00e9e). Ewan impressionne par sa capacit\u00e9 \u00e0 m\u00ealer humour et r\u00e9f\u00e9rences historiques\u00a0: \u00ab\u00a0L\u2019humanit\u00e9, cet \u00eatre supr\u00eame, si cher \u00e0 Robespierre qui en perdit la t\u00eate\u00a0\u00bb (rires de l\u2019assembl\u00e9e). Le jeune homme d\u2019origine italienne en appelle au philosophe allemand Arthur Schopenhauer (\u00ab\u00a0l\u2019humanit\u00e9, c\u2019est au plus profond de soi la volont\u00e9 de vivre \u00a0\u00bb) pour convaincre le jury. <strong>Chlo\u00e9 Derrien<\/strong>, \u00e9tudiante en troisi\u00e8me ann\u00e9e de cycle pluridisciplinaire \u00e0 la facult\u00e9 de Saint-Jean-d\u2019Ang\u00e9ly, a la lourde t\u00e2che de plaider pour le non. La jeune femme tient le public en haleine, rendant ses silences \u00e9loquents et reprenant \u00e0 son compte les codes de la trag\u00e9die\u00a0: \u00ab\u00a0Je suis navr\u00e9e mais je ne pourrai pas vous sauver. Ce soir, le jugement doit tomber et il ne sera pas glorieux pour l\u2019accus\u00e9. Chacun est un loup pour l\u2019autre, l\u2019humanit\u00e9 ne m\u00e9rite pas d\u2019\u00eatre sauv\u00e9e car l\u2019homme est fondamentalement mauvais.\u00a0\u00bb<\/p>\n<p>\t\t<img loading=\"lazy\" decoding=\"async\" src=\"https:\/\/www.europesays.com\/fr\/wp-content\/uploads\/2025\/04\/design_sans_titre_copie.png\" width=\"700\" height=\"400\" alt=\"\"\/><\/p>\n<p>Un jury s\u00e9duit par la qualit\u00e9 des prestations \u00a9ME\n<\/p>\n<p>Charmeurs de jury<\/p>\n<p>\t\t<img loading=\"lazy\" decoding=\"async\" src=\"https:\/\/www.europesays.com\/fr\/wp-content\/uploads\/2025\/04\/arthur_menguy_et_noah_saffar_c_me.png\" width=\"400\" height=\"400\" alt=\"\"\/><\/p>\n<p>Arthur Menguy et Noah Saffar \u00a9ME\n<\/p>\n<p>Apr\u00e8s leur discours, les candidats r\u00e9pondent aux questions du jury, ne ratant pas l\u2019occasion de s\u2019envoyer des piques pour le plus grand plaisir de l\u2019assistance, qui rit \u00e0 gorge d\u00e9ploy\u00e9e. Chlo\u00e9, l\u2019impertinente, pour Ewan\u00a0: \u00ab\u00a0Je n\u2019ai pas vraiment compris votre argument\u2026 \u00a0\u00bb Et quand la doyenne de la facult\u00e9 demande\u00a0: \u00ab\u00a0 Qui jugera du m\u00e9rite de l\u2019humanit\u00e9 \u00e0 \u00eatre sauv\u00e9e\u00a0?\u00a0\u00bb, le s\u00e9millant Ewan de r\u00e9pondre\u00a0\u00a0: \u00ab\u00a0 Ce sont les sept jurys pr\u00e9sents ici ce soir pour nous.\u00a0\u00bb et de provoquer l\u2019hilarit\u00e9 g\u00e9n\u00e9rale. Ewan a fait preuve d\u2019un grand talent oratoire, qui sera bien utile au futur avocat, qui se destine \u00e9galement \u00e0 une carri\u00e8re politique\u00a0; un mandat de maire ne serait pas pour lui d\u00e9plaire. Chlo\u00e9, quant \u00e0 elle, sait ce qu\u2019elle veut et le dit avec conviction\u00a0: \u00ab\u00a0 Je veux avoir un impact sur la soci\u00e9t\u00e9.\u00a0\u00bb<br class=\"autobr\"\/><br \/>\nLors de la petite finale, les deux autres candidats ont d\u00fb d\u00e9battre de la question \u00ab\u00a0<strong> La paix est-elle un fruit gorg\u00e9 de sang\u00a0?<\/strong>\u00a0\u00bb C\u2019est<strong> Arthur Menguy, <\/strong> d\u00e9fenseur du non, qui l\u2019a emport\u00e9 face \u00e0 <strong>Noah Saffar<\/strong> en affirmant notamment que la paix a besoin d\u2019entente, d\u2019entraide et qu\u2019elle est plut\u00f4t un fruit gorg\u00e9 d\u2019espoir.<\/p>\n<p>\t\t<img loading=\"lazy\" decoding=\"async\" src=\"https:\/\/www.europesays.com\/fr\/wp-content\/uploads\/2025\/04\/design_sans_titre-3.png\" width=\"700\" height=\"400\" alt=\"\"\/><\/p>\n<p>Le cncours est organis\u00e9 par les membres du BDE DROIT \u00a9ME<\/p>\n","protected":false},"excerpt":{"rendered":"Pour sa 8e \u00e9dition, le prestigieux concours organis\u00e9 par le bureau des \u00e9tudiants en Droit et Science politique&hellip;\n","protected":false},"author":2,"featured_media":18441,"comment_status":"","ping_status":"","sticky":false,"template":"","format":"standard","meta":{"footnotes":""},"categories":[2819],"tags":[1111,11,2408,1777,674,1011,27,12,2401,882,25],"class_list":{"0":"post-18440","1":"post","2":"type-post","3":"status-publish","4":"format-standard","5":"has-post-thumbnail","7":"category-nice","8":"tag-actu","9":"tag-actualites","10":"tag-appels-d","11":"tag-eu","12":"tag-europe","13":"tag-fr","14":"tag-france","15":"tag-news","16":"tag-nice","17":"tag-provence-alpes-cote-dazur","18":"tag-republique-francaise"},"share_on_mastodon":{"url":"https:\/\/pubeurope.com\/@fr\/114321756286219473","error":""},"_links":{"self":[{"href":"https:\/\/www.europesays.com\/fr\/wp-json\/wp\/v2\/posts\/18440","targetHints":{"allow":["GET"]}}],"collection":[{"href":"https:\/\/www.europesays.com\/fr\/wp-json\/wp\/v2\/posts"}],"about":[{"href":"https:\/\/www.europesays.com\/fr\/wp-json\/wp\/v2\/types\/post"}],"author":[{"embeddable":true,"href":"https:\/\/www.europesays.com\/fr\/wp-json\/wp\/v2\/users\/2"}],"replies":[{"embeddable":true,"href":"https:\/\/www.europesays.com\/fr\/wp-json\/wp\/v2\/comments?post=18440"}],"version-history":[{"count":0,"href":"https:\/\/www.europesays.com\/fr\/wp-json\/wp\/v2\/posts\/18440\/revisions"}],"wp:featuredmedia":[{"embeddable":true,"href":"https:\/\/www.europesays.com\/fr\/wp-json\/wp\/v2\/media\/18441"}],"wp:attachment":[{"href":"https:\/\/www.europesays.com\/fr\/wp-json\/wp\/v2\/media?parent=18440"}],"wp:term":[{"taxonomy":"category","embeddable":true,"href":"https:\/\/www.europesays.com\/fr\/wp-json\/wp\/v2\/categories?post=18440"},{"taxonomy":"post_tag","embeddable":true,"href":"https:\/\/www.europesays.com\/fr\/wp-json\/wp\/v2\/tags?post=18440"}],"curies":[{"name":"wp","href":"https:\/\/api.w.org\/{rel}","templated":true}]}}