{"id":184407,"date":"2025-06-17T22:28:11","date_gmt":"2025-06-17T22:28:11","guid":{"rendered":"https:\/\/www.europesays.com\/fr\/184407\/"},"modified":"2025-06-17T22:28:11","modified_gmt":"2025-06-17T22:28:11","slug":"strasbourg-le-retour-en-catimini-des-corridors-de-fraicheur-place-kleber-et-place-de-la-gare-2","status":"publish","type":"post","link":"https:\/\/www.europesays.com\/fr\/184407\/","title":{"rendered":"Strasbourg. Le retour en catimini des \u00ab\u00a0corridors de fra\u00eecheur\u00a0\u00bb place Kl\u00e9ber et place de la Gare"},"content":{"rendered":"<p>Les huit bancs incurv\u00e9s \u00e0 lattes sont tous occup\u00e9s. Pri\u00e8re de ne pas d\u00e9ranger. Sous les parasols, le min\u00e9ral et les pav\u00e9s. Seules quelques plantes d\u00e9coratives parviennent \u00e0 s\u2019accrocher \u00e0 une structure bois\u00e9e, dans le coin nord-est de la place Kl\u00e9ber.<\/p>\n<p>Pour le reste, c\u2019est la toile des parasols qui peine \u00e0 tamiser les ardents rayons solaires de l\u2019hyper centre-ville. Certains en profitent pour prendre un bain de soleil.<\/p>\n<p>  Durable et \u00e9ph\u00e9m\u00e8re<\/p>\n<p>Quant au co\u00fbt du dispositif \u00e9ph\u00e9m\u00e8re, c\u2019\u00e9tait Byzance, \u00e0 l\u2019\u00e9poque\u00a0: il avait \u00e9t\u00e9 \u00e9valu\u00e9 en 2021 entre 150\u00a0000\u00a0et 200\u00a0000 euros. On semble loin de ces montants aujourd\u2019hui. La municipalit\u00e9 \u00e9cologiste ne communique plus sur le sujet.<\/p>\n<p>En revanche, sur le dispositif durable,<a href=\"https:\/\/www.dna.fr\/environnement\/2025\/05\/06\/plan-canopee-contre-les-coups-de-chaud-deja-plus-de-5-000-arbres-plantes\" target=\"_blank\" rel=\"nofollow noopener\"> le plan Canop\u00e9e devant soutenir la v\u00e9g\u00e9talisation de Strasbourg<\/a> suit son cours. M\u00eame si <a href=\"https:\/\/www.dna.fr\/economie\/2025\/06\/13\/rue-melanie-la-circulation-l-emporte-sur-les-arbres-et-le-stationnement\" target=\"_blank\" rel=\"nofollow noopener\">quelques arbres fra\u00eechement plant\u00e9s<\/a> ont d\u00fb interrompre leur croissance rue M\u00e9lanie pour permettre de fluidifier la circulation vers le Parc de Pourtal\u00e8s. Quand le durable devient \u00e9ph\u00e9m\u00e8re par la force des choses&#8230;<\/p>\n","protected":false},"excerpt":{"rendered":"Les huit bancs incurv\u00e9s \u00e0 lattes sont tous occup\u00e9s. Pri\u00e8re de ne pas d\u00e9ranger. Sous les parasols, le&hellip;\n","protected":false},"author":2,"featured_media":184408,"comment_status":"","ping_status":"","sticky":false,"template":"","format":"standard","meta":{"footnotes":""},"categories":[2820],"tags":[1111,11,6698,2880,436,1777,674,107,1011,27,775,8423,12,5140,25,12817,640,2879],"class_list":{"0":"post-184407","1":"post","2":"type-post","3":"status-publish","4":"format-standard","5":"has-post-thumbnail","7":"category-strasbourg","8":"tag-actu","9":"tag-actualites","10":"tag-canicule","11":"tag-edition-strasbourg","12":"tag-environnement","13":"tag-eu","14":"tag-europe","15":"tag-fil-info","16":"tag-fr","17":"tag-france","18":"tag-grand-est","19":"tag-meteorologie-climat","20":"tag-news","21":"tag-rechauffement-climatique","22":"tag-republique-francaise","23":"tag-secheresse","24":"tag-strasbourg","25":"tag-strasbourg-ville"},"share_on_mastodon":{"url":"https:\/\/pubeurope.com\/@fr\/114701068131579383","error":""},"_links":{"self":[{"href":"https:\/\/www.europesays.com\/fr\/wp-json\/wp\/v2\/posts\/184407","targetHints":{"allow":["GET"]}}],"collection":[{"href":"https:\/\/www.europesays.com\/fr\/wp-json\/wp\/v2\/posts"}],"about":[{"href":"https:\/\/www.europesays.com\/fr\/wp-json\/wp\/v2\/types\/post"}],"author":[{"embeddable":true,"href":"https:\/\/www.europesays.com\/fr\/wp-json\/wp\/v2\/users\/2"}],"replies":[{"embeddable":true,"href":"https:\/\/www.europesays.com\/fr\/wp-json\/wp\/v2\/comments?post=184407"}],"version-history":[{"count":0,"href":"https:\/\/www.europesays.com\/fr\/wp-json\/wp\/v2\/posts\/184407\/revisions"}],"wp:featuredmedia":[{"embeddable":true,"href":"https:\/\/www.europesays.com\/fr\/wp-json\/wp\/v2\/media\/184408"}],"wp:attachment":[{"href":"https:\/\/www.europesays.com\/fr\/wp-json\/wp\/v2\/media?parent=184407"}],"wp:term":[{"taxonomy":"category","embeddable":true,"href":"https:\/\/www.europesays.com\/fr\/wp-json\/wp\/v2\/categories?post=184407"},{"taxonomy":"post_tag","embeddable":true,"href":"https:\/\/www.europesays.com\/fr\/wp-json\/wp\/v2\/tags?post=184407"}],"curies":[{"name":"wp","href":"https:\/\/api.w.org\/{rel}","templated":true}]}}