{"id":184409,"date":"2025-06-17T22:29:11","date_gmt":"2025-06-17T22:29:11","guid":{"rendered":"https:\/\/www.europesays.com\/fr\/184409\/"},"modified":"2025-06-17T22:29:11","modified_gmt":"2025-06-17T22:29:11","slug":"la-generation-negre-evoque-son-maire-qui-fete-ses-30-ans-a-la-tete-de-cagnes-sur-mer","status":"publish","type":"post","link":"https:\/\/www.europesays.com\/fr\/184409\/","title":{"rendered":"La g\u00e9n\u00e9ration N\u00e8gre \u00e9voque son maire qui f\u00eate ses 30 ans \u00e0 la t\u00eate de Cagnes-sur-Mer"},"content":{"rendered":"<p>Louis N\u00e8gre c\u00e9l\u00e8bre, ce mercredi 18 juin 2025, ses trente ans \u00e0 la t\u00eate de la mairie de Cagnes-sur-Mer. \u00c9lu en 1995, r\u00e9\u00e9lu en 2001, 2008, 2014 et 2020, il est \u00e0 nouveau candidat en 2026. Le maire, \u00e2g\u00e9 de 78 ans, a vu na\u00eetre ou grandir une g\u00e9n\u00e9ration de Cagnoises et de Cagnois. Que retiennent ceux qui n\u2019ont connu que Louis N\u00e8gre comme maire ou enfin presque?<\/p>\n<p>Thomas est n\u00e9 \u00e0 Cagnes il y a 23 ans. Son premier souvenir de Louis N\u00e8gre, m\u00eame fugace, il le date de 2009. Il avait 7 ans. C\u2019\u00e9tait lors d\u2019une f\u00eate au Haut-de-Cagnes. \u00ab\u00a0Le maire serrait beaucoup de mains. Mais la premi\u00e8re fois que je lui ai vraiment parl\u00e9, c\u2019\u00e9tait lors d\u2019une c\u00e9r\u00e9monie pour l\u2019obtention de mon baccalaur\u00e9at. Il nous a dit qu\u2019il \u00e9tait fier de nous, car on repr\u00e9sentait la Ville.\u00a0\u00bb Le jeune homme qui a rejoint la capitale pour faire des \u00e9tudes de logistique retient du maire \u00ab\u00a0la cr\u00e9ation de Polygone qui m\u2019a permis de sortir \u00e0 Cagnes et la modernisation du bord de mer qui est devenue tr\u00e8s agr\u00e9able pour faire du v\u00e9lo\u00a0\u00bb.<\/p>\n<p>\u00ab\u00a0Je n\u2019ai jamais pu pratiquer mon sport ici, le rugby\u00a0\u00bb<\/p>\n<p>A contrario, Thomas regrette \u00ab\u00a0le manque de divertissements et de sorties culturelles. \u00c0 part le mus\u00e9e Renoir, il y a peu ou pas d\u2019expositions\u00a0\u00bb. Autre b\u00e9mol: \u00ab\u00a0Je n\u2019ai jamais pu pratiquer mon sport ici, le rugby\u00a0\u00bb. La politique, Thomas s\u2019en est \u00ab\u00a0toujours moqu\u00e9e. Il y avait Louis N\u00e8gre et personne d\u2019autre. C\u2019\u00e9tait rassurant, mais en m\u00eame temps \u00e7a m\u2019a d\u00e9sint\u00e9ress\u00e9 de la politique\u00a0\u00bb.<\/p>\n<p>Clo\u00e9 a 18 ans. La jeune Cagnoise fr\u00e9quente tr\u00e8s souvent \u00ab\u00a0le parc des Canebiers. Mais elle trouve que l\u2019ancien parc de La Villette faisait plus esprit village. On y rencontrait forc\u00e9ment quelqu\u2019un qu\u2019on connaissait\u00a0\u00bb. Clo\u00e9 trouve que \u00ab\u00a0le maire a de bons projets pour am\u00e9liorer la Ville. Le stade Sauvaigo est par exemple une r\u00e9ussite\u00a0\u00bb.<\/p>\n<p>              <img ci-src=\"https:\/\/www.nicematin.com\/politique\/protec\/DATA_ART_15733338-rdYgf4EQ.jpg?vh=42390b&amp;ci_seal=e451945732\" alt=\"\"\/><br \/>\n        Nicolas (43 ans) <strong>Photo A. R..<\/strong> <\/p>\n<p>              <img ci-src=\"https:\/\/www.nicematin.com\/politique\/protec\/DATA_ART_15733337-T3n4BGjm.jpg?vh=967c2f&amp;ci_seal=96360fb1b7\" alt=\"\"\/><br \/>\n        Clo\u00e9 (18 ans). <strong>Photo A. R..<\/strong> <\/p>\n<p>                                \u00ab\u00a0Un voisin que je croise depuis des ann\u00e9es\u00a0\u00bb<\/p>\n<p>Raoudha, 41 ans, est arriv\u00e9e \u00e0 Cagnes \u00e0 l\u2019\u00e2ge de 8 ans. \u00ab\u00a0Mon premier souvenir avec Louis N\u00e8gre, c\u2019\u00e9tait un 11-Novembre, j\u2019\u00e9tais pr\u00e9sente \u00e0 la c\u00e9r\u00e9monie. C\u2019\u00e9tait un pr\u00e9sident pour moi. Je l\u2019ai ensuite revu \u00e0 l\u2019\u00e9cole Le Logis. Et derni\u00e8rement \u00e0 l\u2019inauguration du parc des Canebiers.\u00a0\u00bb Alors le maire, Raoudha le voit \u00ab\u00a0plus comme un voisin que je croise depuis des ann\u00e9es\u00a0\u00bb. \u00ab\u00a0Ici on a tout, affirme-t-elle. Un conservatoire, un centre culturel, un stade.\u00a0\u00bb<\/p>\n<p>Nicolas, 43 ans, a crois\u00e9 Louis N\u00e8gre \u00ab\u00a0avant qu\u2019il soit maire, dans un comit\u00e9 de quartier\u00a0\u00bb. \u00ab\u00a0Je trouve qu\u2019il a am\u00e9lior\u00e9 le quotidien: le bord de mer, les parcs pour les enfants, la s\u00e9curit\u00e9. Je trouve qu\u2019il est globalement \u00e0 l\u2019\u00e9coute.\u00a0\u00bb<\/p>\n<p>Un peu plus loin, Paul, 23 ans, se souvient tr\u00e8s bien de la premi\u00e8re fois o\u00f9 il a rencontr\u00e9 Louis N\u00e8gre. \u00ab\u00a0J\u2019\u00e9tais en CE1. Je mangeais \u00e0 la cantine de l\u2019\u00e9cole Jean-Giono. Je me souviens d\u2019un monsieur moustachu en costard. Il avait ce c\u00f4t\u00e9 grand-p\u00e8re sympa.\u00a0\u00bb En grandissant, Paul a recrois\u00e9 \u00e0 plusieurs reprises le maire: \u00ab\u00a0Au lyc\u00e9e Renoir, puis pour la remise de ma carte \u00e9lectorale. Il m\u2019a dit: \u2018\u2018Bravo, maintenant c\u2019est du s\u00e9rieux!\u2019\u2019\u00a0\u00bb Pour lui, \u00ab\u00a0Cagnes est une ville agr\u00e9able: bords de Cagne, parc de la M\u00e9diterran\u00e9e, des Canebiers, etc. Mais il manque de lieux de sortie pour les jeunes (pubs, bowling, patinoire)\u2026 Il y aura bient\u00f4t le pumptrack, c\u2019est positif. Il faudrait \u00e9galement mettre des barres de sport en ext\u00e9rieur pr\u00e8s de la plage comme \u00e0 Saint-Laurent.\u00a0\u00bb Et d\u2019ajouter: \u00ab\u00a0Certains disent que le maire b\u00e9tonne la ville, mais il faut bien qu\u2019elle se d\u00e9veloppe. Le parking de La Villette n\u2019avait rien d\u2019un poumon vert.\u00a0\u00bb Paul confie \u00ab\u00a0adorer le Haut-de-Cagnes. Mais il faudrait qu\u2019il y ait plus de vie en dehors de l\u2019\u00e9t\u00e9 l\u00e0-bas. Pour donner envie aux Cagnois de monter, la Ville pourrait faire No\u00ebl au ch\u00e2teau. \u00c7a pourrait \u00eatre f\u00e9erique\u00a0\u00bb. Paul travaille depuis quatre ans et vit encore chez sa m\u00e8re. \u00ab\u00a0Car trouver un logement ici, c\u2019est tr\u00e8s compliqu\u00e9. Les prix sont trop \u00e9lev\u00e9s.\u00a0\u00bb<\/p>\n<p>              <img ci-src=\"https:\/\/www.nicematin.com\/politique\/protec\/DATA_ART_15733336-b96vSUFu.jpg?vh=58af76&amp;ci_seal=c1efa25d86\" alt=\"\"\/><br \/>\n        Kaoutar (43 ans).&#13;<br \/>\n <strong>Photo A. R..<\/strong> <\/p>\n<p>                                \u00ab\u00a0Humain et accessible\u00a0\u00bb<\/p>\n<p>Kaoutar, 43 ans, est Cagnoise d\u2019adoption depuis l\u2019\u00e2ge de 12 ans. \u00ab\u00a0J\u2019ai vu pour la premi\u00e8re fois Louis N\u00e8gre au coll\u00e8ge. Il \u00e9tait humain et accessible. \u00c0 chaque f\u00eate, il \u00e9tait l\u00e0.\u00a0\u00bb Alors que retient-elle de son action? \u00ab\u00a0C\u2019est un maire qui a transform\u00e9 la ville avec des parcs, une gare moderne et un bord de mer vivant. Mais Cagnes perd de son charme: il y a trop d\u2019immeubles et trop de circulation.\u00a0\u00bb<\/p>\n<p>J\u00e9r\u00e9my, 20 ans avoue n\u2019avoir \u00ab\u00a0jamais crois\u00e9 le maire. Si peut-\u00eatre une fois, au coll\u00e8ge des Br\u00e9gui\u00e8res\u00a0\u00bb. Le jeune homme passe son temps libre sur le nouveau citystade du parc des Canebiers. \u00ab\u00a0Le seul truc qui manque ici, c\u2019est du boulot. Je suis commis de cuisine \u00e0 Cannes, mais j\u2019aimerais travailler dans ma commune.\u00a0\u00bb<\/p>\n","protected":false},"excerpt":{"rendered":"Louis N\u00e8gre c\u00e9l\u00e8bre, ce mercredi 18 juin 2025, ses trente ans \u00e0 la t\u00eate de la mairie de&hellip;\n","protected":false},"author":2,"featured_media":184410,"comment_status":"","ping_status":"","sticky":false,"template":"","format":"standard","meta":{"footnotes":""},"categories":[2819],"tags":[1111,11,1777,674,7186,1011,27,12,2401,316,882,25,3366],"class_list":{"0":"post-184409","1":"post","2":"type-post","3":"status-publish","4":"format-standard","5":"has-post-thumbnail","7":"category-nice","8":"tag-actu","9":"tag-actualites","10":"tag-eu","11":"tag-europe","12":"tag-festivites","13":"tag-fr","14":"tag-france","15":"tag-news","16":"tag-nice","17":"tag-politique","18":"tag-provence-alpes-cote-dazur","19":"tag-republique-francaise","20":"tag-vie-locale"},"share_on_mastodon":{"url":"https:\/\/pubeurope.com\/@fr\/114701072101991568","error":""},"_links":{"self":[{"href":"https:\/\/www.europesays.com\/fr\/wp-json\/wp\/v2\/posts\/184409","targetHints":{"allow":["GET"]}}],"collection":[{"href":"https:\/\/www.europesays.com\/fr\/wp-json\/wp\/v2\/posts"}],"about":[{"href":"https:\/\/www.europesays.com\/fr\/wp-json\/wp\/v2\/types\/post"}],"author":[{"embeddable":true,"href":"https:\/\/www.europesays.com\/fr\/wp-json\/wp\/v2\/users\/2"}],"replies":[{"embeddable":true,"href":"https:\/\/www.europesays.com\/fr\/wp-json\/wp\/v2\/comments?post=184409"}],"version-history":[{"count":0,"href":"https:\/\/www.europesays.com\/fr\/wp-json\/wp\/v2\/posts\/184409\/revisions"}],"wp:featuredmedia":[{"embeddable":true,"href":"https:\/\/www.europesays.com\/fr\/wp-json\/wp\/v2\/media\/184410"}],"wp:attachment":[{"href":"https:\/\/www.europesays.com\/fr\/wp-json\/wp\/v2\/media?parent=184409"}],"wp:term":[{"taxonomy":"category","embeddable":true,"href":"https:\/\/www.europesays.com\/fr\/wp-json\/wp\/v2\/categories?post=184409"},{"taxonomy":"post_tag","embeddable":true,"href":"https:\/\/www.europesays.com\/fr\/wp-json\/wp\/v2\/tags?post=184409"}],"curies":[{"name":"wp","href":"https:\/\/api.w.org\/{rel}","templated":true}]}}