{"id":184423,"date":"2025-06-17T22:37:18","date_gmt":"2025-06-17T22:37:18","guid":{"rendered":"https:\/\/www.europesays.com\/fr\/184423\/"},"modified":"2025-06-17T22:37:18","modified_gmt":"2025-06-17T22:37:18","slug":"tres-rassurant-a-toulouse-ces-vigiles-sollicites-par-des-bailleurs-assurent-la-tranquillite-des-habitants","status":"publish","type":"post","link":"https:\/\/www.europesays.com\/fr\/184423\/","title":{"rendered":"\u00ab\u00a0Tr\u00e8s rassurant\u00a0\u00bb : \u00e0 Toulouse, ces vigiles sollicit\u00e9s par des bailleurs assurent la tranquillit\u00e9 des habitants"},"content":{"rendered":"<ul class=\"jsx-862013697 ArticleChapo__List\">\n<li class=\"jsx-862013697 ArticleChapo__List_Item flex\">De plus en plus de bailleurs sociaux font appel \u00e0 des soci\u00e9t\u00e9s de s\u00e9curit\u00e9 priv\u00e9es pour assurer la tranquillit\u00e9 des habitants.<\/li>\n<li class=\"jsx-862013697 ArticleChapo__List_Item flex\">\u00c0 Toulouse, ce service est assur\u00e9 dans une cinquantaine de r\u00e9sidences.<\/li>\n<li class=\"jsx-862013697 ArticleChapo__List_Item flex\">Le JT de TF1 s&rsquo;est rendu sur place pour voir comment \u00e7a fonctionne.<\/li>\n<\/ul>\n<p><a href=\"https:\/\/www.tf1info.fr\/emissions\/tf1\/le-13h-10927\/\" rel=\"noopener\" class=\"jsx-484472199 Link jsx-1428418400 jsx-640816507\" target=\"_blank\"><\/p>\n<p style=\"font-weight:400\" class=\"jsx-1837267516\">Suivez la couverture compl\u00e8te<\/p>\n<p style=\"font-weight:800\" class=\"jsx-1837267516\">Le 13H<\/p>\n<p><\/a><\/p>\n<p data-module=\"article-paragraph\" class=\"jsx-3046738180 Paragraph Paragraph__End\">Ils sont un rempart contre les squats, les incivilit\u00e9s et les d\u00e9gradations. Dans les HLM et copropri\u00e9t\u00e9s de Toulouse (Haute-Garonne), des vigiles priv\u00e9s ont pour mission de veiller \u00e0 la tranquillit\u00e9 des habitants. L&rsquo;Unit\u00e9 de Tranquillit\u00e9 et de S\u00fbret\u00e9 de l&rsquo;Immobilier (UTSI) prend son service quand commence le reportage de TF1. \u00ab\u00a0J&rsquo;ai des porte-plaque avec plaque pare-balles. On a les menottes avec nous et on est en droit de les passer\u00a0\u00bb, indique Dimitri Delaporte, responsable op\u00e9rationnel, dans la vid\u00e9o ci-dessus. Ces agents interviennent depuis deux semaines. \u00ab\u00a0On se rend directement sur place d\u00e8s qu&rsquo;on est appel\u00e9 par un copropri\u00e9taire et on traite le probl\u00e8me\u00a0\u00bb, ajoute-t-il.\u00a0<\/p>\n<blockquote class=\"jsx-2786790838 Quote__Text\"><p>Les gens rentrent le soir, ils cassent les portes, ils cassent les vitres. Il y en a eu, je ne sais pas combien de cass\u00e9es. J&rsquo;ai la frousse. <\/p><\/blockquote>\n<p>Elisabeth, une habitante<\/p>\n<p data-module=\"article-paragraph\" class=\"jsx-3046738180 Paragraph Paragraph__End\">Le probl\u00e8me en question dans cette r\u00e9sidence, c&rsquo;est qu&rsquo;elle est r\u00e9guli\u00e8rement <a href=\"https:\/\/www.tf1info.fr\/regions\/video-reportage-impossible-de-rester-a-l-interieur-une-nouvelle-solution-radicale-de-systeme-anti-intrusion-verisure-contre-les-squatteurs-experimentee-a-nice-2307829.html\" target=\"_blank\" rel=\"noopener\">squatt\u00e9e<\/a> par des individus. Dans les parties communes, les habitants retrouvent parfois des seringues. Elisabeth, elle, a d\u00e9j\u00e0 vu sa voiture fractur\u00e9e et sa cave cambriol\u00e9e. \u00ab\u00a0Les gens rentrent le soir, ils cassent les portes, ils cassent les vitres. Il y en a eu, je ne sais pas combien de cass\u00e9es. J&rsquo;ai la frousse. J&rsquo;ai toujours la peur au ventre\u00a0\u00bb, affirme-t-elle. Alors, sur les 17 \u00e9tages, les agents de s\u00fbret\u00e9 contr\u00f4lent chaque partie commune, jusque dans les caves de la r\u00e9sidence. \u00ab\u00a0Elles sont compl\u00e8tement fractur\u00e9es. N&rsquo;importe qui peut rentrer. Il y a un duvet, etc\u00a0\u00bb, d\u00e9taille l&rsquo;agent. Pas d&rsquo;individus ce jour-l\u00e0, car les vigiles assurent une pr\u00e9sence dissuasive. \u00ab\u00a0On les voit dans les escaliers, dans les halls, dans la coursive, et c&rsquo;est tr\u00e8s rassurant\u00a0\u00bb, se r\u00e9jouit une retrait\u00e9e.<\/p>\n<p><img decoding=\"async\" src=\"https:\/\/www.europesays.com\/fr\/wp-content\/uploads\/2025\/06\/capjta-vigiles-toulouse-1-6594a3-0@1x.jpeg\" alt=\"TF1\" loading=\"lazy\" importance=\"low\" fetchpriority=\"low\" class=\"\" data-module=\"article-image\"\/>TF1<\/p>\n<p data-module=\"article-paragraph\" class=\"jsx-3046738180 Paragraph Paragraph__End\">Dans une autre r\u00e9sidence, un groupe de jeunes occupe r\u00e9guli\u00e8rement les abords du b\u00e2timent, d\u00e9gradant les parties communes et les v\u00e9hicules des habitants. Ces derniers, comme Jules, sont exc\u00e9d\u00e9s. \u00ab\u00a0On n&rsquo;est pas tranquilles parce qu&rsquo;on travaille la journ\u00e9e et le soir, on aimerait bien se reposer dans l&rsquo;immeuble\u00a0\u00bb, assure-t-il. Trois fois par jour, les vigiles arpentent la copropri\u00e9t\u00e9 et interviennent sur demande jusqu&rsquo;\u00e0 1h du matin. \u00ab\u00a0Les r\u00e9sidents nous ont signal\u00e9 aussi du stup\u00e9fiant qui \u00e9tait cach\u00e9 \u00e0 l&rsquo;int\u00e9rieur. Donc si on trouve du stup\u00e9fiant, on fait appel aux services de gendarmerie\u00a0\u00bb, avance Gabriel, chef d&rsquo;\u00e9quipe. Pour ce service, chaque copropri\u00e9taire paye 300 euros par an. Un riverain, interrog\u00e9 par les journalistes de TF1, se dit satisfait. \u00ab\u00a0Compar\u00e9 aux gendarmes, ils arrivent vite, puis ils restent un certain temps. Ils nous ont gav\u00e9 \u00e0 \u00eatre dans le b\u00e2timent, cette fois-ci, ils sont dehors, \u00e7a les emb\u00eate et c&rsquo;est tant mieux\u00a0\u00bb, lance-t-il.\u00a0<\/p>\n<p>Lib\u00e9rer les halls et les jardins squatt\u00e9s par les dealers<\/p>\n<p data-module=\"article-paragraph\" class=\"jsx-3046738180 Paragraph\">\u00c0 Toulouse, une autre unit\u00e9, le Groupement Interquartiers de Tranquillit\u00e9 et de S\u00fbret\u00e9 (GITES), op\u00e8re depuis six ans dans des logements sociaux, comme dans le quartier sensible du Mirail. Les agents sont charg\u00e9s de lib\u00e9rer les halls et les jardins squatt\u00e9s par les dealers. \u00ab\u00a0Le but, c&rsquo;est qu&rsquo;on arrive, on leur demande de nettoyer comme ils ont trouv\u00e9. Et apr\u00e8s, on les \u00e9vince du c\u00f4t\u00e9 de la voie publique. Comme \u00e7a, ils ne sont plus sur le domaine du bailleur\u00a0\u00bb, explique Ma\u00ebliss. Une pr\u00e9sence qui peut g\u00eaner <a href=\"https:\/\/www.tf1info.fr\/justice-faits-divers\/video-reportage-trafic-de-drogue-des-bailleurs-sociaux-engagent-des-vigiles-pour-chasser-les-dealers-des-halls-d-immeuble-2284677.html\" target=\"_blank\" rel=\"noopener\">le trafic de drogue<\/a>, d&rsquo;apr\u00e8s un guetteur. \u00ab\u00a0Des fois, ils viennent 2, 3 fois. C&rsquo;est arriv\u00e9 qu&rsquo;ils viennent m\u00eame 7, 8 fois. Des fois, ils abusent. Des fois, ils restent longtemps\u00a0\u00bb, affirme-t-il.\u00a0<\/p>\n<p data-module=\"article-paragraph\" class=\"jsx-3046738180 Paragraph Paragraph__End\">Mais pour les habitants, c&rsquo;est un soulagement. \u00ab\u00a0Moi, je les appelle plut\u00f4t des m\u00e9diateurs, mais avec la poigne. C&rsquo;est-\u00e0-dire, ils vont rencontrer les jeunes, ils vont discuter avec eux, mais en restant ferme. On n&rsquo;a pas de motos qui passent, on n&rsquo;a pas de jeunes qui sont l\u00e0. Pour nous, c&rsquo;est tranquille\u00a0\u00bb, se r\u00e9jouit ainsi Bernadette Y\u00e9p\u00e9, directrice de l&rsquo;association Lien Horizon Danse. Un p\u00e8re de famille se veut plus mesur\u00e9. \u00ab\u00a0\u00c7a tranquillise par rapport au point de deal, mais apr\u00e8s, aujourd&rsquo;hui, on n&rsquo;a pas besoin de cow-boys. Parce que des fois, ils arrivent un peu comme des cow-boys\u00a0\u00bb, admet-il.<\/p>\n<p><a href=\"https:\/\/www.tf1info.fr\/societe\/video-insecurite-delinquance-une-arme-supplementaire-comment-fonctionnent-les-bornes-d-appel-d-urgence-et-de-secours-de-la-police-qui-apparaissent-en-ville-2371960.html\" rel=\"noopener\" class=\"jsx-3308031228 Link flex\" target=\"_blank\"><img decoding=\"async\" src=\"https:\/\/www.europesays.com\/fr\/wp-content\/uploads\/2025\/06\/capjta-bornes-appel-urgence-2f3741-0@1x.jpeg\" alt=\"TF1\" loading=\"lazy\" importance=\"low\" fetchpriority=\"low\" class=\"\"\/><\/p>\n<p class=\"jsx-3657663356 ReadMoreArticle__Title\">Lire aussi<\/p>\n<p class=\"jsx-3657663356\">\u00ab\u00a0Une arme suppl\u00e9mentaire\u00a0\u00bb contre l&rsquo;ins\u00e9curit\u00e9 : comment fonctionnent les bornes d&rsquo;appel d&rsquo;urgence en ville ?<\/p>\n<p><\/a><\/p>\n<p data-module=\"article-paragraph\" class=\"jsx-3046738180 Paragraph Paragraph__End\">Dans l&rsquo;agglom\u00e9ration toulousaine, ces salari\u00e9s du priv\u00e9 veillent sur une cinquantaine de r\u00e9sidences. Co\u00fbt global : 3 millions d&rsquo;euros par an, pris en charge par les bailleurs.<\/p>\n<p>La r\u00e9daction de TF1info | Reportage : Ama\u00eblle BRIGNOLI, Juliette BISIAUX et Marion LARRADET <\/p>\n","protected":false},"excerpt":{"rendered":"De plus en plus de bailleurs sociaux font appel \u00e0 des soci\u00e9t\u00e9s de s\u00e9curit\u00e9 priv\u00e9es pour assurer la&hellip;\n","protected":false},"author":2,"featured_media":184424,"comment_status":"","ping_status":"","sticky":false,"template":"","format":"standard","meta":{"footnotes":""},"categories":[2816],"tags":[1111,11,1921,32243,2951,2950,1777,674,1011,27,1922,5008,12,2680,25,2312,133,5010,2949],"class_list":{"0":"post-184423","1":"post","2":"type-post","3":"status-publish","4":"format-standard","5":"has-post-thumbnail","7":"category-toulouse","8":"tag-actu","9":"tag-actualites","10":"tag-article-video","11":"tag-copropriete","12":"tag-criminalite","13":"tag-delinquance","14":"tag-eu","15":"tag-europe","16":"tag-fr","17":"tag-france","18":"tag-info","19":"tag-le-13h","20":"tag-news","21":"tag-occitanie","22":"tag-republique-francaise","23":"tag-toulouse","24":"tag-video","25":"tag-video-sujets-de-societe","26":"tag-violences"},"share_on_mastodon":{"url":"https:\/\/pubeurope.com\/@fr\/114701103597983988","error":""},"_links":{"self":[{"href":"https:\/\/www.europesays.com\/fr\/wp-json\/wp\/v2\/posts\/184423","targetHints":{"allow":["GET"]}}],"collection":[{"href":"https:\/\/www.europesays.com\/fr\/wp-json\/wp\/v2\/posts"}],"about":[{"href":"https:\/\/www.europesays.com\/fr\/wp-json\/wp\/v2\/types\/post"}],"author":[{"embeddable":true,"href":"https:\/\/www.europesays.com\/fr\/wp-json\/wp\/v2\/users\/2"}],"replies":[{"embeddable":true,"href":"https:\/\/www.europesays.com\/fr\/wp-json\/wp\/v2\/comments?post=184423"}],"version-history":[{"count":0,"href":"https:\/\/www.europesays.com\/fr\/wp-json\/wp\/v2\/posts\/184423\/revisions"}],"wp:featuredmedia":[{"embeddable":true,"href":"https:\/\/www.europesays.com\/fr\/wp-json\/wp\/v2\/media\/184424"}],"wp:attachment":[{"href":"https:\/\/www.europesays.com\/fr\/wp-json\/wp\/v2\/media?parent=184423"}],"wp:term":[{"taxonomy":"category","embeddable":true,"href":"https:\/\/www.europesays.com\/fr\/wp-json\/wp\/v2\/categories?post=184423"},{"taxonomy":"post_tag","embeddable":true,"href":"https:\/\/www.europesays.com\/fr\/wp-json\/wp\/v2\/tags?post=184423"}],"curies":[{"name":"wp","href":"https:\/\/api.w.org\/{rel}","templated":true}]}}