{"id":184427,"date":"2025-06-17T22:39:24","date_gmt":"2025-06-17T22:39:24","guid":{"rendered":"https:\/\/www.europesays.com\/fr\/184427\/"},"modified":"2025-06-17T22:39:24","modified_gmt":"2025-06-17T22:39:24","slug":"samedi-21-juin-2025-cest-la-fete-de-la-musique-a-lille","status":"publish","type":"post","link":"https:\/\/www.europesays.com\/fr\/184427\/","title":{"rendered":"Samedi 21 juin 2025, c&rsquo;est la F\u00eate de la Musique \u00e0 Lille !"},"content":{"rendered":"<p style=\"text-align: justify;\">Le <strong>samedi 21 juin 2025,<\/strong> c\u2019est la <strong>F\u00eate de la Musique !<\/strong> La <strong>Ville de Lille<\/strong> propose <strong>plusieurs rendez-vous <\/strong>valorisant les <strong>pratiques musicales professionnelles<\/strong> et <strong>amateurs.<\/strong><\/p>\n<p style=\"text-align: justify;\">A l\u2019occasion de cette <strong>grande f\u00eate populaire,<\/strong> <strong>d\u00e9couvrez<\/strong> ou <strong>red\u00e9couvrez<\/strong> les <strong>nombreux lieux culturels<\/strong> <strong>de la Ville<\/strong> qui vous <strong>ouvriront leur porte,<\/strong> <strong>en association avec les \u00e9coles de musique lilloises<\/strong> et <strong>le conservatoire.<\/strong> Dans <strong>chaque quartier de la Ville,<\/strong> les <strong>musiciens amateurs<\/strong> sont <strong>invit\u00e9s \u00e0 se produire<\/strong> et <strong>exprimer tout leur talent.<\/strong><\/p>\n<p><img loading=\"lazy\" decoding=\"async\" width=\"683\" height=\"1024\" src=\"https:\/\/www.europesays.com\/fr\/wp-content\/uploads\/2025\/06\/affiche-fete-de-la-musique-2025-683x1024.jpg\" alt=\"\" class=\"wp-image-85637\" style=\"aspect-ratio:0.6669921875;width:450px;height:auto\"  \/><\/p>\n<p><strong>\u00a0AU PROGRAMME<\/strong><\/p>\n<p><strong>Capanga<\/strong> (percussions afro-br\u00e9siliennes)<strong> \u2013 Grand\u2019Place <\/strong><br \/><strong><img loading=\"lazy\" decoding=\"async\" width=\"9\" height=\"9\" src=\"https:\/\/www.europesays.com\/fr\/wp-content\/uploads\/2025\/04\/1744100656_185_arrow.png\" alt=\"\"\/> De 19h \u00e0 22h<\/strong><br \/>Ce sera ambiance Br\u00e9sil, Carnaval de Bahia sur la Grand\u2019Place de Lille !<\/p>\n<p style=\"text-align: justify;\">40 percussionnistes pour vous faire vibrer des pieds \u00e0 la t\u00eate ! Des petits, des grands, des gros tambours, des sourires, du rouge, du noir, de l\u2019\u00e9nergie\u2026. Un vrai show chor\u00e9graphi\u00e9 !<\/p>\n<p><strong>Atabak<\/strong> (percussions br\u00e9siliennes)<strong> \u2013 Crat\u00e8re \u2013 Place de la R\u00e9publique<\/strong> <br \/><strong><img loading=\"lazy\" decoding=\"async\" width=\"9\" height=\"9\" src=\"https:\/\/www.europesays.com\/fr\/wp-content\/uploads\/2025\/04\/1744100656_185_arrow.png\" alt=\"\"\/> De 13h \u00e0 16h30<\/strong><br \/>Repr\u00e9sentation batucada enfants puis adultes accompagn\u00e9e de danseuses !<\/p>\n<p style=\"text-align: justify;\"><strong>Place du Th\u00e9\u00e2tre \u2013 Devant l\u2019Op\u00e9ra<\/strong> <br \/><strong><img decoding=\"async\" loading=\"lazy\" class=\"wp-image-45 lazyloaded tie-appear\" src=\"https:\/\/www.europesays.com\/fr\/wp-content\/uploads\/2025\/04\/1744100656_185_arrow.png\" alt=\"\" width=\"9\" height=\"9\" data-lazy-src=\"https:\/\/www.europesays.com\/fr\/wp-content\/uploads\/2025\/04\/1744100656_185_arrow.png\"\/><\/strong><strong> De 15h \u00e0 18h<\/strong> <br \/>Chorale Happy Singer, Batucada Oyamba..<\/p>\n<p style=\"text-align: justify;\"><strong>Ferme P\u00e9dagogique Marcel Dh\u00e9nin \u2013 14, rue Eug\u00e8ne Jacquet<\/strong>\u00a0<br \/><strong><img decoding=\"async\" loading=\"lazy\" src=\"https:\/\/www.europesays.com\/fr\/wp-content\/uploads\/2025\/04\/1744100656_185_arrow.png\" alt=\"\" width=\"9\" height=\"9\"\/> De 14h \u00e0 18h :<\/strong><br \/>Atelier \u00ab\u00a0Un patrimoine sonore naturel insoup\u00e7onn\u00e9\u00a0\u00bb (sur r\u00e9servation) \/ Des lectures artistiques<\/p>\n<p style=\"text-align: justify;\"><strong>M\u00e9diath\u00e8que Jean-L\u00e9vy \u2013 32\/34, rue \u00c9douard Delesalle<\/strong>\u00a0<br \/><strong><img decoding=\"async\" loading=\"lazy\" class=\"wp-image-45 lazyloaded tie-appear\" src=\"https:\/\/www.europesays.com\/fr\/wp-content\/uploads\/2025\/04\/1744100656_185_arrow.png\" alt=\"\" width=\"9\" height=\"9\" data-lazy-src=\"https:\/\/www.europesays.com\/fr\/wp-content\/uploads\/2025\/04\/1744100656_185_arrow.png\"\/><\/strong><strong> De 16h \u00e0 18h30 :<\/strong><br \/>Jeunes musiciens rencontrent de jeunes lecteurs.<\/p>\n<p style=\"text-align: justify;\"><strong>Le Temple Protestant \u2013 Place du Temple<\/strong> <br \/><strong><img decoding=\"async\" loading=\"lazy\" class=\"wp-image-45 lazyloaded tie-appear\" src=\"https:\/\/www.europesays.com\/fr\/wp-content\/uploads\/2025\/04\/1744100656_185_arrow.png\" alt=\"\" width=\"9\" height=\"9\" data-lazy-src=\"https:\/\/www.europesays.com\/fr\/wp-content\/uploads\/2025\/04\/1744100656_185_arrow.png\"\/> De 20h \u00e0 21h : <br \/><\/strong>L\u2019association Un Autre Souffle donne carte blanche aux \u00e9tudiants du d\u00e9partement de Musique ancienne du Conservatoire CRR de Lille.<\/p>\n<p style=\"text-align: justify;\"><strong>Cour de l\u2019\u00e9cole Samain \u2013 15 avenue Verhaeren<br \/><img decoding=\"async\" loading=\"lazy\" class=\"wp-image-45 lazyloaded tie-appear\" src=\"https:\/\/www.europesays.com\/fr\/wp-content\/uploads\/2025\/04\/1744100656_185_arrow.png\" alt=\"\" width=\"9\" height=\"9\" data-lazy-src=\"https:\/\/www.europesays.com\/fr\/wp-content\/uploads\/2025\/04\/1744100656_185_arrow.png\"\/> De 9h30 \u00e0 22h :<\/strong><br \/>Rendez-vous dans la cour de l\u2019\u00e9cole Samain. Il y aura une sc\u00e8ne d\u00e9di\u00e9e \u00e0 l\u2019\u00e9cole Samain et une autre pour le Faubourg Des Musiques.<\/p>\n<p style=\"text-align: justify;\">De 9h30 \u00e0 11h00 : les restitutions des \u00e9l\u00e8ves de l\u2019\u00e9cole Aicard.<br \/>De 11h00 \u00e0 14h00 : 3 prestations sc\u00e9niques du Faubourg des Musiques animeront le temps du repas, avec l\u2019atelier Chants du Monde, The Mocking Birds et le collectif Tropical Combo (zouk, salsa, biguine\u2026)<br \/>De 14h00 \u00e0 15h30 : les \u00e9l\u00e8ves de l\u2019\u00e9cole Samain Trulin reprendront leurs restitutions.<br \/>De 15h30 \u00e0 16h00 : D\u00e9ambulation carnavalesque avec l\u2019atelier Messi\u00ea Forr\u00f2<br \/>A 16h00 la batucada jouera son set de 15mn (percussions br\u00e9siliennes avec l\u2019asso Percu Barouf) avec une retrouvaille du carnaval et des musiciens au centre de la cour Trulin<br \/>De 16h30 \u00e0 22h00 : sur la sc\u00e8ne amplifi\u00e9e : prestation des ateliers pop\/rock, jazz, concert de Quatro Vientos, The Melting Notes, Groovy Mood, Friends Of Funk\u2026<\/p>\n<p>Barbecue et buvette le midi sur place.<\/p>\n<p style=\"text-align: justify;\"><strong>Le Bus Magique \u2013 Avenue Cuvier<br \/><img decoding=\"async\" loading=\"lazy\" class=\"wp-image-45 lazyloaded tie-appear\" src=\"https:\/\/www.europesays.com\/fr\/wp-content\/uploads\/2025\/04\/1744100656_185_arrow.png\" alt=\"\" width=\"9\" height=\"9\" data-lazy-src=\"https:\/\/www.europesays.com\/fr\/wp-content\/uploads\/2025\/04\/1744100656_185_arrow.png\"\/> D\u00e8s 12h :<\/strong><br \/>\u2013 Journ\u00e9e de festivit\u00e9s, et soir\u00e9e, rencontres culturelles et artistiques<\/p>\n<p style=\"text-align: justify;\">Au programme : Biocentrik, Tractopelle, Fire Life, 5Brats, What the Flood, Aka Berty<\/p>\n<p style=\"text-align: justify;\"><strong>Oasis \u2013 1 avenue Mathias Delobel<br \/><img decoding=\"async\" loading=\"lazy\" class=\"wp-image-45 lazyloaded tie-appear\" src=\"https:\/\/www.europesays.com\/fr\/wp-content\/uploads\/2025\/04\/1744100656_185_arrow.png\" alt=\"\" width=\"9\" height=\"9\" data-lazy-src=\"https:\/\/www.europesays.com\/fr\/wp-content\/uploads\/2025\/04\/1744100656_185_arrow.png\"\/> De 18h \u00e0 1h :<\/strong><br \/>L\u2019Oasis en piste de danse \u00e0 ciel ouvert : DJ, ambiance de feu\u2026<\/p>\n<p style=\"text-align: justify;\"><strong>Chicken Wave \u2013 Grand\u2019Place<br \/><img decoding=\"async\" loading=\"lazy\" class=\"wp-image-45 lazyloaded tie-appear\" src=\"https:\/\/www.europesays.com\/fr\/wp-content\/uploads\/2025\/04\/1744100656_185_arrow.png\" alt=\"\" width=\"9\" height=\"9\" data-lazy-src=\"https:\/\/www.europesays.com\/fr\/wp-content\/uploads\/2025\/04\/1744100656_185_arrow.png\"\/> 17h \u00e0 1h<\/strong><br \/>DJ Sets : 8h de son, 16 artistes.<\/p>\n<p style=\"text-align: justify;\"><strong>Caf\u00e9 Oz Lille \u2013 Australian Bar \u2013 33, place Louise de Bettignies<br \/><img decoding=\"async\" loading=\"lazy\" class=\"wp-image-45 lazyloaded tie-appear\" src=\"https:\/\/www.europesays.com\/fr\/wp-content\/uploads\/2025\/04\/1744100656_185_arrow.png\" alt=\"\" width=\"9\" height=\"9\" data-lazy-src=\"https:\/\/www.europesays.com\/fr\/wp-content\/uploads\/2025\/04\/1744100656_185_arrow.png\"\/> De 17h \u00e0 3h<\/strong><br \/>Le Caf\u00e9 Oz Lille vous donne rendez-vous pour une soir\u00e9e inoubliable sous le signe de la musique, de la f\u00eate et de la bonne humeur !<\/p>\n<p><strong>Caf\u00e9 Citoyen \u2013 7, place du Vieux March\u00e9 aux Chevaux\u00a0<br \/><img decoding=\"async\" loading=\"lazy\" class=\"wp-image-45 lazyloaded tie-appear\" src=\"https:\/\/www.europesays.com\/fr\/wp-content\/uploads\/2025\/04\/1744100656_185_arrow.png\" alt=\"\" width=\"9\" height=\"9\" data-lazy-src=\"https:\/\/www.europesays.com\/fr\/wp-content\/uploads\/2025\/04\/1744100656_185_arrow.png\"\/> De 19h \u00e0 1h<\/strong><br \/>La Chorale de la Chaufferie, Le Homard \u00e0 Trois Pinces, DJ Set<\/p>\n<p style=\"text-align: justify;\"><strong>Cour St So \u2013 25, boulevard Jean-Baptiste Lebas<br \/><img decoding=\"async\" loading=\"lazy\" class=\"wp-image-45 lazyloaded tie-appear\" src=\"https:\/\/www.europesays.com\/fr\/wp-content\/uploads\/2025\/04\/1744100656_185_arrow.png\" alt=\"\" width=\"9\" height=\"9\" data-lazy-src=\"https:\/\/www.europesays.com\/fr\/wp-content\/uploads\/2025\/04\/1744100656_185_arrow.png\"\/> De 17h \u00e0 02h :<\/strong><br \/>Sp\u00e9cial new wave avec Zaatar \u2013 Dear Deer \u2013 Oberst Panizza \u2013 Bluerailroads + Mute Selector<\/p>\n<p><strong>Bistro St So \u2013 17, boulevard Jean-Baptiste Lebas<br \/><img decoding=\"async\" loading=\"lazy\" width=\"9\" height=\"9\" data-lazy-src=\"https:\/\/www.europesays.com\/fr\/wp-content\/uploads\/2025\/04\/1744100656_185_arrow.png\" class=\"wp-image-45 lazyloaded tie-appear\" src=\"https:\/\/www.europesays.com\/fr\/wp-content\/uploads\/2025\/04\/1744100656_185_arrow.png\" alt=\"\"\/> De 18h \u00e0 1h :<\/strong><br \/>House \u2013 UK Garage \u2013 Breakbeat \u2013 HardHouse<\/p>\n<p style=\"text-align: justify;\"><strong>La Fabrique du Sud \u2013 7bis, rue de l\u2019Asie<br \/><img decoding=\"async\" loading=\"lazy\" class=\"wp-image-45 lazyloaded tie-appear\" src=\"https:\/\/www.europesays.com\/fr\/wp-content\/uploads\/2025\/04\/1744100656_185_arrow.png\" alt=\"\" width=\"9\" height=\"9\" data-lazy-src=\"https:\/\/www.europesays.com\/fr\/wp-content\/uploads\/2025\/04\/1744100656_185_arrow.png\"\/> De 12h30 \u00e0 18h :<\/strong><br \/>Des moments forts vous attendent pour partager cet instant privil\u00e9gi\u00e9 port\u00e9 par la mairie de quartier de Lille-Sud et les partenaires du quartier !<\/p>\n<p style=\"text-align: justify;\"><strong>M\u00e9diath\u00e8que des Bois-Blancs \u2013 38, avenue Marx Dormoy<br \/><img decoding=\"async\" loading=\"lazy\" class=\"wp-image-45 lazyloaded tie-appear\" src=\"https:\/\/www.europesays.com\/fr\/wp-content\/uploads\/2025\/04\/1744100656_185_arrow.png\" alt=\"\" width=\"9\" height=\"9\" data-lazy-src=\"https:\/\/www.europesays.com\/fr\/wp-content\/uploads\/2025\/04\/1744100656_185_arrow.png\"\/> De 12h30 \u00e0 18h :<\/strong><br \/>Pour la F\u00eate de la musique, la m\u00e9diath\u00e8que propose pour vos enfants d\u00e8s 3 ans des histoires chant\u00e9es, pour passer un moment familial, convivial et \u00e9veiller les plus jeunes au plaisir de lire. Profitez-en pour emprunter avec eux leurs premiers albums.<\/p>\n<p><strong>Bois-Blancs \u2013 Place Saint Charles<br \/><img decoding=\"async\" loading=\"lazy\" class=\"wp-image-45 lazyloaded tie-appear\" src=\"https:\/\/www.europesays.com\/fr\/wp-content\/uploads\/2025\/04\/1744100656_185_arrow.png\" alt=\"\" width=\"9\" height=\"9\" data-lazy-src=\"https:\/\/www.europesays.com\/fr\/wp-content\/uploads\/2025\/04\/1744100656_185_arrow.png\"\/> De 14h \u00e0 15h :<\/strong><br \/>\u2013 Concert de l\u2019\u00e9cole de musique <br \/>\u2013 Restitution des ateliers de l\u2019\u00e9cole de musique et Ad Libitum <br \/>\u2013 Prestation de l\u2019\u00e9cole de musique des Bois-Blancs et Adlibitum<\/p>\n<p><strong>F\u00eate de la Musique \u00e0 l\u2019AUNL \u2013 38, avenue Marx Dormoy<br \/><img decoding=\"async\" loading=\"lazy\" class=\"wp-image-45 lazyloaded tie-appear\" src=\"https:\/\/www.europesays.com\/fr\/wp-content\/uploads\/2025\/04\/1744100656_185_arrow.png\" alt=\"\" width=\"9\" height=\"9\" data-lazy-src=\"https:\/\/www.europesays.com\/fr\/wp-content\/uploads\/2025\/04\/1744100656_185_arrow.png\"\/> De 17h \u00e0 22h :<\/strong><br \/>\u2013\u00a017h : D\u00e9couverte de l\u2019aviron pour tous <br \/>\u2013 18h : Ap\u00e9ro au bord de l\u2019eau <br \/>\u2013 19h : Barbecue et auberge espagnole ; sc\u00e8ne ouverte \u00ab\u00a0Am\u00e8ne ton instrument !\u00a0\u00bb<\/p>\n<p><strong>F\u00eate de la Clenche par le LocAle \u2013 50 rue de Cassel<br \/><img decoding=\"async\" loading=\"lazy\" class=\"wp-image-45 lazyloaded tie-appear\" src=\"https:\/\/www.europesays.com\/fr\/wp-content\/uploads\/2025\/04\/1744100656_185_arrow.png\" alt=\"\" width=\"9\" height=\"9\" data-lazy-src=\"https:\/\/www.europesays.com\/fr\/wp-content\/uploads\/2025\/04\/1744100656_185_arrow.png\"\/> De 17h \u00e0 1h :<\/strong><br \/>\u2013 Des concerts et animations pour tous.\u00a0<\/p>\n<p class=\"has-text-align-right\">Photos &amp; images : DR \u2013 \u00a9 Minist\u00e8re de la Culture \/ \u00a9 Zoom Sur Lille<\/p>\n","protected":false},"excerpt":{"rendered":"Le samedi 21 juin 2025, c\u2019est la F\u00eate de la Musique ! La Ville de Lille propose plusieurs&hellip;\n","protected":false},"author":2,"featured_media":184428,"comment_status":"","ping_status":"","sticky":false,"template":"","format":"standard","meta":{"footnotes":""},"categories":[2815],"tags":[32244,1111,11,4156,1777,674,25885,1011,27,811,1307,873,12,25],"class_list":{"0":"post-184427","1":"post","2":"type-post","3":"status-publish","4":"format-standard","5":"has-post-thumbnail","7":"category-lille","8":"tag-21-juin-2025","9":"tag-actu","10":"tag-actualites","11":"tag-concerts","12":"tag-eu","13":"tag-europe","14":"tag-fete-de-la-musique","15":"tag-fr","16":"tag-france","17":"tag-hauts-de-france","18":"tag-lille","19":"tag-musique","20":"tag-news","21":"tag-republique-francaise"},"share_on_mastodon":{"url":"https:\/\/pubeurope.com\/@fr\/114701111986128916","error":""},"_links":{"self":[{"href":"https:\/\/www.europesays.com\/fr\/wp-json\/wp\/v2\/posts\/184427","targetHints":{"allow":["GET"]}}],"collection":[{"href":"https:\/\/www.europesays.com\/fr\/wp-json\/wp\/v2\/posts"}],"about":[{"href":"https:\/\/www.europesays.com\/fr\/wp-json\/wp\/v2\/types\/post"}],"author":[{"embeddable":true,"href":"https:\/\/www.europesays.com\/fr\/wp-json\/wp\/v2\/users\/2"}],"replies":[{"embeddable":true,"href":"https:\/\/www.europesays.com\/fr\/wp-json\/wp\/v2\/comments?post=184427"}],"version-history":[{"count":0,"href":"https:\/\/www.europesays.com\/fr\/wp-json\/wp\/v2\/posts\/184427\/revisions"}],"wp:featuredmedia":[{"embeddable":true,"href":"https:\/\/www.europesays.com\/fr\/wp-json\/wp\/v2\/media\/184428"}],"wp:attachment":[{"href":"https:\/\/www.europesays.com\/fr\/wp-json\/wp\/v2\/media?parent=184427"}],"wp:term":[{"taxonomy":"category","embeddable":true,"href":"https:\/\/www.europesays.com\/fr\/wp-json\/wp\/v2\/categories?post=184427"},{"taxonomy":"post_tag","embeddable":true,"href":"https:\/\/www.europesays.com\/fr\/wp-json\/wp\/v2\/tags?post=184427"}],"curies":[{"name":"wp","href":"https:\/\/api.w.org\/{rel}","templated":true}]}}