{"id":184432,"date":"2025-06-17T22:42:13","date_gmt":"2025-06-17T22:42:13","guid":{"rendered":"https:\/\/www.europesays.com\/fr\/184432\/"},"modified":"2025-06-17T22:42:13","modified_gmt":"2025-06-17T22:42:13","slug":"une-jeune-fille-de-16-ans-violee-en-pleine-rue-a-un-arret-de-bus-tcl","status":"publish","type":"post","link":"https:\/\/www.europesays.com\/fr\/184432\/","title":{"rendered":"une jeune fille de 16 ans viol\u00e9e en pleine rue \u00e0 un arr\u00eat de bus TCL"},"content":{"rendered":"<p>            Par<br \/>\n        <strong><br \/>\n            <a href=\"https:\/\/actu.fr\/auteur\/ludivine-caporal\" title=\"Consulter tous les articles de Ludivine Caporal\" rel=\"nofollow noopener\" target=\"_blank\">Ludivine Caporal<\/a><br \/>\n        <\/strong><\/p>\n<p>        Publi\u00e9 le<\/p>\n<p>            17 juin 2025 \u00e0 18h08        <\/p>\n<p>Ce matin-l\u00e0, la jeune victime sortait du bus pour aller \u00e0 son stage. Lundi 9 juin 2025, une adolescente de 16 ans a \u00e9t\u00e9 victime d\u2019un <strong>viol en pleine<\/strong> rue au niveau de l\u2019arr\u00eat de bus <a href=\"https:\/\/actu.fr\/tag\/transports-en-commun-lyonnais-tcl\" rel=\"nofollow noopener\" target=\"_blank\">TCL<\/a> du C10 \u00e0 <a href=\"https:\/\/actu.fr\/auvergne-rhone-alpes\/saint-genis-laval_69204\" rel=\"nofollow noopener\" target=\"_blank\">Saint-Genis-Laval<\/a>, dans la m\u00e9tropole de <a href=\"https:\/\/actu.fr\/auvergne-rhone-alpes\/lyon_69123\" rel=\"nofollow noopener\" target=\"_blank\">Lyon<\/a>.<\/p>\n<p class=\" wall-content\">Un homme, suspect\u00e9 d\u2019\u00eatre l\u2019auteur de ce crime, a \u00e9t\u00e9 arr\u00eat\u00e9 le 11 juin et une enqu\u00eate pour \u00ab\u00a0viol aggrav\u00e9\u00a0\u00bb et \u00ab\u00a0violence par une personne agissant sous l\u2019emprise de produits stup\u00e9fiants suivie d\u2019une incapacit\u00e9 total de travail n\u2019exc\u00e9dant pas huit jours\u00a0\u00bb a \u00e9t\u00e9 ouverte, nous informe le parquet de Lyon ce mardi 17 juin 2025.<\/p>\n<p>L\u2019homme mis en examen et incarc\u00e9r\u00e9<\/p>\n<p class=\" wall-content\">C\u2019est en fait l\u2019ancienne conseill\u00e8re r\u00e9gionale Agn\u00e8s Marion, aujourd\u2019hui d\u00e9l\u00e9gu\u00e9e nationale au mouvement \u00ab\u00a0Identit\u00e9s Libert\u00e9s\u00a0\u00bb de Marion Mar\u00e9chal, qui a rendu l\u2019information publique sur le r\u00e9seau social X.<\/p>\n<p class=\" wall-content\">Selon ses dires, le suspect est un <strong>quadrag\u00e9naire<\/strong> d\u00e9j\u00e0 connu des services de police et de la justice et poss\u00e8de plusieurs inscriptions au Traitement des Ant\u00e9c\u00e9dents Judiciaires (TAJ), un fichier non accessible au public qui recense notamment les personnes mises en cause ainsi que les victimes dans les affaires p\u00e9nales. Agn\u00e8s Marion, elle, parle d\u2019une cinquantaine.<\/p>\n<p class=\" wall-content\">Le parquet de Lyon ne confirme pas ces \u00e9l\u00e9ments. L\u2019enqu\u00eate se poursuit sous l\u2019autorit\u00e9 du magistrat instructeur confi\u00e9e aux gendarmes de Saint-Genis-Laval et \u00e0 la brigade de recherches de Givors. Le suspect a \u00e9t\u00e9 mis en examen et plac\u00e9 en d\u00e9tention provisoire.<\/p>\n<p class=\" wall-content\">Suivez toute l\u2019actualit\u00e9 de vos villes et m\u00e9dias favoris en vous inscrivant \u00e0 <a href=\"https:\/\/moncompte.actu.fr\" title=\"D\u00e9couvez Mon Actu\" rel=\"nofollow noopener\" data-trk=\"{&quot;cta&quot;:{&quot;action&quot;:&quot;https:\\\/\\\/moncompte.actu.fr&quot;,&quot;category&quot;:&quot;mon compte&quot;,&quot;from&quot;:&quot;article footer&quot;,&quot;name&quot;:&quot;Mon actu&quot;,&quot;type&quot;:&quot;cta&quot;}}\" target=\"_blank\">Mon Actu<\/a>.<\/p>\n","protected":false},"excerpt":{"rendered":"Par Ludivine Caporal Publi\u00e9 le 17 juin 2025 \u00e0 18h08 Ce matin-l\u00e0, la jeune victime sortait du bus&hellip;\n","protected":false},"author":2,"featured_media":184433,"comment_status":"","ping_status":"","sticky":false,"template":"","format":"standard","meta":{"footnotes":""},"categories":[1889],"tags":[1111,11,2430,1777,674,118,1011,27,303,2428,12,1072,25,799],"class_list":{"0":"post-184432","1":"post","2":"type-post","3":"status-publish","4":"format-standard","5":"has-post-thumbnail","7":"category-lyon","8":"tag-actu","9":"tag-actualites","10":"tag-auvergne-rhone-alpes","11":"tag-eu","12":"tag-europe","13":"tag-faits-divers","14":"tag-fr","15":"tag-france","16":"tag-justice","17":"tag-lyon","18":"tag-news","19":"tag-police","20":"tag-republique-francaise","21":"tag-violences-sexuelles"},"share_on_mastodon":{"url":"https:\/\/pubeurope.com\/@fr\/114701123165091285","error":""},"_links":{"self":[{"href":"https:\/\/www.europesays.com\/fr\/wp-json\/wp\/v2\/posts\/184432","targetHints":{"allow":["GET"]}}],"collection":[{"href":"https:\/\/www.europesays.com\/fr\/wp-json\/wp\/v2\/posts"}],"about":[{"href":"https:\/\/www.europesays.com\/fr\/wp-json\/wp\/v2\/types\/post"}],"author":[{"embeddable":true,"href":"https:\/\/www.europesays.com\/fr\/wp-json\/wp\/v2\/users\/2"}],"replies":[{"embeddable":true,"href":"https:\/\/www.europesays.com\/fr\/wp-json\/wp\/v2\/comments?post=184432"}],"version-history":[{"count":0,"href":"https:\/\/www.europesays.com\/fr\/wp-json\/wp\/v2\/posts\/184432\/revisions"}],"wp:featuredmedia":[{"embeddable":true,"href":"https:\/\/www.europesays.com\/fr\/wp-json\/wp\/v2\/media\/184433"}],"wp:attachment":[{"href":"https:\/\/www.europesays.com\/fr\/wp-json\/wp\/v2\/media?parent=184432"}],"wp:term":[{"taxonomy":"category","embeddable":true,"href":"https:\/\/www.europesays.com\/fr\/wp-json\/wp\/v2\/categories?post=184432"},{"taxonomy":"post_tag","embeddable":true,"href":"https:\/\/www.europesays.com\/fr\/wp-json\/wp\/v2\/tags?post=184432"}],"curies":[{"name":"wp","href":"https:\/\/api.w.org\/{rel}","templated":true}]}}