{"id":184434,"date":"2025-06-17T22:43:26","date_gmt":"2025-06-17T22:43:26","guid":{"rendered":"https:\/\/www.europesays.com\/fr\/184434\/"},"modified":"2025-06-17T22:43:26","modified_gmt":"2025-06-17T22:43:26","slug":"fermeture-de-la-presquile-de-lyon-menaces-sur-le-cafe-perl","status":"publish","type":"post","link":"https:\/\/www.europesays.com\/fr\/184434\/","title":{"rendered":"Fermeture de la Presqu\u2019\u00eele de Lyon. Menaces sur le Caf\u00e9 Perl &#8211;"},"content":{"rendered":"<p>\t\t\t\t<img fetchpriority=\"high\" decoding=\"async\" width=\"900\" height=\"579\" src=\"https:\/\/www.europesays.com\/fr\/wp-content\/uploads\/2025\/06\/Cafe-perl-lyon-cordeliers.jpg\" alt=\"\" title=\"Caf\u00e9 perl lyon cordeliers\"   class=\"wp-image-160934\"\/><\/p>\n<p><strong>Texte\u00a0: Marco Polisson \u2013<\/strong> Exclusif. L\u2019un des trois derniers grands caf\u00e9s des Cordeliers s\u2019appr\u00eate \u00e0 plier bagage. L\u2019inqui\u00e9tude est de mise quant \u00e0 l\u2019avenir de son local.<\/p>\n<p>11h du matin, ce vendredi 13 juin 2026. Pas un chat sur les terrasses du Grand caf\u00e9 des N\u00e9gociants et du Caf\u00e9 Perl, 2 place Francisque Regaud au c\u0153ur de la Presqu\u2019\u00eele. Les deux \u00e9tablissements embl\u00e9matiques de la rue \u00c9douard Herriot subissent de plein fouet le vandalisme urbain des \u00e9cologistes depuis la fermeture de la rue Grenette.<\/p>\n<p><img loading=\"lazy\" decoding=\"async\" class=\"alignnone size-full wp-image-160935\" src=\"data:image\/svg+xml,%3Csvg%20xmlns=\" http:=\"\" alt=\"\" width=\"900\" height=\"675\" data-lazy- data-lazy- data-lazy-src=\"https:\/\/www.europesays.com\/fr\/wp-content\/uploads\/2025\/06\/cafe-perl-lyon.jpg\"\/><\/p>\n<p><strong>Les marteaux piqueurs r\u00e9sonnent au milieu des camions et des engins de chantier\u00a0<\/strong><\/p>\n<p>A cet environnement d\u00e9l\u00e9t\u00e8re s\u2019ajoute un diff\u00e9rend qui oppose <strong>Joseph<\/strong> et <strong>S\u00e9bastien<\/strong>, les g\u00e9rants et propri\u00e9taires du fonds de commerce depuis 1997, au propri\u00e9taire des murs. Ce dernier voulait tripler le loyer et, apr\u00e8s avoir trouv\u00e9 un \u00ab\u00a0accord\u00a0\u00bb a d\u00e9cid\u00e9 de reprendre possession des lieux. Il entend, selon nos informations, faire table rase du bar existant et de sa terrasse.<\/p>\n<p><img loading=\"lazy\" decoding=\"async\" class=\"alignnone size-full wp-image-160936\" src=\"data:image\/svg+xml,%3Csvg%20xmlns=\" http:=\"\" alt=\"\" width=\"900\" height=\"705\" data-lazy- data-lazy- data-lazy-src=\"https:\/\/www.europesays.com\/fr\/wp-content\/uploads\/2025\/06\/Cafe-perl-bar.jpg\"\/><\/p>\n<p>Ce matin, le d\u00e9montage avait d\u00e9j\u00e0 commenc\u00e9. Cette \u00e9viction qui sera effective le 30 juin 2025 entra\u00eene le licenciement \u00e9conomique des 15 salari\u00e9s de l\u2019\u00e9tablissement. Le dernier service est programm\u00e9 pour le jeudi 26 juin. Que va devenir le local qui doit \u00eatre enti\u00e8rement vid\u00e9 de son mobilier \u2013 dont un magnifique bar sign\u00e9 Les Etains de Lyon ?<\/p>\n<p>Dans un contexte de <a href=\"https:\/\/www.lyonpeople.com\/actualites-lyon\/actualites-economiques\/presquile-de-lyon-le-grand-declassement-en-8-photos-2025-06-16.html\" target=\"_blank\" rel=\"noopener\"><strong>paup\u00e9risation \u00e0 grande vitesse<\/strong><\/a>, cons\u00e9cutive aux projets de pi\u00e9tonisation, commer\u00e7ants et riverains sont inquiets, d\u2019autant que la mairie \u00e9cologiste a laiss\u00e9 le fast-food KFC s\u2019installer au 12, rue de la R\u00e9publique. A l\u2019heure o\u00f9 nous publions cet article, nous n\u2019avons pas encore la r\u00e9ponse \u00e0 cette question sensible.<\/p>\n<p><img loading=\"lazy\" decoding=\"async\" class=\"alignnone size-full wp-image-160938\" src=\"data:image\/svg+xml,%3Csvg%20xmlns=\" http:=\"\" alt=\"\" width=\"900\" height=\"675\" data-lazy- data-lazy- data-lazy-src=\"https:\/\/www.europesays.com\/fr\/wp-content\/uploads\/2025\/06\/cafe-perl-fevrier-2022.jpg\"\/><\/p>\n","protected":false},"excerpt":{"rendered":"Texte\u00a0: Marco Polisson \u2013 Exclusif. L\u2019un des trois derniers grands caf\u00e9s des Cordeliers s\u2019appr\u00eate \u00e0 plier bagage. L\u2019inqui\u00e9tude&hellip;\n","protected":false},"author":2,"featured_media":184435,"comment_status":"","ping_status":"","sticky":false,"template":"","format":"standard","meta":{"footnotes":""},"categories":[1889],"tags":[4257,1111,11,2430,32245,1777,674,1011,27,2428,12,25],"class_list":{"0":"post-184434","1":"post","2":"type-post","3":"status-publish","4":"format-standard","5":"has-post-thumbnail","7":"category-lyon","8":"tag-0top","9":"tag-actu","10":"tag-actualites","11":"tag-auvergne-rhone-alpes","12":"tag-cafe-perl","13":"tag-eu","14":"tag-europe","15":"tag-fr","16":"tag-france","17":"tag-lyon","18":"tag-news","19":"tag-republique-francaise"},"share_on_mastodon":{"url":"https:\/\/pubeurope.com\/@fr\/114701127696299197","error":""},"_links":{"self":[{"href":"https:\/\/www.europesays.com\/fr\/wp-json\/wp\/v2\/posts\/184434","targetHints":{"allow":["GET"]}}],"collection":[{"href":"https:\/\/www.europesays.com\/fr\/wp-json\/wp\/v2\/posts"}],"about":[{"href":"https:\/\/www.europesays.com\/fr\/wp-json\/wp\/v2\/types\/post"}],"author":[{"embeddable":true,"href":"https:\/\/www.europesays.com\/fr\/wp-json\/wp\/v2\/users\/2"}],"replies":[{"embeddable":true,"href":"https:\/\/www.europesays.com\/fr\/wp-json\/wp\/v2\/comments?post=184434"}],"version-history":[{"count":0,"href":"https:\/\/www.europesays.com\/fr\/wp-json\/wp\/v2\/posts\/184434\/revisions"}],"wp:featuredmedia":[{"embeddable":true,"href":"https:\/\/www.europesays.com\/fr\/wp-json\/wp\/v2\/media\/184435"}],"wp:attachment":[{"href":"https:\/\/www.europesays.com\/fr\/wp-json\/wp\/v2\/media?parent=184434"}],"wp:term":[{"taxonomy":"category","embeddable":true,"href":"https:\/\/www.europesays.com\/fr\/wp-json\/wp\/v2\/categories?post=184434"},{"taxonomy":"post_tag","embeddable":true,"href":"https:\/\/www.europesays.com\/fr\/wp-json\/wp\/v2\/tags?post=184434"}],"curies":[{"name":"wp","href":"https:\/\/api.w.org\/{rel}","templated":true}]}}