{"id":18444,"date":"2025-04-11T22:46:09","date_gmt":"2025-04-11T22:46:09","guid":{"rendered":"https:\/\/www.europesays.com\/fr\/18444\/"},"modified":"2025-04-11T22:46:09","modified_gmt":"2025-04-11T22:46:09","slug":"le-rn-souhaitait-supprimer-lautorite-de-controle-des-nuisances-aeroportuaires-une","status":"publish","type":"post","link":"https:\/\/www.europesays.com\/fr\/18444\/","title":{"rendered":"Le RN souhaitait supprimer l\u2019Autorit\u00e9 de contr\u00f4le des nuisances a\u00e9roportuaires\u00a0: \u00ab\u00a0Une"},"content":{"rendered":"<p>Ardente d\u00e9fenseure <a href=\"https:\/\/nantes.maville.com\/actu\/actudet_-aeroport-de-nantes-trois-maires-et-une-deputee-souhaitent-aller-plus-loin-que-les-autres-elus-_8-6005591_actu.Htm?utm_source=troove&amp;utm_medium=site\" target=\"_self\" rel=\"noopener\">d\u2019un plafonnement du nombre de vols et d\u2019une extension horaire du couvre-feu<\/a> \u00e0 l\u2019a\u00e9roport Nantes-Atlantique, la d\u00e9put\u00e9e \u00e9cologiste Julie Laernoes monte au cr\u00e9neau contre le Rassemblement national. Elle accuse le RN d\u2019avoir cherch\u00e9 \u00e0<strong> \u00ab\u00a0faire supprimer l\u2019Acnusa, l\u2019autorit\u00e9 de contr\u00f4le des nuisances a\u00e9roportuaires\u00a0\u00bb<\/strong>, sans aboutir toutefois, <strong>\u00ab\u00a0gr\u00e2ce \u00e0 notre mobilisation en h\u00e9micycle\u00a0\u00bb<\/strong>, lors de l\u2019examen du projet de loi de simplification de la vie \u00e9conomique, ce jeudi 10\u00a0avril. L\u2019Acnusa est l\u2019instance ind\u00e9pendante <a href=\"https:\/\/nantes.maville.com\/actu\/actudet_-non-respect-du-couvre-feu-a-l-aeroport-de-nantes-atlantique-les-sanctions-vont-a-nouveau-tomber-_8-6621769_actu.Htm\" target=\"_self\" rel=\"noopener\">qui contr\u00f4le les infractions au couvre-feu et dispense les amendes aux compagnies a\u00e9riennes<\/a>.<\/p>\n<p><strong>Lire aussi\u00a0: <\/strong> <a href=\"https:\/\/nantes.maville.com\/actu\/actudet_-entretien.-trafic-bruit-trajectoires...-a-nantes-les-verites-du-monsieur-aeroport-_8-6717288_actu.Htm\" target=\"_self\" rel=\"noopener\">ENTRETIEN. Trafic, bruit, trajectoires\u2026 \u00c0 Nantes, les v\u00e9rit\u00e9s du monsieur A\u00e9roport<\/a><\/p>\n<p>\u00ab\u00a0Attaque frontale\u00a0\u00bb<\/p>\n<p><strong>\u00ab\u00a0Dans un contexte o\u00f9 le trafic a\u00e9rien reprend fortement, o\u00f9 les alertes sanitaires se multiplient et o\u00f9 les riverains d\u2019a\u00e9roports subissent toujours plus les impacts de l\u2019aviation, cette tentative de suppression est une honte. Une insulte \u00e0 celles et ceux qui, au quotidien, voient leur sant\u00e9 et leur qualit\u00e9 de vie d\u00e9grad\u00e9es. Sous couvert de simplification, le RN livre une nouvelle attaque frontale contre les autorit\u00e9s ind\u00e9pendantes et les outils de r\u00e9gulation sanitaire et environnementale\u00a0\u00bb<\/strong>, \u00e9crit la d\u00e9put\u00e9e, <a href=\"https:\/\/nantes.maville.com\/actu\/actudet_-la-deputee-invite-les-citoyens-a-ecrire-un-projet-de-loi-sur-l-aeroport-de-nantes-atlantique-_52716-6652783_actu.Htm\" target=\"_self\" rel=\"noopener\">qui pr\u00e9sentera<strong> \u00ab\u00a0prochainement\u00a0\u00bb<\/strong> une proposition de loi <\/a> <strong> <a href=\"https:\/\/nantes.maville.com\/actu\/actudet_-la-deputee-invite-les-citoyens-a-ecrire-un-projet-de-loi-sur-l-aeroport-de-nantes-atlantique-_52716-6652783_actu.Htm\" target=\"_self\" rel=\"noopener\">\u00ab\u00a0transpartisane\u00a0\u00bb<\/a> <\/strong> visant \u00e0 renforcer les moyens de l\u2019Acnusa.<\/p>\n<p>\u00a0<\/p>\n","protected":false},"excerpt":{"rendered":"Ardente d\u00e9fenseure d\u2019un plafonnement du nombre de vols et d\u2019une extension horaire du couvre-feu \u00e0 l\u2019a\u00e9roport Nantes-Atlantique, la&hellip;\n","protected":false},"author":2,"featured_media":18445,"comment_status":"","ping_status":"","sticky":false,"template":"","format":"standard","meta":{"footnotes":""},"categories":[2818],"tags":[1111,11,7326,7324,7325,1777,674,1011,27,7327,766,12,7283,2636,25,2848,7322,7323],"class_list":{"0":"post-18444","1":"post","2":"type-post","3":"status-publish","4":"format-standard","5":"has-post-thumbnail","7":"category-nantes","8":"tag-actu","9":"tag-actualites","10":"tag-aeroportuaires","11":"tag-autorite","12":"tag-controle","13":"tag-eu","14":"tag-europe","15":"tag-fr","16":"tag-france","17":"tag-honte","18":"tag-nantes","19":"tag-news","20":"tag-nuisances","21":"tag-pays-de-la-loire","22":"tag-republique-francaise","23":"tag-rn","24":"tag-souhaitait","25":"tag-supprimer"},"share_on_mastodon":{"url":"https:\/\/pubeurope.com\/@fr\/114321764076406457","error":""},"_links":{"self":[{"href":"https:\/\/www.europesays.com\/fr\/wp-json\/wp\/v2\/posts\/18444","targetHints":{"allow":["GET"]}}],"collection":[{"href":"https:\/\/www.europesays.com\/fr\/wp-json\/wp\/v2\/posts"}],"about":[{"href":"https:\/\/www.europesays.com\/fr\/wp-json\/wp\/v2\/types\/post"}],"author":[{"embeddable":true,"href":"https:\/\/www.europesays.com\/fr\/wp-json\/wp\/v2\/users\/2"}],"replies":[{"embeddable":true,"href":"https:\/\/www.europesays.com\/fr\/wp-json\/wp\/v2\/comments?post=18444"}],"version-history":[{"count":0,"href":"https:\/\/www.europesays.com\/fr\/wp-json\/wp\/v2\/posts\/18444\/revisions"}],"wp:featuredmedia":[{"embeddable":true,"href":"https:\/\/www.europesays.com\/fr\/wp-json\/wp\/v2\/media\/18445"}],"wp:attachment":[{"href":"https:\/\/www.europesays.com\/fr\/wp-json\/wp\/v2\/media?parent=18444"}],"wp:term":[{"taxonomy":"category","embeddable":true,"href":"https:\/\/www.europesays.com\/fr\/wp-json\/wp\/v2\/categories?post=18444"},{"taxonomy":"post_tag","embeddable":true,"href":"https:\/\/www.europesays.com\/fr\/wp-json\/wp\/v2\/tags?post=18444"}],"curies":[{"name":"wp","href":"https:\/\/api.w.org\/{rel}","templated":true}]}}