{"id":184440,"date":"2025-06-17T22:47:12","date_gmt":"2025-06-17T22:47:12","guid":{"rendered":"https:\/\/www.europesays.com\/fr\/184440\/"},"modified":"2025-06-17T22:47:12","modified_gmt":"2025-06-17T22:47:12","slug":"gunther-ouvre-sa-premiere-boutique-a-paris","status":"publish","type":"post","link":"https:\/\/www.europesays.com\/fr\/184440\/","title":{"rendered":"Gunther ouvre sa premi\u00e8re boutique \u00e0 Paris"},"content":{"rendered":"<p class=\"article-content col-md-8 offset-md-1\">\n                                Gunther fait \u00e9voluer sa strat\u00e9gie se recentrant sur la vente directe. La marque de mode masculine de Naomi Gunther inaugure ce 18 juin un tout premier point de vente physique. Situ\u00e9 au 10, rue de Picardie dans le IIIe arrondissement de Paris, il accueille aussi l\u2019atelier de la griffe, misant sur les commandes personnalis\u00e9es. Autre projet, le lancement d\u2019une ligne d&rsquo;intemporels avec un positionnement prix plus accessible.<\/p>\n<p><img decoding=\"async\" class=\"news-image\" style=\"width:100%;max-width:645px;\" src=\"https:\/\/www.europesays.com\/fr\/wp-content\/uploads\/2025\/06\/d412.jpg\" alt=\"Un look de la nouvelle ligne 'Les Essentiels'\" loading=\"lazy\"\/>Un look de la nouvelle ligne \u00ab\u00a0Les Essentiels\u00a0\u00bb &#8211; Ginther<\/p>\n<p class=\"col-md-8 offset-md-1 article-content--texte\">Fond\u00e9e en 2019 \u00e0 Paris, o\u00f9 elle r\u00e9alise sa production, la marque \u00e9tait commercialis\u00e9e jusqu&rsquo;ici \u00e0 travers son e-shop, des commandes priv\u00e9es et quelques revendeurs multimarques en Cor\u00e9e du Sud (dans le grand magasin The Galleria pour le pr\u00eat-\u00e0-porter et la boutique Mue de S\u00e9oul pour les accessoires). Elle sera distribu\u00e9e aussi \u00e0 partir de septembre au <a class=\"fnwAddLinks\" href=\"https:\/\/lu.fashionnetwork.com\/tags-printemps\" title=\"Printemps\" target=\"_blank\" rel=\"noopener\">Printemps<\/a> New York.<\/p>\n<p>\u00ab\u00a0Le wholesale, c\u2019est tr\u00e8s compliqu\u00e9. Les commandes sont irr\u00e9guli\u00e8res et pas toujours de m\u00eame dimension. A travers les pop-ups, nous nous sommes rendu compte que lorsque les clients voient et touchent nos produits, il y a une vraie diff\u00e9rence. Au fil des ans, nous avons nou\u00e9 une relation forte avec notre client\u00e8le. Avec la boutique, nous allons pouvoir l\u2019accueillir et lui proposer une offre sur-mesure\u00a0\u00bb, nous explique la fondatrice Naomi Gunther, qui travaille avec sa m\u00e8re -celle-ci s&rsquo;occupe de la gestion op\u00e9rationnelle- et avec deux stagiaires (graphiste et mod\u00e9liste), tandis qu\u2019elle se fait accompagner depuis septembre par un business manager consultant.<\/p>\n<p class=\"col-md-8 offset-md-1 article-content--texte\">L\u2019espace, situ\u00e9 dans un quartier anim\u00e9, entour\u00e9 de boutiques vintage, est dot\u00e9 d\u2019une surface commerciale de 40 m\u00e8tres carr\u00e9s au rez-de-chauss\u00e9e, tandis que le bureau et l\u2019atelier de la marque, qui s\u2019appuie sur d\u2019autres petits ateliers dans la capitale, s\u2019installent au niveau inf\u00e9rieur sur une superficie \u00e9quivalente. \u00a0\u00c0 mi-chemin entre galerie, atelier et dressing personnel, le magasin m\u00e9lange un design contemporain et des r\u00e9f\u00e9rences r\u00e9tro via du papier peint fleuri et des fauteuils club des ann\u00e9es 1940. L\u2019id\u00e9e est de tester pendant un an cette formule hybride \u00e0 la fois boutique, atelier de couture et concept store.<\/p>\n<p>\u00ab\u00a0Je suis nostalgique de <a class=\"fnwAddLinks\" href=\"https:\/\/lu.fashionnetwork.com\/tags-colette\" title=\"Colette\" target=\"_blank\" rel=\"noopener\">Colette<\/a>, il s\u2019y passait toujours quelque chose\u00a0\u00bb, glisse Naomi Gunther. \u00ab\u00a0Avec cette boutique, je souhaite \u00e0 la fois refl\u00e9ter ma vision esth\u00e9tique avec mon vestiaire hybride et libre \u00e0 la crois\u00e9e des mondes, et que l&rsquo;adresse aille plus loin qu\u2019un simple magasin pour devenir un lieu avec des \u00e9v\u00e9nements, accueillant des artistes, des photographes, des workshops, des f\u00eates avec des djs, etc. J\u2019aimerais y recevoir les gens comme \u00e0 la maison.\u00a0\u00bb<\/p>\n<p><img decoding=\"async\" class=\"news-image\" style=\"width:100%;\" src=\"https:\/\/www.europesays.com\/fr\/wp-content\/uploads\/2025\/06\/0c03.jpg\" alt=\"La nouvelle adresse parisienne de la marque\" loading=\"lazy\"\/>La nouvelle adresse parisienne de la marque &#8211; Gunther<\/p>\n<p class=\"col-md-8 offset-md-1 article-content--texte\">\u00ab\u00a0Nous recevons beaucoup de commandes particuli\u00e8res, surtout pour des mariages et occasions sp\u00e9ciales. Les gens sont pr\u00eats \u00e0 mettre le prix pour une cr\u00e9ation. Les habitudes ont chang\u00e9, les consommateurs veulent vivre une vraie exp\u00e9rience, revenir \u00e0 la dimension physique. Surtout les hommes. Un nouveau march\u00e9 se dessine. Il y a une place \u00e0 prendre\u00a0\u00bb, estime la styliste, qui avec cette adresse pourra \u00ab\u00a0accueillir ses clients et leur accorder la juste attention\u00a0\u00bb.<\/p>\n<p>Le magasin a \u00e9t\u00e9 con\u00e7u pour jouer en parall\u00e8le sur trois types d\u2019offre diff\u00e9rents: la collection de la saison pour le printemps-\u00e9t\u00e9 2025 avec son menswear contemporain haut de gamme misant sur belles mati\u00e8res, coupes nobles et go\u00fbt du d\u00e9tail, qui m\u00e9lange influences streetwear et h\u00e9ritage tailleur, et les accessoires (bijoux, casquettes et cravates brod\u00e9es), la collection de la saison \u00e0 venir (automne-hiver 2025\/26) propos\u00e9e en pr\u00e9-commandes et la nouvelle ligne \u00ab\u00a0Les Essentiels\u00a0\u00bb, d\u00e9voil\u00e9e en exclusivit\u00e9 \u00e0 la boutique lors de l\u2019inauguration.<\/p>\n<p>Il s\u2019agit d\u2019un vestiaire moderne et durable compos\u00e9 des classiques de la garde-robe masculine reprenant les pi\u00e8ces signatures de Gunther, r\u00e9interpr\u00e9t\u00e9es pour le quotidien et pour \u00eatre plus accessibles en termes de style et de prix. Produits entre Paris et le Portugal, les mod\u00e8les se d\u00e9clinent dans une gamme de prix allant de 70 \u00e0 370 euros, soit 20 \u00e0 25% moins chers par rapport \u00e0 la ligne principale de la marque. Les accessoires s\u2019affichent \u00e0 70 euros, les tops, tee-shirts, chemises ou polos entre 90 et 190 euros, les pantalons entre 175 et 230 euros, et les vestes 260 et 370 euros.\n                            <\/p>\n<p>\n                                Tous droits de reproduction et de repr\u00e9sentation r\u00e9serv\u00e9s.<br \/>\u00a9 2025 FashionNetwork.com\n                            <\/p>\n","protected":false},"excerpt":{"rendered":"Gunther fait \u00e9voluer sa strat\u00e9gie se recentrant sur la vente directe. La marque de mode masculine de Naomi&hellip;\n","protected":false},"author":2,"featured_media":184441,"comment_status":"","ping_status":"","sticky":false,"template":"","format":"standard","meta":{"footnotes":""},"categories":[1888],"tags":[1111,1928,11,1927,2424,32246,537,2423,1777,674,1011,27,2425,985,12,1926,2298,626,1925,4767,2426,2427,25,2421,2422],"class_list":{"0":"post-184440","1":"post","2":"type-post","3":"status-publish","4":"format-standard","5":"has-post-thumbnail","7":"category-paris","8":"tag-actu","9":"tag-actu-paris","10":"tag-actualites","11":"tag-actualites-paris","12":"tag-beaute","13":"tag-colette","14":"tag-contact","15":"tag-cosmetiques","16":"tag-eu","17":"tag-europe","18":"tag-fr","19":"tag-france","20":"tag-luxe","21":"tag-mode","22":"tag-news","23":"tag-news-paris","24":"tag-parfum","25":"tag-paris","26":"tag-paris-news","27":"tag-printemps","28":"tag-professionnel","29":"tag-professionnels","30":"tag-republique-francaise","31":"tag-reseau","32":"tag-textile"},"share_on_mastodon":{"url":"https:\/\/pubeurope.com\/@fr\/114701142994495291","error":""},"_links":{"self":[{"href":"https:\/\/www.europesays.com\/fr\/wp-json\/wp\/v2\/posts\/184440","targetHints":{"allow":["GET"]}}],"collection":[{"href":"https:\/\/www.europesays.com\/fr\/wp-json\/wp\/v2\/posts"}],"about":[{"href":"https:\/\/www.europesays.com\/fr\/wp-json\/wp\/v2\/types\/post"}],"author":[{"embeddable":true,"href":"https:\/\/www.europesays.com\/fr\/wp-json\/wp\/v2\/users\/2"}],"replies":[{"embeddable":true,"href":"https:\/\/www.europesays.com\/fr\/wp-json\/wp\/v2\/comments?post=184440"}],"version-history":[{"count":0,"href":"https:\/\/www.europesays.com\/fr\/wp-json\/wp\/v2\/posts\/184440\/revisions"}],"wp:featuredmedia":[{"embeddable":true,"href":"https:\/\/www.europesays.com\/fr\/wp-json\/wp\/v2\/media\/184441"}],"wp:attachment":[{"href":"https:\/\/www.europesays.com\/fr\/wp-json\/wp\/v2\/media?parent=184440"}],"wp:term":[{"taxonomy":"category","embeddable":true,"href":"https:\/\/www.europesays.com\/fr\/wp-json\/wp\/v2\/categories?post=184440"},{"taxonomy":"post_tag","embeddable":true,"href":"https:\/\/www.europesays.com\/fr\/wp-json\/wp\/v2\/tags?post=184440"}],"curies":[{"name":"wp","href":"https:\/\/api.w.org\/{rel}","templated":true}]}}