{"id":184455,"date":"2025-06-17T22:55:10","date_gmt":"2025-06-17T22:55:10","guid":{"rendered":"https:\/\/www.europesays.com\/fr\/184455\/"},"modified":"2025-06-17T22:55:10","modified_gmt":"2025-06-17T22:55:10","slug":"solene-gicquel-et-agathe-guillemot-selectionnees-pour-les-championnats-deurope-par-equipes-a-madrid","status":"publish","type":"post","link":"https:\/\/www.europesays.com\/fr\/184455\/","title":{"rendered":"Sol\u00e8ne Gicquel et Agathe Guillemot s\u00e9lectionn\u00e9es pour les championnats d\u2019Europe par \u00e9quipes \u00e0 Madrid"},"content":{"rendered":"<p>Championnats d\u2019Europe par \u00e9quipes \u00e0 Madrid (Espagne) du 26 au 29 juin<\/p>\n<p>La Pont-l\u2019Abbiste Agathe Guillemot (Haute Bretagne Athl\u00e9tisme) et la Rennaise Sol\u00e8ne Gicquel (Stade Rennais Athl\u00e9tisme) ont \u00e9t\u00e9 convoqu\u00e9es par l\u2019\u00e9quipe de France, ce mardi, pour participer aux championnats d\u2019Europe par \u00e9quipes \u00e0 Madrid (Espagne) qui se d\u00e9rouleront du 26 au 29 juin.<\/p>\n<p>\u00ab L\u2019objectif \u00e0 Madrid sera de monter sur le podium ou au moins de s\u2019en approcher. Nous sommes en mesure d\u2019aligner une \u00e9quipe de France solide et comp\u00e9titive, notamment gr\u00e2ce \u00e0 nos repr\u00e9sentantes f\u00e9minines, qui, comme l\u2019ont montr\u00e9 les championnats d\u2019Europe et les Jeux olympiques l\u2019an dernier, sont actuellement tr\u00e8s performantes. Il faudra batailler avec des nations comme l\u2019Espagne \u00e0 domicile, l\u2019Italie et la Pologne \u00bb, a d\u00e9clar\u00e9 le directeur de la haute performance de F\u00e9d\u00e9ration Fran\u00e7aise d\u2019Athl\u00e9tisme, Romain Barras.<\/p>\n","protected":false},"excerpt":{"rendered":"Championnats d\u2019Europe par \u00e9quipes \u00e0 Madrid (Espagne) du 26 au 29 juin La Pont-l\u2019Abbiste Agathe Guillemot (Haute Bretagne&hellip;\n","protected":false},"author":2,"featured_media":184456,"comment_status":"","ping_status":"","sticky":false,"template":"","format":"standard","meta":{"footnotes":""},"categories":[1586],"tags":[11,4132,1777,674,1011,27,12,584,25,60],"class_list":{"0":"post-184455","1":"post","2":"type-post","3":"status-publish","4":"format-standard","5":"has-post-thumbnail","7":"category-europe","8":"tag-actualites","9":"tag-athletisme","10":"tag-eu","11":"tag-europe","12":"tag-fr","13":"tag-france","14":"tag-news","15":"tag-rennes","16":"tag-republique-francaise","17":"tag-sports"},"share_on_mastodon":{"url":"https:\/\/pubeurope.com\/@fr\/114701174303020178","error":""},"_links":{"self":[{"href":"https:\/\/www.europesays.com\/fr\/wp-json\/wp\/v2\/posts\/184455","targetHints":{"allow":["GET"]}}],"collection":[{"href":"https:\/\/www.europesays.com\/fr\/wp-json\/wp\/v2\/posts"}],"about":[{"href":"https:\/\/www.europesays.com\/fr\/wp-json\/wp\/v2\/types\/post"}],"author":[{"embeddable":true,"href":"https:\/\/www.europesays.com\/fr\/wp-json\/wp\/v2\/users\/2"}],"replies":[{"embeddable":true,"href":"https:\/\/www.europesays.com\/fr\/wp-json\/wp\/v2\/comments?post=184455"}],"version-history":[{"count":0,"href":"https:\/\/www.europesays.com\/fr\/wp-json\/wp\/v2\/posts\/184455\/revisions"}],"wp:featuredmedia":[{"embeddable":true,"href":"https:\/\/www.europesays.com\/fr\/wp-json\/wp\/v2\/media\/184456"}],"wp:attachment":[{"href":"https:\/\/www.europesays.com\/fr\/wp-json\/wp\/v2\/media?parent=184455"}],"wp:term":[{"taxonomy":"category","embeddable":true,"href":"https:\/\/www.europesays.com\/fr\/wp-json\/wp\/v2\/categories?post=184455"},{"taxonomy":"post_tag","embeddable":true,"href":"https:\/\/www.europesays.com\/fr\/wp-json\/wp\/v2\/tags?post=184455"}],"curies":[{"name":"wp","href":"https:\/\/api.w.org\/{rel}","templated":true}]}}