{"id":184461,"date":"2025-06-17T22:58:11","date_gmt":"2025-06-17T22:58:11","guid":{"rendered":"https:\/\/www.europesays.com\/fr\/184461\/"},"modified":"2025-06-17T22:58:11","modified_gmt":"2025-06-17T22:58:11","slug":"benyamin-netanyahou-semploie-a-entrainer-les-etats-unis-dans-une-guerre-quil-ne-peut-remporter-seul","status":"publish","type":"post","link":"https:\/\/www.europesays.com\/fr\/184461\/","title":{"rendered":"Benyamin Netanyahou s\u2019emploie \u00e0 entra\u00eener les \u00c9tats-Unis dans une guerre qu\u2019il ne peut remporter seul"},"content":{"rendered":"<p><strong>R\u00c9CIT &#8211; <\/strong>Le premier ministre isra\u00e9lien a besoin du soutien de Donald Trump pour \u00e9liminer le programme nucl\u00e9aire iranien.<\/p>\n<p class=\"fig-paragraph\">\u00c0 J\u00e9rusalem, o\u00f9 si\u00e8ge le gouvernement isra\u00e9lien, tous les yeux sont braqu\u00e9s vers la Maison-Blanche. C\u2019est en effet dans le Bureau ovale que se jouera l\u2019issue de\u00a0<a href=\"http:\/\/www.lefigaro.fr\/international\/conflit-israel-iran-la-defense-aerienne-israelienne-soumise-a-rude-epreuve-20250617\" target=\"_blank\" data-fig-type=\"Article\" rel=\"noopener\" data-gtm-custom-categorie=\"navigation\" data-gtm-custom-action=\"crossclick\" data-gtm-custom-label=\"Contextuel\" data-gtm-event=\"customEventSPE\" data-fig-domain=\"LEFIGARO\">la guerre lanc\u00e9e, vendredi dernier, par Isra\u00ebl contre l\u2019Iran<\/a>. Benyamin Netanyahou sait qu\u2019il n\u2019a pas les moyens de la conclure sans le soutien d\u00e9finitif de Donald Trump. Ce qui supposerait que ce dernier souscrive \u00e0 ses objectifs.<\/p>\n<p class=\"fig-paragraph\">Depuis le d\u00e9but de\u00a0<a href=\"http:\/\/www.lefigaro.fr\/international\/teheran-en-feu-etat-d-urgence-en-israel-implication-du-mossad-le-recit-de-la-nuit-ou-tsahal-a-declenche-l-operation-rising-lion-contre-l-iran-20250613\" target=\"_blank\" data-fig-type=\"NewsFlash\" rel=\"noopener\" data-gtm-custom-categorie=\"navigation\" data-gtm-custom-action=\"crossclick\" data-gtm-custom-label=\"Contextuel\" data-gtm-event=\"customEventSPE\" data-fig-domain=\"LEFIGARO\">l\u2019op\u00e9ration Rising Lion<\/a>, le premier ministre isra\u00e9lien les a progressivement affin\u00e9s. Il l\u2019a encore fait lundi soir, au cours d\u2019une conf\u00e9rence de presse. \u00ab\u00a0Nous cherchons trois buts centraux\u00a0: \u00e9liminer le programme nucl\u00e9aire, \u00e9liminer la capacit\u00e9 du r\u00e9gime iranien \u00e0 produire des missiles balistiques et \u00e9liminer l\u2019axe de la terreur.\u00a0\u00bb C\u2019est dans le flou de ce troisi\u00e8me objectif que se joue toute la strat\u00e9gie du premier ministre isra\u00e9lien envers Donald Trump.<\/p>\n<p>Entrer dans la danse<\/p>\n<p class=\"fig-paragraph\">Ses r\u00e9centes prises de paroles sur les cha\u00eenes de t\u00e9l\u00e9vision am\u00e9ricaine Fox News et ABC indiquent qu\u2019il cherche \u00e0 forcer\u2026<\/p>\n<p class=\"fig-premium-paywall__infos\">\n        Cet article est r\u00e9serv\u00e9 aux abonn\u00e9s.        Il vous reste 87% \u00e0 d\u00e9couvrir.\n    <\/p>\n<p>                <img  data- alt=\"Le Figaro\" class=\"fig-img--complete fig-img\"\/><\/p>\n<p class=\"fig-premium-paywall__title\">Vente Flash<\/p>\n<p class=\"fig-premium-paywall__subtitle\">3,99\u20ac par mois pendant 12 mois. Sans engagement.<\/p>\n<p class=\"fig-premium-paywall__connect\">\n                D\u00e9j\u00e0 abonn\u00e9\u00a0?                <a class=\"fig-premium-paywall__connect-link\" href=\"https:\/\/connect.lefigaro.fr\/login?client=horizon_web&amp;type=main&amp;redirect_uri=https%3A%2F%2Fwww.lefigaro.fr%2Finternational%2Fisrael-iran-benyamin-netanyahou-s-emploie-a-entrainer-les-etats-unis-dans-une-guerre-qu-il-ne-peut-remporter-seul-20250617\" data-js-gtm=\"{&quot;customCategorie&quot;: &quot;conversion&quot;, &quot;customAction&quot;: &quot;before_Landing_Connexion_paywall_auto&quot;, &quot;customLabel&quot;: &quot;bGVmaWdhcm8uZnJfXzFmMDRiOGUyLWVjODAtNmQxMi04MDc2LWNkYjE5NjJjOWU1Ml9fQXJ0aWNsZQ==_Isra\u00ebl-Iran\u00a0: Benyamin Netanyahou s\u2019emploie \u00e0 entra\u00eener les \u00c9tats-Unis dans une guerre qu\u2019il ne peut remporter seul_119&quot;, &quot;customIDSPE&quot;: &quot;bGVmaWdhcm8uZnJfXzFmMDRiOGUyLWVjODAtNmQxMi04MDc2LWNkYjE5NjJjOWU1Ml9fQXJ0aWNsZQ==&quot;, &quot;event&quot;: &quot;customEventSPE&quot;}\" target=\"_blank\" rel=\"noopener\"><br \/>\n                    Connectez-vous<br \/>\n                <\/a>\n            <\/p>\n","protected":false},"excerpt":{"rendered":"R\u00c9CIT &#8211; Le premier ministre isra\u00e9lien a besoin du soutien de Donald Trump pour \u00e9liminer le programme nucl\u00e9aire&hellip;\n","protected":false},"author":2,"featured_media":184462,"comment_status":"","ping_status":"","sticky":false,"template":"","format":"standard","meta":{"footnotes":""},"categories":[2],"tags":[259,11,260,3448,75,73,1011,27,14,3019,664,261,12,262,25],"class_list":{"0":"post-184461","1":"post","2":"type-post","3":"status-publish","4":"format-standard","5":"has-post-thumbnail","7":"category-actualites","8":"tag-actualite-internationale","9":"tag-actualites","10":"tag-affaires-etrangeres","11":"tag-benjamin-netanyahou","12":"tag-donald-trump","13":"tag-etats-unis","14":"tag-fr","15":"tag-france","16":"tag-international","17":"tag-iran","18":"tag-israel","19":"tag-ministere-des-affaires-etrangeres","20":"tag-news","21":"tag-politique-etrangere","22":"tag-republique-francaise"},"share_on_mastodon":{"url":"https:\/\/pubeurope.com\/@fr\/114701186074285718","error":""},"_links":{"self":[{"href":"https:\/\/www.europesays.com\/fr\/wp-json\/wp\/v2\/posts\/184461","targetHints":{"allow":["GET"]}}],"collection":[{"href":"https:\/\/www.europesays.com\/fr\/wp-json\/wp\/v2\/posts"}],"about":[{"href":"https:\/\/www.europesays.com\/fr\/wp-json\/wp\/v2\/types\/post"}],"author":[{"embeddable":true,"href":"https:\/\/www.europesays.com\/fr\/wp-json\/wp\/v2\/users\/2"}],"replies":[{"embeddable":true,"href":"https:\/\/www.europesays.com\/fr\/wp-json\/wp\/v2\/comments?post=184461"}],"version-history":[{"count":0,"href":"https:\/\/www.europesays.com\/fr\/wp-json\/wp\/v2\/posts\/184461\/revisions"}],"wp:featuredmedia":[{"embeddable":true,"href":"https:\/\/www.europesays.com\/fr\/wp-json\/wp\/v2\/media\/184462"}],"wp:attachment":[{"href":"https:\/\/www.europesays.com\/fr\/wp-json\/wp\/v2\/media?parent=184461"}],"wp:term":[{"taxonomy":"category","embeddable":true,"href":"https:\/\/www.europesays.com\/fr\/wp-json\/wp\/v2\/categories?post=184461"},{"taxonomy":"post_tag","embeddable":true,"href":"https:\/\/www.europesays.com\/fr\/wp-json\/wp\/v2\/tags?post=184461"}],"curies":[{"name":"wp","href":"https:\/\/api.w.org\/{rel}","templated":true}]}}