{"id":184463,"date":"2025-06-17T22:59:09","date_gmt":"2025-06-17T22:59:09","guid":{"rendered":"https:\/\/www.europesays.com\/fr\/184463\/"},"modified":"2025-06-17T22:59:09","modified_gmt":"2025-06-17T22:59:09","slug":"vivre-sous-50-degres-reportage-france","status":"publish","type":"post","link":"https:\/\/www.europesays.com\/fr\/184463\/","title":{"rendered":"Vivre sous 50 degr\u00e9s &#8211; Reportage France"},"content":{"rendered":"<p>\n                                                Des temp\u00e9ratures d\u00e9passant les 40 degr\u00e9s&#8230; Si pour certains auditeurs de RFI, elles sont monnaie courante, en France, elles le sont moins. Et pourtant, selon les scientifiques, des temp\u00e9ratures de 50 degr\u00e9s \u00e0 l&rsquo;ombre risquent de devenir monnaie courante d&rsquo;ici \u00e0 quelques d\u00e9cennies si nous ne luttons pas mieux contre le r\u00e9chauffement climatique. Pour comprendre dans sa chair, pendant quelques minutes, ce que c&rsquo;est que de vivre dans une telle chaleur, et entrevoir les risques pour les \u00eatres humains, The Human Adaptation Institute a lanc\u00e9 une chambre climatique. Une pi\u00e8ce, \u00e0 l&rsquo;arri\u00e8re d&rsquo;un camion, dans laquelle il fait 50 degr\u00e9s. On peut y faire toutes sortes d&rsquo;activit\u00e9s de la vie courante. Elle parcourt la France pour sensibiliser la population et la pousser \u00e0 agir pour \u00e9viter d&rsquo;en arriver l\u00e0. Reportage lors d&rsquo;un passage de la chambre climatique \u00e0 Marseille.\u00a0\u00a0                    <\/p>\n<p>\u00ab Il\u00a0fait tr\u00e8s chaud, mais tant qu&rsquo;on ne fait rien, franchement \u00e7a a l&rsquo;air d&rsquo;aller \u00bb. La chaleur ne semble pas insurmontable au premier abord \u00e0 Martin Estivals, 26 ans, qui teste la chambre climatique. Il entame un premier exercice : marcher dix minutes sur un tapis \u00e9lectrique avec une allure normale, comme pour aller au travail, promener son chien, ou aller faire ses courses.<\/p>\n<p>\u00ab Une activit\u00e9 juste du quotidien, pas particuli\u00e8rement sportive. Pour l&rsquo;instant, \u00e7a fait seulement deux minutes, \u00e7a va. Mais j&rsquo;ai un peu l&rsquo;impression que le c\u0153ur bat un peu plus vite alors que c&rsquo;est seulement de la marche. La seconde activit\u00e9 qui nous est propos\u00e9e, c&rsquo;est des tests d&rsquo;agilit\u00e9, donc on va voir ce que cela va donner, si on y arrive ou pas \u00bb.<\/p>\n<p>La t\u00eate chaude, un brin engourdi, il s&rsquo;assied ensuite devant de petits jeux simples : il doit passer un anneau sur une tige en m\u00e9tal.\u00a0\u00ab On doit faire passer un parcours sans toucher. Si on touche, il y a un bip \u00bb. Et tr\u00e8s vite, il se rend compte de sa maladresse. A c\u00f4t\u00e9 de lui, Emma Louise Robeyns, 21 ans, n&rsquo;y arrive pas mieux : \u00ab Je ne sais pas si je pourrais passer 24h dans cette situation. Trente minutes, cela me para\u00eet faisable. Mais c&rsquo;est vrai qu&rsquo;il fait chaud quand m\u00eame \u00bb.<\/p>\n<p class=\"a-read-more\">\u00c0 lire aussi<a target=\"_self\" href=\"https:\/\/www.rfi.fr\/fr\/environnement\/20250617-changement-climatique-paris-capitale-europ\u00e9enne-la-plus-mortelle-en-cas-de-canicule\" class=\"a-read-more__link\" rel=\"noopener\">Changement climatique: Paris, capitale europ\u00e9enne la plus mortelle en cas de canicule<\/a><\/p>\n<p>Et plus les minutes passent, plus la chaleur l&rsquo;affecte. Le dernier exercice, plus c\u00e9r\u00e9bral, est le plus difficile : \u00ab J&rsquo;ai l&rsquo;impression d&rsquo;avoir plus de mal \u00e0 r\u00e9fl\u00e9chir, \u00e0 d\u00e9crypter ce que l&rsquo;on me dit, \u00e0 lire. Je trouve \u00e7a compliqu\u00e9 de se concentrer, c&rsquo;est le genre de moment o\u00f9 on se recentre sur nos capacit\u00e9s vitales et le reste, on oublie un petit peu. J&rsquo;ai tr\u00e8s chaud, je colle, ce n&rsquo;est pas tr\u00e8s agr\u00e9able. Je crois qu&rsquo;on peut sortir, non ? Cela va faire du bien \u00bb.<\/p>\n<p>M\u00eame l&rsquo;eau, servie \u00e0 temp\u00e9rature ambiante, ne rafra\u00eechit pas. On dirait du th\u00e9. Apr\u00e8s une demi-heure dans la chambre climatique, les deux cobayes s&rsquo;en tirent avec un peu de fi\u00e8vre, pas mal de transpiration, quelques vertiges et des maux de t\u00eate. Une exp\u00e9rience qui vise \u00e0 leur faire pendre conscience de l&rsquo;urgence \u00e0 diminuer notre impact sur le climat mondial.<\/p>\n<p>Christian Clot, l&rsquo;explorateur sp\u00e9cialiste de l&rsquo;adaptation humaine, est \u00e0 l&rsquo;origine de cette chambre \u00e0 50 degr\u00e9s : \u00ab \u00c7a durera quelques heures, quelques jours, puis cela retombera. Puis, petit \u00e0 petit, si on n&rsquo;arrive toujours pas \u00e0 r\u00e9duire la temp\u00e9rature mondiale, alors cela durera plusieurs semaines de suite. C&rsquo;est ce que l&rsquo;on doit absolument \u00e9viter \u00bb.<\/p>\n<p>Malheureusement, on pourrait avoir ce genre de temp\u00e9rature en France \u00e0 partir des ann\u00e9es 2050, 2060. Diminuer nos \u00e9missions de gaz \u00e0 effet de serre est vital : les d\u00e9c\u00e8s li\u00e9s \u00e0 la chaleur augmentent d&rsquo;ann\u00e9e en ann\u00e9e. 500 000 personnes en sont mortes en 2023, selon un rapport du Lancet, le journal m\u00e9dical de r\u00e9f\u00e9rence.<\/p>\n<p>\u00a0<\/p>\n<p class=\"a-read-more\">\u00c0 lire aussi<a target=\"_self\" href=\"https:\/\/www.rfi.fr\/fr\/podcasts\/questions-d-environnement\/20250617-l-avion-doit-il-\u00eatre-plus-cher\" class=\"a-read-more__link\" rel=\"noopener\">L&rsquo;avion doit-il \u00eatre plus cher?<\/a><\/p>\n","protected":false},"excerpt":{"rendered":"Des temp\u00e9ratures d\u00e9passant les 40 degr\u00e9s&#8230; Si pour certains auditeurs de RFI, elles sont monnaie courante, en France,&hellip;\n","protected":false},"author":2,"featured_media":184464,"comment_status":"","ping_status":"","sticky":false,"template":"","format":"standard","meta":{"footnotes":""},"categories":[4],"tags":[11,4734,1011,27,12,5920,25],"class_list":{"0":"post-184463","1":"post","2":"type-post","3":"status-publish","4":"format-standard","5":"has-post-thumbnail","7":"category-france","8":"tag-actualites","9":"tag-changement-climatique","10":"tag-fr","11":"tag-france","12":"tag-news","13":"tag-reportage-france","14":"tag-republique-francaise"},"share_on_mastodon":{"url":"https:\/\/pubeurope.com\/@fr\/114701189957672264","error":""},"_links":{"self":[{"href":"https:\/\/www.europesays.com\/fr\/wp-json\/wp\/v2\/posts\/184463","targetHints":{"allow":["GET"]}}],"collection":[{"href":"https:\/\/www.europesays.com\/fr\/wp-json\/wp\/v2\/posts"}],"about":[{"href":"https:\/\/www.europesays.com\/fr\/wp-json\/wp\/v2\/types\/post"}],"author":[{"embeddable":true,"href":"https:\/\/www.europesays.com\/fr\/wp-json\/wp\/v2\/users\/2"}],"replies":[{"embeddable":true,"href":"https:\/\/www.europesays.com\/fr\/wp-json\/wp\/v2\/comments?post=184463"}],"version-history":[{"count":0,"href":"https:\/\/www.europesays.com\/fr\/wp-json\/wp\/v2\/posts\/184463\/revisions"}],"wp:featuredmedia":[{"embeddable":true,"href":"https:\/\/www.europesays.com\/fr\/wp-json\/wp\/v2\/media\/184464"}],"wp:attachment":[{"href":"https:\/\/www.europesays.com\/fr\/wp-json\/wp\/v2\/media?parent=184463"}],"wp:term":[{"taxonomy":"category","embeddable":true,"href":"https:\/\/www.europesays.com\/fr\/wp-json\/wp\/v2\/categories?post=184463"},{"taxonomy":"post_tag","embeddable":true,"href":"https:\/\/www.europesays.com\/fr\/wp-json\/wp\/v2\/tags?post=184463"}],"curies":[{"name":"wp","href":"https:\/\/api.w.org\/{rel}","templated":true}]}}