{"id":184467,"date":"2025-06-17T23:03:09","date_gmt":"2025-06-17T23:03:09","guid":{"rendered":"https:\/\/www.europesays.com\/fr\/184467\/"},"modified":"2025-06-17T23:03:09","modified_gmt":"2025-06-17T23:03:09","slug":"comme-rinderknech-moutet-cree-la-surprise-en-mettant-fritz-a-terre","status":"publish","type":"post","link":"https:\/\/www.europesays.com\/fr\/184467\/","title":{"rendered":"comme Rinderknech, Moutet cr\u00e9\u00e9 la surprise en mettant Fritz \u00e0 terre"},"content":{"rendered":"<p>Sur le gazon du Queen\u2019s ce mardi, Corentin Moutet a frapp\u00e9 fort en battant Taylor Fritz (6-7, 7-6, 7-5).<\/p>\n<p class=\"fig-paragraph\">Les Fran\u00e7ais Corentin Moutet et\u00a0<a href=\"http:\/\/www.lefigaro.fr\/sports\/tennis\/tennis-surprenant-rinderknech-prend-le-meilleur-contre-shelton-au-queen-s-20250617\" data-fig-type=\"NewsFlash\" data-gtm-custom-categorie=\"navigation\" data-gtm-custom-action=\"crossclick\" data-gtm-custom-label=\"Contextuel\" data-gtm-event=\"customEventSPE\" data-fig-domain=\"LEFIGARO\" target=\"_blank\" rel=\"noopener\">Arthur Rinderknech<\/a>\u00a0ont cr\u00e9\u00e9 la surprise au premier tour du tournoi ATP 500 sur gazon du Queen&rsquo;s, mardi, en battant respectivement les Am\u00e9ricains Taylor Fritz et Ben Shelton, deux membres du top 10 mondial.<\/p>\n<p class=\"fig-paragraph\">Moutet, 89e mondial, s&rsquo;est offert le scalp de Fritz en trois manches disput\u00e9es (6-7, 7-6, 7-5). L&rsquo;actuel quatri\u00e8me mondial avait \u00e9t\u00e9 titr\u00e9 dimanche sur le gazon de Stuttgart au terme d&rsquo;une semaine pendant laquelle il n&rsquo;avait pas perdu un seul set ni m\u00eame un seul jeu de service. C&rsquo;est la premi\u00e8re fois que le Fran\u00e7ais de 26 ans bat un membre du Top 5.<\/p>\n<p class=\"fig-paragraph\">Il s&rsquo;est accroch\u00e9 durant toute la premi\u00e8re manche, a men\u00e9 5 \u00e0 2 dans le tie-break avant de laisser filer cinq points d&rsquo;affil\u00e9e. Le sc\u00e9nario a failli se r\u00e9p\u00e9ter dans le deuxi\u00e8me jeu d\u00e9cisif, o\u00f9 Moutet a men\u00e9 3-0, puis 6-3, avant de g\u00e2cher ses trois balles de set cons\u00e9cutives. Mais cette fois, il a su recouvrer ses esprits et remporter la manche, apr\u00e8s avoir \u00e9cart\u00e9 une balle de match.<\/p>\n<p class=\"fig-paragraph\">Il a d\u00e9but\u00e9 id\u00e9alement le dernier set en breakant d&rsquo;entr\u00e9e l&rsquo;Am\u00e9ricain, pour la premi\u00e8re fois du match, et a r\u00e9p\u00e9t\u00e9 cette performance \u00e0 5-5 pour s&rsquo;envoler vers la victoire. Arthur Rinderknech, que Moutet avait battu en qualifications, a \u00e9t\u00e9 rep\u00each\u00e9 dans le tableau principal apr\u00e8s un forfait, et le lucky loser n&rsquo;a pas laiss\u00e9 passer sa chance contre le nouveau 10e mondial, Ben Shelton.<\/p>\n","protected":false},"excerpt":{"rendered":"Sur le gazon du Queen\u2019s ce mardi, Corentin Moutet a frapp\u00e9 fort en battant Taylor Fritz (6-7, 7-6,&hellip;\n","protected":false},"author":2,"featured_media":184468,"comment_status":"","ping_status":"","sticky":false,"template":"","format":"standard","meta":{"footnotes":""},"categories":[1415],"tags":[47,4169,525,1981,16961,4178,4179,1011,27,1114,3996,4177,4176,4174,4175,1980,4171,60,1467,4172,4173,4170],"class_list":{"0":"post-184467","1":"post","2":"type-post","3":"status-publish","4":"format-standard","5":"has-post-thumbnail","7":"category-tennis","8":"tag-actualite","9":"tag-atp","10":"tag-calendrier","11":"tag-classement","12":"tag-corentin-moutet","13":"tag-coupe-davis","14":"tag-fed-cup","15":"tag-fr","16":"tag-france","17":"tag-infos","18":"tag-jeux-olympiques","19":"tag-masters-1000","20":"tag-masters-500","21":"tag-masters-series","22":"tag-open-daustralie","23":"tag-resultats","24":"tag-roland-garros","25":"tag-sports","26":"tag-tennis","27":"tag-us-open","28":"tag-wimbledon","29":"tag-wta"},"share_on_mastodon":{"url":"https:\/\/pubeurope.com\/@fr\/114701205688144903","error":""},"_links":{"self":[{"href":"https:\/\/www.europesays.com\/fr\/wp-json\/wp\/v2\/posts\/184467","targetHints":{"allow":["GET"]}}],"collection":[{"href":"https:\/\/www.europesays.com\/fr\/wp-json\/wp\/v2\/posts"}],"about":[{"href":"https:\/\/www.europesays.com\/fr\/wp-json\/wp\/v2\/types\/post"}],"author":[{"embeddable":true,"href":"https:\/\/www.europesays.com\/fr\/wp-json\/wp\/v2\/users\/2"}],"replies":[{"embeddable":true,"href":"https:\/\/www.europesays.com\/fr\/wp-json\/wp\/v2\/comments?post=184467"}],"version-history":[{"count":0,"href":"https:\/\/www.europesays.com\/fr\/wp-json\/wp\/v2\/posts\/184467\/revisions"}],"wp:featuredmedia":[{"embeddable":true,"href":"https:\/\/www.europesays.com\/fr\/wp-json\/wp\/v2\/media\/184468"}],"wp:attachment":[{"href":"https:\/\/www.europesays.com\/fr\/wp-json\/wp\/v2\/media?parent=184467"}],"wp:term":[{"taxonomy":"category","embeddable":true,"href":"https:\/\/www.europesays.com\/fr\/wp-json\/wp\/v2\/categories?post=184467"},{"taxonomy":"post_tag","embeddable":true,"href":"https:\/\/www.europesays.com\/fr\/wp-json\/wp\/v2\/tags?post=184467"}],"curies":[{"name":"wp","href":"https:\/\/api.w.org\/{rel}","templated":true}]}}