{"id":184475,"date":"2025-06-17T23:08:10","date_gmt":"2025-06-17T23:08:10","guid":{"rendered":"https:\/\/www.europesays.com\/fr\/184475\/"},"modified":"2025-06-17T23:08:10","modified_gmt":"2025-06-17T23:08:10","slug":"psg-lucas-beraldo-evoque-ses-modeles-dans-le-football","status":"publish","type":"post","link":"https:\/\/www.europesays.com\/fr\/184475\/","title":{"rendered":"PSG \u2013 Lucas Beraldo \u00e9voque ses mod\u00e8les dans le football &#8211;"},"content":{"rendered":"<p><img width=\"700\" height=\"350\" src=\"https:\/\/www.europesays.com\/fr\/wp-content\/uploads\/2025\/06\/Marquinhos-Beraldo.jpg\" class=\"attachment-jannah-image-post size-jannah-image-post wp-post-image\" alt=\"Marquinhos beraldo\" is_main_img=\"1\" decoding=\"async\" fetchpriority=\"high\"  \/><br \/>\n Image :<br \/>\npsg.fr<\/p>\n<p>Arriv\u00e9 au PSG durant l\u2019hiver 2024, Lucas Beraldo a<br \/>\nrapidement jou\u00e9 avec l\u2019\u00e9quipe premi\u00e8re. Le d\u00e9fenseur central a<br \/>\n\u00e9voqu\u00e9 ses mod\u00e8les dans le football.<\/p>\n<p><strong>Lucas Beraldo<\/strong> fait partie de la rotation<br \/>\neffectu\u00e9e par <strong>Luis Enrique<\/strong> depuis le d\u00e9but de la<br \/>\nsaison 2024-2025. Le d\u00e9fenseur central br\u00e9silien a jou\u00e9 33 matches<br \/>\ntoutes comp\u00e9titions confondues lors de cet exercice (26<br \/>\ntitularisations, 2452 minutes de temps de jeu) pour un but. Dans<br \/>\nl\u2019\u00e9mission Barbershop de <a href=\"https:\/\/www.instagram.com\/reel\/DK_2F4GNBL6\/?igsh=N2djMG00cm9qeXJm\" target=\"_blank\" rel=\"noopener nofollow\" title=\"\">PSG TV<\/a>,<br \/>\n<strong>Lucas Berlado<\/strong> s\u2019est confi\u00e9 et a \u00e9voqu\u00e9 ses mod\u00e8les<br \/>\ndans le football.<\/p>\n<p>A voir aussi : <a href=\"https:\/\/canal-supporters.com\/psg-changement-de-numero-pour-lucas-beraldo\/\" title=\"\" rel=\"nofollow noopener\" target=\"_blank\">PSG \u2013 Changement de num\u00e9ro pour Lucas Beraldo<\/a><\/p>\n<p><a href=\"https:\/\/x.com\/CanalSupporters\" target=\"_blank\" rel=\"noopener nofollow\" title=\"\">canalsupporters.com<\/a><\/p>\n<p>\u00ab\u00a0Mon p\u00e8re<br \/>\na toujours \u00e9t\u00e9 mon idole sur le terrain\u00a0\u00bb<\/p>\n<p>\u00ab\u00a0Oui, je pense que mon p\u00e8re a jou\u00e9 un r\u00f4le cl\u00e9 pour<br \/>\nmoi parce qu\u2019il a \u00e9t\u00e9 joueur et il me donne toujours des conseils<br \/>\nsur ce que je fais pour que je m\u2019am\u00e9liore. Donc, il faut que je<br \/>\nsuive ses traces pour continuer comme je suis. Mon p\u00e8re a toujours<br \/>\n\u00e9t\u00e9 mon idole sur le terrain, tout comme <strong><a href=\"https:\/\/canal-supporters.com\/marquinhos-si-on-a-reussi-a-ramener-ce-trophee-cest-aussi-grace-aux-supporters\/\" title=\"\" rel=\"nofollow noopener\" target=\"_blank\">Marquinhos<\/a><\/strong> et <strong><a href=\"https:\/\/canal-supporters.com\/thiago-silva-le-psg-est-dans-mon-coeur-et-pour-toute-ma-vie\/\" title=\"\" rel=\"nofollow noopener\" target=\"_blank\">Thiago Silva<\/a><\/strong>. Ce sont des joueurs incroyables<br \/>\nqui m\u2019ont beaucoup inspir\u00e9\u00a0\u00bb, lance <strong>Lucas<br \/>\nBeraldo<\/strong> avant d\u2019\u00e9voquer sa vie \u00e0 <strong>Paris<\/strong>.<br \/>\n\u00ab\u00a0J\u2019aime vraiment vivre \u00e0 <strong>Paris<\/strong>. C\u2019est<br \/>\nune vie incroyable. Pouvoir voir la <strong>tour Eiffel<\/strong><br \/>\ntous les jours et toute cette vie \u00e0 <strong>Paris<\/strong>. Les<br \/>\nFran\u00e7ais. C\u2019est g\u00e9nial de vivre ici.\u00a0\u00bb <strong>Lucas<br \/>\nBeraldo<\/strong> a enfin \u00e9voqu\u00e9 la <strong>Coupe du monde des<br \/>\nclubs.<\/strong> \u00ab\u00a0Je pense que ce sera une exp\u00e9rience<br \/>\nunique. Car c\u2019est la premi\u00e8re fois de tout, de la comp\u00e9tition, de<br \/>\ntout. Et de pouvoir tous ces jours avec mes co\u00e9quipiers, c\u2019est une<br \/>\nbelle opportunit\u00e9.\u00a0\u00bb<\/p>\n<\/p>\n<p><script async src=\"\/\/www.instagram.com\/embed.js\"><\/script><\/p>\n","protected":false},"excerpt":{"rendered":"Image : psg.fr Arriv\u00e9 au PSG durant l\u2019hiver 2024, Lucas Beraldo a rapidement jou\u00e9 avec l\u2019\u00e9quipe premi\u00e8re. Le&hellip;\n","protected":false},"author":2,"featured_media":184476,"comment_status":"","ping_status":"","sticky":false,"template":"","format":"standard","meta":{"footnotes":""},"categories":[1410],"tags":[785,81,787,63,1011,27,32247,790,791,11944,626,91,92,93,5211,32248,60,22974,96],"class_list":{"0":"post-184475","1":"post","2":"type-post","3":"status-publish","4":"format-standard","5":"has-post-thumbnail","7":"category-football","8":"tag-beraldo","9":"tag-canal-supporters","10":"tag-cs","11":"tag-football","12":"tag-fr","13":"tag-france","14":"tag-idole","15":"tag-lucas-beraldo","16":"tag-marquinhos","17":"tag-modele","18":"tag-paris","19":"tag-paris-saint-germain","20":"tag-paris-sg","21":"tag-psg","22":"tag-psg-tv","23":"tag-silva","24":"tag-sports","25":"tag-thiago-silva","26":"tag-une"},"share_on_mastodon":{"url":"https:\/\/pubeurope.com\/@fr\/114701225408549872","error":""},"_links":{"self":[{"href":"https:\/\/www.europesays.com\/fr\/wp-json\/wp\/v2\/posts\/184475","targetHints":{"allow":["GET"]}}],"collection":[{"href":"https:\/\/www.europesays.com\/fr\/wp-json\/wp\/v2\/posts"}],"about":[{"href":"https:\/\/www.europesays.com\/fr\/wp-json\/wp\/v2\/types\/post"}],"author":[{"embeddable":true,"href":"https:\/\/www.europesays.com\/fr\/wp-json\/wp\/v2\/users\/2"}],"replies":[{"embeddable":true,"href":"https:\/\/www.europesays.com\/fr\/wp-json\/wp\/v2\/comments?post=184475"}],"version-history":[{"count":0,"href":"https:\/\/www.europesays.com\/fr\/wp-json\/wp\/v2\/posts\/184475\/revisions"}],"wp:featuredmedia":[{"embeddable":true,"href":"https:\/\/www.europesays.com\/fr\/wp-json\/wp\/v2\/media\/184476"}],"wp:attachment":[{"href":"https:\/\/www.europesays.com\/fr\/wp-json\/wp\/v2\/media?parent=184475"}],"wp:term":[{"taxonomy":"category","embeddable":true,"href":"https:\/\/www.europesays.com\/fr\/wp-json\/wp\/v2\/categories?post=184475"},{"taxonomy":"post_tag","embeddable":true,"href":"https:\/\/www.europesays.com\/fr\/wp-json\/wp\/v2\/tags?post=184475"}],"curies":[{"name":"wp","href":"https:\/\/api.w.org\/{rel}","templated":true}]}}