{"id":184479,"date":"2025-06-17T23:10:21","date_gmt":"2025-06-17T23:10:21","guid":{"rendered":"https:\/\/www.europesays.com\/fr\/184479\/"},"modified":"2025-06-17T23:10:21","modified_gmt":"2025-06-17T23:10:21","slug":"wolfgang-tillmans-dernier-acte-en-photo-au-centre-pompidou","status":"publish","type":"post","link":"https:\/\/www.europesays.com\/fr\/184479\/","title":{"rendered":"Wolfgang Tillmans, dernier acte en photo au Centre Pompidou"},"content":{"rendered":"<p><strong>CRITIQUE &#8211;<\/strong> Pour sa derni\u00e8re exposition, Beaubourg a donn\u00e9 carte blanche au photographe allemand, qui a investi la BPI d\u00e9sert\u00e9e de son univers singulier.<\/p>\n<p class=\"fig-paragraph\">Comment finir en beaut\u00e9 alors que les travaux vont fermer\u00a0<a href=\"http:\/\/www.lefigaro.fr\/arts-expositions\/le-diner-des-adieux-aux-couleurs-des-seventies-du-centre-pompidou-20250312\" data-fig-type=\"Article\" data-gtm-custom-categorie=\"navigation\" data-gtm-custom-action=\"crossclick\" data-gtm-custom-label=\"Contextuel\" data-gtm-event=\"customEventSPE\" data-fig-domain=\"LEFIGARO\" target=\"_blank\" rel=\"noopener\">Beaubourg<\/a>\u00a0pour cinq ans, fin septembre\u00a0? Comment poursuivre l\u2019aventure du Centre Pompidou, ouvert en 1977 dans une fr\u00e9n\u00e9sie de jamais-vu, alors que le b\u00e2timent de\u00a0<a href=\"http:\/\/www.lefigaro.fr\/cinema\/renzo-piano-l-architecte-qui-a-donne-une-maison-au-cinema-20210923\" data-fig-type=\"Article\" data-gtm-custom-categorie=\"navigation\" data-gtm-custom-action=\"crossclick\" data-gtm-custom-label=\"Contextuel\" data-gtm-event=\"customEventSPE\" data-fig-domain=\"LEFIGARO\" target=\"_blank\" rel=\"noopener\">Renzo Piano<\/a>\u00a0et Richard Rogers doit subir une m\u00e9tamorphose technique et architecturale plus que radicale\u00a0? En laissant la parole \u00e0 un artiste, r\u00e9pond Laurent Le Bon, pr\u00e9sident du Centre Pompidou, qui a donn\u00e9 carte blanche \u00e0 la star allemande de la photographie, Wolfgang Tillmans. Et ce proph\u00e8te de nos temps contemporains annonce la couleur par le titre\u00a0: Rien ne nous y pr\u00e9parait-Tout nous y pr\u00e9parait. Il y a une forme de r\u00eaverie au fil des jours, de c\u00e9l\u00e9bration de la libert\u00e9 sans entraves et de dystopie sur nos soci\u00e9t\u00e9s en crise dans son univers \u00e0 l\u2019\u00e9trange beaut\u00e9.<\/p>\n<p class=\"fig-paragraph\">Ce r\u00e9volutionnaire de l\u2019image, n\u00e9 en 1968 \u00e0 Remscheid, en Rh\u00e9nanie-du-Nord-Westphalie, au sud de Wuppertal, a d\u00e9j\u00e0 eu les honneurs de la Tate Modern \u00e0 Londres et de la Fondation Beyeler \u00e0 B\u00e2le en\u2026<\/p>\n<p class=\"fig-premium-paywall__infos\">\n        Cet article est r\u00e9serv\u00e9 aux abonn\u00e9s.        Il vous reste 82% \u00e0 d\u00e9couvrir.\n    <\/p>\n<p>                <img  data- alt=\"Le Figaro\" class=\"fig-img--complete fig-img\"\/><\/p>\n<p class=\"fig-premium-paywall__title\">Vente Flash<\/p>\n<p class=\"fig-premium-paywall__subtitle\">3,99\u20ac par mois pendant 12 mois. Sans engagement.<\/p>\n<p class=\"fig-premium-paywall__connect\">\n                D\u00e9j\u00e0 abonn\u00e9\u00a0?                <a class=\"fig-premium-paywall__connect-link\" href=\"https:\/\/connect.lefigaro.fr\/login?client=horizon_web&amp;type=main&amp;redirect_uri=https%3A%2F%2Fwww.lefigaro.fr%2Farts-expositions%2Fwolfgang-tillmans-dernier-acte-en-photo-au-centre-pompidou-20250616\" data-js-gtm=\"{&quot;customCategorie&quot;: &quot;conversion&quot;, &quot;customAction&quot;: &quot;before_Landing_Connexion_paywall_auto&quot;, &quot;customLabel&quot;: &quot;bGVmaWdhcm8uZnJfXzFmMDRhNzM2LWI5NGUtNjI1ZS1iNDIyLTMzMzg1Yzk0NjQ0MF9fQXJ0aWNsZQ==_Wolfgang Tillmans, dernier acte en photo au Centre Pompidou_194&quot;, &quot;customIDSPE&quot;: &quot;bGVmaWdhcm8uZnJfXzFmMDRhNzM2LWI5NGUtNjI1ZS1iNDIyLTMzMzg1Yzk0NjQ0MF9fQXJ0aWNsZQ==&quot;, &quot;event&quot;: &quot;customEventSPE&quot;}\" target=\"_blank\" rel=\"noopener\"><br \/>\n                    Connectez-vous<br \/>\n                <\/a>\n            <\/p>\n","protected":false},"excerpt":{"rendered":"CRITIQUE &#8211; Pour sa derni\u00e8re exposition, Beaubourg a donn\u00e9 carte blanche au photographe allemand, qui a investi la&hellip;\n","protected":false},"author":2,"featured_media":184480,"comment_status":"","ping_status":"","sticky":false,"template":"","format":"standard","meta":{"footnotes":""},"categories":[1358],"tags":[1348,1384,1385,4223,1386,58,59,2087,1349,638,10449,1011,27,4463,9692,7107,626,1756,510],"class_list":{"0":"post-184479","1":"post","2":"type-post","3":"status-publish","4":"format-standard","5":"has-post-thumbnail","7":"category-arts-et-design","8":"tag-arts","9":"tag-arts-and-design","10":"tag-arts-et-design","11":"tag-centre-pompidou","12":"tag-design","13":"tag-divertissement","14":"tag-entertainment","15":"tag-evenement","16":"tag-expositions","17":"tag-figaro","18":"tag-figaroscope","19":"tag-fr","20":"tag-france","21":"tag-guide","22":"tag-lieux","23":"tag-musees","24":"tag-paris","25":"tag-photographie","26":"tag-visite"},"share_on_mastodon":{"url":"https:\/\/pubeurope.com\/@fr\/114701233258373231","error":""},"_links":{"self":[{"href":"https:\/\/www.europesays.com\/fr\/wp-json\/wp\/v2\/posts\/184479","targetHints":{"allow":["GET"]}}],"collection":[{"href":"https:\/\/www.europesays.com\/fr\/wp-json\/wp\/v2\/posts"}],"about":[{"href":"https:\/\/www.europesays.com\/fr\/wp-json\/wp\/v2\/types\/post"}],"author":[{"embeddable":true,"href":"https:\/\/www.europesays.com\/fr\/wp-json\/wp\/v2\/users\/2"}],"replies":[{"embeddable":true,"href":"https:\/\/www.europesays.com\/fr\/wp-json\/wp\/v2\/comments?post=184479"}],"version-history":[{"count":0,"href":"https:\/\/www.europesays.com\/fr\/wp-json\/wp\/v2\/posts\/184479\/revisions"}],"wp:featuredmedia":[{"embeddable":true,"href":"https:\/\/www.europesays.com\/fr\/wp-json\/wp\/v2\/media\/184480"}],"wp:attachment":[{"href":"https:\/\/www.europesays.com\/fr\/wp-json\/wp\/v2\/media?parent=184479"}],"wp:term":[{"taxonomy":"category","embeddable":true,"href":"https:\/\/www.europesays.com\/fr\/wp-json\/wp\/v2\/categories?post=184479"},{"taxonomy":"post_tag","embeddable":true,"href":"https:\/\/www.europesays.com\/fr\/wp-json\/wp\/v2\/tags?post=184479"}],"curies":[{"name":"wp","href":"https:\/\/api.w.org\/{rel}","templated":true}]}}