{"id":184483,"date":"2025-06-17T23:12:21","date_gmt":"2025-06-17T23:12:21","guid":{"rendered":"https:\/\/www.europesays.com\/fr\/184483\/"},"modified":"2025-06-17T23:12:21","modified_gmt":"2025-06-17T23:12:21","slug":"ca-a-longtemps-hante-mes-nuits","status":"publish","type":"post","link":"https:\/\/www.europesays.com\/fr\/184483\/","title":{"rendered":"\u00c7a a longtemps hant\u00e9 mes nuits"},"content":{"rendered":"<p>Son aventure s&rsquo;arr\u00eate l\u00e0. Ce mardi 17 juin, TF1 proposait la mythique \u00e9preuve d&rsquo;orientation de <a href=\"https:\/\/www.programme-tv.net\/news\/tv\/370938-koh-lanta-2025-date-de-diffusion-candidats-nouveautes-toutes-les-infos-sur-la-revanche-des-4-terres-la-nouvelle-saison-du-jeu-de-tf1\/\" data-api-deeplink=\"teleloisirs:\/\/news\/370938\" target=\"_blank\" rel=\"noopener\">Koh-Lanta, La revanche des 4 terres<\/a>. Sur son petit nuage <a href=\"https:\/\/www.programme-tv.net\/news\/tv\/381328-vous-ne-comprenez-pas-claire-koh-lanta-2025-repond-aux-critiques-sur-son-coup-de-bluff-avec-jerome-le-catalan\/\" data-api-deeplink=\"teleloisirs:\/\/news\/381328\" target=\"_blank\" rel=\"noopener\">\u00e0 la suite du double coup de bluff r\u00e9alis\u00e9 avec succ\u00e8s en compagnie de J\u00e9r\u00f4me le Catalan<\/a>, Claire en est finalement redescendue. Malgr\u00e9 sa d\u00e9couverte de deux lieux et de deux balises, le parcours de la trentenaire s&rsquo;arr\u00eate apr\u00e8s 39 jours de survie. Elle devra, comme les autres membres du jury final, voter pour \u00e9lire le grand vainqueur de cette \u00e9dition 2025 de Koh-Lanta.<\/p>\n<p>\u00ab\u00a0Je me suis m\u00eame assise dessus\u00a0\u00bb : Claire revient sur le dernier poignard d\u00e9couvert par Ga\u00eblle dans Koh-Lanta, La revanche des 4 terres<\/p>\n<p><b>T\u00e9l\u00e9-Loisirs <\/b><b>:<\/b><b> <\/b><b>Vous avez trouv\u00e9 deux zones et deux balises. On imagine que c&rsquo;est frustrant de n&rsquo;avoir trouv\u00e9 aucun poignard\u2026<\/b><br \/><b>Claire :<\/b> D&rsquo;un c\u00f4t\u00e9, je suis tr\u00e8s fi\u00e8re d&rsquo;\u00eatre all\u00e9e jusqu&rsquo;\u00e0 l&rsquo;orientation et de ne pas avoir d\u00e9m\u00e9rit\u00e9 en trouvant les deux \u00e9l\u00e9ments remarquables, les deux balises et en \u00e9tant dans les bonnes zones pour les poignards. De l&rsquo;autre, je suis encore plus frustr\u00e9e de savoir que j&rsquo;y \u00e9tais, mais que je n&rsquo;ai pas trouv\u00e9 les poignards. Je n\u2019ai peut-\u00eatre pas assez ouvert les yeux.<\/p>\n<p><b>Vous \u00e9tiez juste \u00e0 c\u00f4t\u00e9 du dernier poignard finalement d\u00e9couvert pas Ga\u00eblle. Comment expliquez-vous \u00eatre pass\u00e9e \u00e0 c\u00f4t\u00e9 ?<\/b><br \/><b>Je crois que je me suis m\u00eame assise dessus<\/b> (elle rit). Je savais que j&rsquo;\u00e9tais dans la bonne direction, mais comme je suis petite, j&rsquo;ai recul\u00e9 pour refaire de plus grands pas. Ga\u00eblle a trouv\u00e9 le dernier poignard \u00e0 ce moment-l\u00e0. <b>\u00c7a a longtemps hant\u00e9 mes nuits. <\/b>Je me demandais pourquoi j&rsquo;avais absolument voulu recompter mes pas. J\u2019aurai d\u00fb me faire confiance, fouiller, gratter le sol et creuser.<\/p>\n<p><b>Au d\u00e9part, vous aviez d\u00e9cid\u00e9 d&rsquo;aller \u00e0 la souche foudroy\u00e9e o\u00f9 Ma\u00ebl a trouv\u00e9 son poignard avant vous. Que se passe-t-il dans votre t\u00eate quand vous comprenez qu&rsquo;il faut repartir de z\u00e9ro ?<\/b><br \/>Je ressens une \u00e9norme d\u00e9ception, mais \u00e7a va tr\u00e8s vite dans ma t\u00eate : je n&rsquo;ai plus le temps, donc je dois courir pour trouver le dernier poignard. Je ne me suis m\u00eame pas retourn\u00e9e pour voir Ma\u00ebl.<\/p>\n<p>\u00ab\u00a0Je suis contente d&rsquo;avoir montr\u00e9 \u00e7a \u00e0 mes enfants\u00a0\u00bb : Claire \u00e9voque son \u00e9tat d&rsquo;esprit adopt\u00e9 lors de l&rsquo;\u00e9preuve d&rsquo;orientation de Koh-Lanta 2025<\/p>\n<p><b>Ce qui caract\u00e9rise votre course d&rsquo;orientation est aussi le fair-play dont vous avez fait preuve en cherchant les balises \u00e0 chaque fois. Vous vous \u00e9tiez fix\u00e9 cette ligne de conduite d\u00e8s le d\u00e9but ?<\/b><br \/>Je regarde Koh-Lanta depuis que je suis petite. Lorsque c&rsquo;est la course d&rsquo;orientation, je critique les candidats qui suivent les autres et ne sont pas tr\u00e8s \u00ab\u00a0droits.\u00a0\u00bb Je ne pouvais donc pas jouer comme \u00e7a. Bon, sur son canap\u00e9, c&rsquo;est facile \u00e0 dire, mais c&rsquo;est diff\u00e9rent de le vivre. J&rsquo;avoue que j&rsquo;avais parfois tendance \u00e0 jeter des petits regards sur Ma\u00ebl (elle rit).<\/p>\n<p><b>Malgr\u00e9 votre retard, les difficult\u00e9s et la concurrence sur le dernier poignard, vous n&rsquo;avez jamais baiss\u00e9 les bras\u2026<\/b><br \/>J\u2019ai toujours tenu \u00e0 rester positive dans Koh-Lanta. J\u2019ai v\u00e9cu toutes les journ\u00e9es dans l\u2019aventure comme une victoire. Je n\u2019ai jamais voulu baisser les bras, m\u00eame quand c\u2019\u00e9tait difficile comme lors de la temp\u00eate ou lorsque j&rsquo;avais faim. Je pense que c\u2019est ma force et je suis contente d\u2019avoir montr\u00e9 \u00e7a \u00e0 mes enfants : qu\u2019il ne faut jamais s\u2019avouer vaincu et ne jamais l\u00e2cher. Malheureusement, \u00e7a n\u2019a pas fonctionn\u00e9, mais j\u2019aurai peut-\u00eatre ma revanche un jour.<\/p>\n<p><b>Vous n&rsquo;aviez justement jamais sembl\u00e9 aussi triste que lorsque vous revenez aupr\u00e8s des autres aventuriers et de Denis Brogniart\u2026<br \/><\/b>L\u2019aventure s\u2019arr\u00eate et c\u2019est tr\u00e8s dur. La fatigue se faisait ressentir depuis un moment, mais avec l\u2019adr\u00e9naline, \u00e7a allait ! Quand on comprend que c&rsquo;est termin\u00e9, tout se rel\u00e2che. C\u2019est tr\u00e8s difficile d\u2019\u00eatre dans cette situation, aux portes des poteaux, et de ne pas y aller. On ne peut plus essayer de dire qu\u2019on peut y arriver, parce que c\u2019est fini. C\u2019est \u00e7a qui est le plus dur : on ne peut plus rien faire.<\/p>\n<p>                        \u00ab\u00a0C&rsquo;est peut-\u00eatre dangereux\u00a0\u00bb : Claire explique ce qui a chang\u00e9 chez elle depuis sa participation \u00e0 Koh-Lanta, La revanche des 4 terres<\/p>\n<p><b>Vous avez \u00e9norm\u00e9ment \u00e9volu\u00e9 au cours de cette aventure. Vous vous en rendez compte ?<\/b><br \/>Je suis quelqu\u2019un d\u2019assez r\u00e9serv\u00e9e et discr\u00e8te. J&rsquo;ai commenc\u00e9 \u00e0 me l\u00e2cher quand j&rsquo;ai compris que je n&rsquo;avais plus rien \u00e0 perdre. Finalement, je pr\u00e9f\u00e8re la Claire qui se l\u00e2che plut\u00f4t que celle qui se cache. Koh-Lanta a r\u00e9v\u00e9l\u00e9 une \u00e2me de strat\u00e8ge et de guerri\u00e8re. Maintenant, j&rsquo;ose beaucoup plus m&rsquo;imposer qu&rsquo;auparavant.<\/p>\n<p><b>Qu&rsquo;est-ce que <\/b><b>Koh-Lanta <\/b><b>vous a appris d&rsquo;autre sur vous ?<\/b><br \/>J&rsquo;ai l&rsquo;impression que je peux tout faire maintenant que j&rsquo;ai fait Koh-Lanta : courir plus d&rsquo;une dizaine de kilom\u00e8tres alors que je ne faisais plus trop de sport par exemple. Je n\u2019avais qu\u2019une envie, m\u2019arr\u00eater, mais je r\u00e9p\u00e9tais : \u00ab\u00a0Claire, tu peux le faire, tu as fait Koh-Lanta.\u00a0\u00bb <b>Bon, c&rsquo;est peut-\u00eatre dangereux parce qu&rsquo;un jour, je me dirai peut-\u00eatre que je peux le faire, et finalement non<\/b> (elle rit).<\/p>\n<p><b>Qu&rsquo;ont pens\u00e9 vos proches de votre parcours dans <\/b><b>Koh-Lanta <\/b><b>?<\/b><br \/><b>Mes proches pensaient que je n&rsquo;allais pas tenir plus de trois jours. <\/b>Tout le monde a \u00e9t\u00e9 fier de moi ! Je n&rsquo;ai jamais dit un mot plus haut que l&rsquo;autre, j&rsquo;ai toujours \u00e9t\u00e9 droite et positive. Je suis tr\u00e8s contente d&rsquo;avoir eu cette image, parce que je suis comme \u00e7a dans la vie. Je suis tr\u00e8s contente de voir de la fiert\u00e9 dans le regard de mes parents et de mes enfants. Mon fils de 7 ans dit, avec sa candeur d&rsquo;enfant, que je suis une star parce que j&rsquo;ai fait Koh-Lanta. Je suis tr\u00e8s heureuse de tout \u00e7a.<\/p>\n","protected":false},"excerpt":{"rendered":"Son aventure s&rsquo;arr\u00eate l\u00e0. Ce mardi 17 juin, TF1 proposait la mythique \u00e9preuve d&rsquo;orientation de Koh-Lanta, La revanche&hellip;\n","protected":false},"author":2,"featured_media":184484,"comment_status":"","ping_status":"","sticky":false,"template":"","format":"standard","meta":{"footnotes":""},"categories":[1356],"tags":[2276,244,681,58,59,1011,27,2173,680,2277,252,199,1364],"class_list":{"0":"post-184483","1":"post","2":"type-post","3":"status-publish","4":"format-standard","5":"has-post-thumbnail","7":"category-television","8":"tag-claire-koh-lanta","9":"tag-commentaire","10":"tag-denis-brogniart","11":"tag-divertissement","12":"tag-entertainment","13":"tag-fr","14":"tag-france","15":"tag-interview","16":"tag-koh-lanta","17":"tag-la-revanche-des-4-terres","18":"tag-television","19":"tag-tf1","20":"tag-tv"},"share_on_mastodon":{"url":"https:\/\/pubeurope.com\/@fr\/114701241122265317","error":""},"_links":{"self":[{"href":"https:\/\/www.europesays.com\/fr\/wp-json\/wp\/v2\/posts\/184483","targetHints":{"allow":["GET"]}}],"collection":[{"href":"https:\/\/www.europesays.com\/fr\/wp-json\/wp\/v2\/posts"}],"about":[{"href":"https:\/\/www.europesays.com\/fr\/wp-json\/wp\/v2\/types\/post"}],"author":[{"embeddable":true,"href":"https:\/\/www.europesays.com\/fr\/wp-json\/wp\/v2\/users\/2"}],"replies":[{"embeddable":true,"href":"https:\/\/www.europesays.com\/fr\/wp-json\/wp\/v2\/comments?post=184483"}],"version-history":[{"count":0,"href":"https:\/\/www.europesays.com\/fr\/wp-json\/wp\/v2\/posts\/184483\/revisions"}],"wp:featuredmedia":[{"embeddable":true,"href":"https:\/\/www.europesays.com\/fr\/wp-json\/wp\/v2\/media\/184484"}],"wp:attachment":[{"href":"https:\/\/www.europesays.com\/fr\/wp-json\/wp\/v2\/media?parent=184483"}],"wp:term":[{"taxonomy":"category","embeddable":true,"href":"https:\/\/www.europesays.com\/fr\/wp-json\/wp\/v2\/categories?post=184483"},{"taxonomy":"post_tag","embeddable":true,"href":"https:\/\/www.europesays.com\/fr\/wp-json\/wp\/v2\/tags?post=184483"}],"curies":[{"name":"wp","href":"https:\/\/api.w.org\/{rel}","templated":true}]}}