{"id":184485,"date":"2025-06-17T23:13:10","date_gmt":"2025-06-17T23:13:10","guid":{"rendered":"https:\/\/www.europesays.com\/fr\/184485\/"},"modified":"2025-06-17T23:13:10","modified_gmt":"2025-06-17T23:13:10","slug":"calogero-explique-comment-pascal-obispo-est-devenu-un-ami-proche-apres-avoir-sauve-sa-carriere","status":"publish","type":"post","link":"https:\/\/www.europesays.com\/fr\/184485\/","title":{"rendered":"Calogero explique comment Pascal Obispo est devenu un ami proche apr\u00e8s avoir sauv\u00e9 sa carri\u00e8re"},"content":{"rendered":"<p>Ce mardi 17 juin, Calogero \u00e9tait invit\u00e9 sur le plateau de C \u00e0 vous. Le chanteur de 53 ans est revenu sur le lancement de sa carri\u00e8re solo qu&rsquo;il doit notamment \u00e0 Pascal Obispo.<\/p>\n<p>Seulement un an apr\u00e8s avoir d\u00e9voil\u00e9 son album A.M.O.U.R, Calogero signe d\u00e9j\u00e0 son retour avec un dixi\u00e8me album solo intitul\u00e9 X, soit 10 en chiffre romain. Pour l&rsquo;occasion, <a href=\"https:\/\/www.programme-tv.net\/news\/musique\/373585-calogero-reagit-a-la-reprise-dune-de-ses-chansons-par-une-superstar-internationale\/\" data-api-deeplink=\"teleloisirs:\/\/news\/373585\" target=\"_blank\" rel=\"noopener\">l&rsquo;interpr\u00e8te aux nombreux titres \u00e0 succ\u00e8s comme En Apesanteur ou de Les feux d&rsquo;artifices<\/a>\u00a0\u00e9tait invit\u00e9, aux c\u00f4t\u00e9s de <a href=\"https:\/\/www.programme-tv.net\/biographie\/3178-binoche-juliette\/\" data-link-people=\"5a9d2488-d70c-4b98-9a17-2cf3c1bbcd1b\" target=\"_blank\" rel=\"noopener\">Juliette Binoche<\/a>, sur le plateau de C \u00e0 vous ce mardi 17 juin. Lors de l&rsquo;\u00e9mission, le chanteur de 53 ans a \u00e9voqu\u00e9 le d\u00e9but de sa carri\u00e8re qu&rsquo;il doit notamment \u00e0 un artiste qui l&rsquo;a aid\u00e9 \u00e0 arriver au sommet : <a href=\"https:\/\/www.programme-tv.net\/news\/people\/381007-j-ai-ete-totalement-ecarte-pascal-obispo-balance-sur-le-comportement-de-certains-proches-de-johnny-hallyday-peu-avant-sa-mort\/\" data-api-deeplink=\"teleloisirs:\/\/news\/381007\" target=\"_blank\" rel=\"noopener\">Pascal Obispo<\/a>.<\/p>\n<p>\u00ab\u00a0Il a cru en moi\u00a0\u00bb : Calogero \u00e9voque le lancement de sa carri\u00e8re qu&rsquo;il doit \u00e0 Pascal Obispo<\/p>\n<p>\u00ab\u00a0C&rsquo;est Pascal Obispo, qui le premier a cru \u00e0 votre carri\u00e8re solo\u00a0\u00bb, a lanc\u00e9 <a href=\"https:\/\/www.programme-tv.net\/news\/tv\/381131-anne-elisabeth-lemoine-totalement-larguee-dans-c-a-vous-michel-field-la-corrige-en-pleine-emission-video\/\" data-api-deeplink=\"teleloisirs:\/\/news\/381131\" target=\"_blank\" rel=\"noopener\">Anne-\u00c9lisabeth Lemoine<\/a> \u00e0 son invit\u00e9 apr\u00e8s avoir visionn\u00e9 une vid\u00e9o montrant Calogero \u00e0 ses d\u00e9buts avec son groupe Les Charts, en 1990. \u00ab\u00a0Alors oui. En fait, quand j&rsquo;\u00e9tais dans le groupe Les Charts, on est rest\u00e9 dix ans ensemble et \u00e0 la fin du groupe plus personne ne croyait en moi. Et on avait un petit peu la l\u00e8pre parce qu&rsquo;on \u00e9tait un groupe \u00e0 minettes quoi, enfin, c&rsquo;\u00e9tait l&rsquo;image qu&rsquo;on avait\u00a0\u00bb, a d&rsquo;abord d\u00e9clar\u00e9 l&rsquo;artiste avant d&rsquo;expliquer que <a href=\"https:\/\/www.programme-tv.net\/news\/musique\/381156-c-est-la-premiere-fois-que-je-rends-hommage-a-mon-pere-laura-smet-honore-la-memoire-de-johnny-hallyday-avec-pascal-obispo\/\" data-api-deeplink=\"teleloisirs:\/\/news\/381156\" target=\"_blank\" rel=\"noopener\">Pascal Obispo<\/a> a \u00e9t\u00e9 le seul \u00e0 croire en lui lorsqu&rsquo;il s&rsquo;est s\u00e9par\u00e9 de son groupe. <b>\u00ab\u00a0Et Pascal Obispo est venu me chercher en disant &lsquo;si tu fais un jour un album solo, je r\u00e9aliserais ton premier album solo parce que j&rsquo;aime tes m\u00e9lodies, j&rsquo;aime tes chansons&rsquo; <\/b>et donc il a cru en moi \u00e0 un moment donn\u00e9 o\u00f9 plus personne n&rsquo;y croyait. J&rsquo;ai pas oubli\u00e9 \u00e7a oui\u00a0\u00bb, a confi\u00e9 Calog\u00e9ro.<\/p>\n<p>                        Calogero revient sur la reprise d\u2019une de ses chansons par Sabrina Carpenter<\/p>\n<p>Sur le plateau de C \u00e0 vous, Calogero a \u00e9galement \u00e9voqu\u00e9 <a href=\"https:\/\/www.programme-tv.net\/news\/musique\/373585-calogero-reagit-a-la-reprise-dune-de-ses-chansons-par-une-superstar-internationale\/\" data-api-deeplink=\"teleloisirs:\/\/news\/373585\" target=\"_blank\" rel=\"noopener\">la reprise de sa chanson<\/a>, Si seulement je pouvais lui manquer par <a href=\"https:\/\/www.programme-tv.net\/news\/cinema\/302357-emergency-qui-sont-les-jeunes-acteurs-du-film-sabrina-carpenter-et-rj-cyler\/\" data-api-deeplink=\"teleloisirs:\/\/news\/302357\" target=\"_blank\" rel=\"noopener\">la popstar Sabrina Carpenter<\/a> alors \u00e2g\u00e9e de 10 ans. \u00ab\u00a0Elles (Ses filles, NDLR) m&rsquo;ont demand\u00e9 des places pour Sabrina Carpenter et du coup, je ne connaissais pas. Et mes filles me disent &lsquo;mais papa, elle reprend ta chanson&rsquo; et j&rsquo;\u00e9tais assez fier, je trouve \u00e7a toujours tr\u00e8s touchant quand on reprend mes chansons\u00a0\u00bb, a-t-il d\u00e9clar\u00e9.<\/p>\n","protected":false},"excerpt":{"rendered":"Ce mardi 17 juin, Calogero \u00e9tait invit\u00e9 sur le plateau de C \u00e0 vous. Le chanteur de 53&hellip;\n","protected":false},"author":2,"featured_media":184486,"comment_status":"","ping_status":"","sticky":false,"template":"","format":"standard","meta":{"footnotes":""},"categories":[1355],"tags":[4470,32249,244,58,59,1011,27,1361,873,17603,1421],"class_list":{"0":"post-184485","1":"post","2":"type-post","3":"status-publish","4":"format-standard","5":"has-post-thumbnail","7":"category-musique","8":"tag-c-u00e0-vous","9":"tag-calogero","10":"tag-commentaire","11":"tag-divertissement","12":"tag-entertainment","13":"tag-fr","14":"tag-france","15":"tag-music","16":"tag-musique","17":"tag-pascal-obispo","18":"tag-zap"},"share_on_mastodon":{"url":"https:\/\/pubeurope.com\/@fr\/114701245131078788","error":""},"_links":{"self":[{"href":"https:\/\/www.europesays.com\/fr\/wp-json\/wp\/v2\/posts\/184485","targetHints":{"allow":["GET"]}}],"collection":[{"href":"https:\/\/www.europesays.com\/fr\/wp-json\/wp\/v2\/posts"}],"about":[{"href":"https:\/\/www.europesays.com\/fr\/wp-json\/wp\/v2\/types\/post"}],"author":[{"embeddable":true,"href":"https:\/\/www.europesays.com\/fr\/wp-json\/wp\/v2\/users\/2"}],"replies":[{"embeddable":true,"href":"https:\/\/www.europesays.com\/fr\/wp-json\/wp\/v2\/comments?post=184485"}],"version-history":[{"count":0,"href":"https:\/\/www.europesays.com\/fr\/wp-json\/wp\/v2\/posts\/184485\/revisions"}],"wp:featuredmedia":[{"embeddable":true,"href":"https:\/\/www.europesays.com\/fr\/wp-json\/wp\/v2\/media\/184486"}],"wp:attachment":[{"href":"https:\/\/www.europesays.com\/fr\/wp-json\/wp\/v2\/media?parent=184485"}],"wp:term":[{"taxonomy":"category","embeddable":true,"href":"https:\/\/www.europesays.com\/fr\/wp-json\/wp\/v2\/categories?post=184485"},{"taxonomy":"post_tag","embeddable":true,"href":"https:\/\/www.europesays.com\/fr\/wp-json\/wp\/v2\/tags?post=184485"}],"curies":[{"name":"wp","href":"https:\/\/api.w.org\/{rel}","templated":true}]}}