{"id":184504,"date":"2025-06-17T23:23:18","date_gmt":"2025-06-17T23:23:18","guid":{"rendered":"https:\/\/www.europesays.com\/fr\/184504\/"},"modified":"2025-06-17T23:23:18","modified_gmt":"2025-06-17T23:23:18","slug":"loire-collision-mortelle-entre-un-bus-scolaire-et-une-moto","status":"publish","type":"post","link":"https:\/\/www.europesays.com\/fr\/184504\/","title":{"rendered":"Loire : collision mortelle entre un bus scolaire et une moto"},"content":{"rendered":"<p>Un grave accident de la circulation s&rsquo;est produit mardi 17 juin vers 17h sur la route M23 \u00e0 Saint-H\u00e9and dans la Loire, impliquant une moto et un bus scolaire transportant une quarantaine de coll\u00e9giens.<\/p>\n<p>Terrible accident de la circulation \u00e0 <b>Saint-H\u00e9and<\/b> dans la <b>Loire<\/b>.<\/p>\n<p>Mardi 17 juin en fin d&rsquo;apr\u00e8s-midi, vers 17h, un <b>bus scolaire <\/b>et une <b>moto <\/b>sont entr\u00e9s en collision sur la <b>route M23<\/b>.\u00a0<\/p>\n<p>\u00c0 l&rsquo;arriv\u00e9e des secours, la <b>conductrice de la moto<\/b>, une <b>femme de 58 ans<\/b>, \u00e9tait en <b>arr\u00eat cardio-respiratoire.\u00a0<\/b><\/p>\n<p>La motarde d\u00e9c\u00e9d\u00e9e sur place dans la Loire<\/p>\n<p>Elle a \u00e9t\u00e9 d\u00e9clar\u00e9e <b>d\u00e9c\u00e9d\u00e9e <\/b>sur place.\u00a0<\/p>\n<p>Le <b>conducteur du bus<\/b>, un <b>homme de 33 ans<\/b>, a \u00e9t\u00e9 pris en charge <b>en \u00e9tat de choc<\/b> et transport\u00e9 <b>l\u00e9g\u00e8rement bless\u00e9<\/b> \u00e0 l&rsquo;<b>h\u00f4pital Nord de Saint-\u00c9tienne.<\/b><\/p>\n<p>Cellule psychologique au coll\u00e8ge de Saint-H\u00e9and\u00a0<\/p>\n<p><b>Aucun \u00e9l\u00e8ve n&rsquo;a \u00e9t\u00e9 bless\u00e9<\/b>, mais la sc\u00e8ne a \u00e9t\u00e9 particuli\u00e8rement choquante. De nombreux parents \u00e9taient d\u00e9j\u00e0 venus r\u00e9cup\u00e9rer leurs enfants avant l&rsquo;arriv\u00e9e des secours.<\/p>\n<p>Une <b>cellule psychologique <\/b>sera mise en place d\u00e8s <b>mercredi 18 juin <\/b>matin au <b>coll\u00e8ge Joseph Collard <\/b>de <b>Saint-H\u00e9and.<\/b>\u00a0<\/p>\n<p><b>Dix sapeurs-pompiers<\/b> ont \u00e9t\u00e9 mobilis\u00e9s avec <b>deux ambulances<\/b>, un <b>v\u00e9hicule de secours<\/b> <b>routier<\/b>, un <b>infirmier <\/b>et un <b>chef de groupe.<\/b><b><br \/><\/b><\/p>\n<p><img loading=\"lazy\" decoding=\"async\" src=\"https:\/\/www.europesays.com\/fr\/wp-content\/uploads\/2025\/06\/1750202598_68_img\" width=\"350\" height=\"200\" border=\"0\" title=\"Un camion de pompiers.\"\/><\/p>\n<p>\u25baFaits divers<\/p>\n<p style=\"font-size: 22px;\"><b>Accident de la route dans la Loire pr\u00e8s du Puy-de-D\u00f4me : un motard gri\u00e8vement bless\u00e9<\/b><\/p>\n<p>Un grave accident de la circulation s&rsquo;est produit&#8230;<\/p>\n<p><\/p>\n","protected":false},"excerpt":{"rendered":"Un grave accident de la circulation s&rsquo;est produit mardi 17 juin vers 17h sur la route M23 \u00e0&hellip;\n","protected":false},"author":2,"featured_media":184505,"comment_status":"","ping_status":"","sticky":false,"template":"","format":"standard","meta":{"footnotes":""},"categories":[9653],"tags":[1111,11,2430,1777,674,1011,27,3367,12,25,9920,4001,32252],"class_list":{"0":"post-184504","1":"post","2":"type-post","3":"status-publish","4":"format-standard","5":"has-post-thumbnail","7":"category-saint-etienne","8":"tag-actu","9":"tag-actualites","10":"tag-auvergne-rhone-alpes","11":"tag-eu","12":"tag-europe","13":"tag-fr","14":"tag-france","15":"tag-loire","16":"tag-news","17":"tag-republique-francaise","18":"tag-saint-tienne","19":"tag-saint-etienne","20":"tag-saint-hand"},"share_on_mastodon":{"url":"https:\/\/pubeurope.com\/@fr\/114701284674048185","error":""},"_links":{"self":[{"href":"https:\/\/www.europesays.com\/fr\/wp-json\/wp\/v2\/posts\/184504","targetHints":{"allow":["GET"]}}],"collection":[{"href":"https:\/\/www.europesays.com\/fr\/wp-json\/wp\/v2\/posts"}],"about":[{"href":"https:\/\/www.europesays.com\/fr\/wp-json\/wp\/v2\/types\/post"}],"author":[{"embeddable":true,"href":"https:\/\/www.europesays.com\/fr\/wp-json\/wp\/v2\/users\/2"}],"replies":[{"embeddable":true,"href":"https:\/\/www.europesays.com\/fr\/wp-json\/wp\/v2\/comments?post=184504"}],"version-history":[{"count":0,"href":"https:\/\/www.europesays.com\/fr\/wp-json\/wp\/v2\/posts\/184504\/revisions"}],"wp:featuredmedia":[{"embeddable":true,"href":"https:\/\/www.europesays.com\/fr\/wp-json\/wp\/v2\/media\/184505"}],"wp:attachment":[{"href":"https:\/\/www.europesays.com\/fr\/wp-json\/wp\/v2\/media?parent=184504"}],"wp:term":[{"taxonomy":"category","embeddable":true,"href":"https:\/\/www.europesays.com\/fr\/wp-json\/wp\/v2\/categories?post=184504"},{"taxonomy":"post_tag","embeddable":true,"href":"https:\/\/www.europesays.com\/fr\/wp-json\/wp\/v2\/tags?post=184504"}],"curies":[{"name":"wp","href":"https:\/\/api.w.org\/{rel}","templated":true}]}}