{"id":184514,"date":"2025-06-17T23:29:10","date_gmt":"2025-06-17T23:29:10","guid":{"rendered":"https:\/\/www.europesays.com\/fr\/184514\/"},"modified":"2025-06-17T23:29:10","modified_gmt":"2025-06-17T23:29:10","slug":"previsions-du-mercredi-18-juin-2025","status":"publish","type":"post","link":"https:\/\/www.europesays.com\/fr\/184514\/","title":{"rendered":"pr\u00e9visions du mercredi 18 juin 2025"},"content":{"rendered":"<p>Un beau soleil est attendu aujourd&rsquo;hui \u00e0 Montpellier. Le mercure affichera 25\u00b0C en moyenne. Un modeste vent de sud-ouest sera ressenti par les habitants. Les temp\u00e9ratures s&rsquo;\u00e9chelonneront entre 28 et 29\u00b0C durant l&rsquo;apr\u00e8s-midi. Il va faire en moyenne 25\u00b0C, le soir. On passera de mercredi \u00e0 jeudi par une nuit claire.<\/p>\n<p>C&rsquo;est un soleil magnifique qui va se montrer demain sur Montpellier. Une m\u00e9t\u00e9o plus chaude est attendue \u00e9tant donn\u00e9 que le mercure va conna\u00eetre une hausse. Prenez garde \u00e0 la vague de chaleur. Des valeurs de 21 \u00e0 30\u00b0C sont annonc\u00e9es. Les temp\u00e9ratures afficheront entre 21 et 30\u00b0C. Un vent de sud-ouest rafra\u00eechira sensiblement l&rsquo;atmosph\u00e8re. Demain apr\u00e8s-midi, de tr\u00e8s importantes chaleurs (entre 28\u00b0C et 30\u00b0C) sont pr\u00e9vues. Les valeurs seront comprises entre 28 et 30\u00b0C. Demain soir, on anticipe des temp\u00e9ratures d&rsquo;environ 25\u00b0C.<\/p>\n<p>Les jours s&rsquo;encha\u00eenent et ne changent pas. Des temp\u00e9ratures dans les 26\u00b0C accompagneront un ciel ensoleill\u00e9.<\/p>\n<p><\/p>\n","protected":false},"excerpt":{"rendered":"Un beau soleil est attendu aujourd&rsquo;hui \u00e0 Montpellier. Le mercure affichera 25\u00b0C en moyenne. Un modeste vent de&hellip;\n","protected":false},"author":2,"featured_media":184515,"comment_status":"","ping_status":"","sticky":false,"template":"","format":"standard","meta":{"footnotes":""},"categories":[9599],"tags":[1111,11,1777,674,1011,27,7089,2681,2208,12,2680,2119,25],"class_list":{"0":"post-184514","1":"post","2":"type-post","3":"status-publish","4":"format-standard","5":"has-post-thumbnail","7":"category-montpellier","8":"tag-actu","9":"tag-actualites","10":"tag-eu","11":"tag-europe","12":"tag-fr","13":"tag-france","14":"tag-herault","15":"tag-languedoc-roussillon","16":"tag-montpellier","17":"tag-news","18":"tag-occitanie","19":"tag-previsions-meteo","20":"tag-republique-francaise"},"share_on_mastodon":{"url":"https:\/\/pubeurope.com\/@fr\/114701308002175545","error":""},"_links":{"self":[{"href":"https:\/\/www.europesays.com\/fr\/wp-json\/wp\/v2\/posts\/184514","targetHints":{"allow":["GET"]}}],"collection":[{"href":"https:\/\/www.europesays.com\/fr\/wp-json\/wp\/v2\/posts"}],"about":[{"href":"https:\/\/www.europesays.com\/fr\/wp-json\/wp\/v2\/types\/post"}],"author":[{"embeddable":true,"href":"https:\/\/www.europesays.com\/fr\/wp-json\/wp\/v2\/users\/2"}],"replies":[{"embeddable":true,"href":"https:\/\/www.europesays.com\/fr\/wp-json\/wp\/v2\/comments?post=184514"}],"version-history":[{"count":0,"href":"https:\/\/www.europesays.com\/fr\/wp-json\/wp\/v2\/posts\/184514\/revisions"}],"wp:featuredmedia":[{"embeddable":true,"href":"https:\/\/www.europesays.com\/fr\/wp-json\/wp\/v2\/media\/184515"}],"wp:attachment":[{"href":"https:\/\/www.europesays.com\/fr\/wp-json\/wp\/v2\/media?parent=184514"}],"wp:term":[{"taxonomy":"category","embeddable":true,"href":"https:\/\/www.europesays.com\/fr\/wp-json\/wp\/v2\/categories?post=184514"},{"taxonomy":"post_tag","embeddable":true,"href":"https:\/\/www.europesays.com\/fr\/wp-json\/wp\/v2\/tags?post=184514"}],"curies":[{"name":"wp","href":"https:\/\/api.w.org\/{rel}","templated":true}]}}