{"id":184520,"date":"2025-06-17T23:34:11","date_gmt":"2025-06-17T23:34:11","guid":{"rendered":"https:\/\/www.europesays.com\/fr\/184520\/"},"modified":"2025-06-17T23:34:11","modified_gmt":"2025-06-17T23:34:11","slug":"ma-chemise-a-ete-entierement-tachee-de-sang-le-temoignage-du-president-de-lusap-apres-les-incidents-a-grenoble","status":"publish","type":"post","link":"https:\/\/www.europesays.com\/fr\/184520\/","title":{"rendered":"\u00ab\u00a0Ma chemise a \u00e9t\u00e9 enti\u00e8rement tach\u00e9e de sang\u00a0\u00bb, le t\u00e9moignage du pr\u00e9sident de l\u2019USAP apr\u00e8s les incidents \u00e0 Grenoble"},"content":{"rendered":"<p>Pr\u00e9sident de l&rsquo;USAP, Fran\u00e7ois Rivi\u00e8re a \u00ab\u00a0rarement vu dans (s)a carri\u00e8re une hostilit\u00e9 pareille\u00a0\u00bb. Samedi dernier au stade des Alpes de Grenoble, <a href=\"https:\/\/fr.news.yahoo.com\/sport\/barrage-top-14-pro-d2-181600139.html\" data-ylk=\"slk:Perpignan;elm:context_link;itc:0;sec:content-canvas;outcm:mb_qualified_link;_E:mb_qualified_link;ct:story;\" class=\"link  yahoo-link\" target=\"_blank\" rel=\"noopener\">Perpignan<\/a> a valid\u00e9 son maintien en Top 14 au terme d&rsquo;un match ind\u00e9cis jusqu&rsquo;au bout (13-11). Au coup de sifflet final, les supporters catalans ont envahi la pelouse, avec l&rsquo;autorisation de la LNR.<\/p>\n<p>Les supporters grenoblois ont ensuite p\u00e9n\u00e9tr\u00e9 sur le pr\u00e9 et la situation a d\u00e9g\u00e9n\u00e9r\u00e9. L&rsquo;apr\u00e8s-match a donc \u00e9t\u00e9 marqu\u00e9 par des incidents, entre des jets de projectiles et des bagarres entre joueurs et supporters adverses. \u00ab\u00a0J\u2019ai deux joueurs qui se sont fait poursuivre jusqu\u2019\u00e0 l\u2019entr\u00e9e des vestiaires\u00a0\u00bb, a t\u00e9moign\u00e9 Fran\u00e7ois Rivi\u00e8re aupr\u00e8s de <a href=\"https:\/\/www.lindependant.fr\/2025\/06\/15\/top-14-jai-deux-joueurs-qui-se-sont-fait-poursuivre-jusqua-lentree-des-vestiaires-lusap-reagit-aux-incidents-apres-laccess-match-a-grenoble-12763955.php\" rel=\"nofollow noopener\" target=\"_blank\" data-ylk=\"slk:l&#039;Ind\u00e9pendant;elm:context_link;itc:0;sec:content-canvas\" class=\"link \">l&rsquo;Ind\u00e9pendant<\/a>. \u00ab\u00a0C\u2019\u00e9taient des gars qui, pourtant, \u00e9taient dans la zone des vestiaires, donc une zone contr\u00f4l\u00e9e, mais qui voulaient en d\u00e9coudre avec mes joueurs.\u00a0\u00bb<\/p>\n<p>\u00ab\u00a0Je n\u2019ai jamais vu \u00e7a\u00a0\u00bb<\/p>\n<p>Le club is\u00e9rois, dont le staff de Grenoble a \u00e9t\u00e9 \u00ab\u00a0parfait et tr\u00e8s gentil\u00a0\u00bb, a \u00e9chou\u00e9 pour la troisi\u00e8me ann\u00e9e \u00e0 monter en Top 14 apr\u00e8s une d\u00e9faite dans le match d&rsquo;accession. \u00ab\u00a0J&rsquo;ai \u00e9t\u00e9 frapp\u00e9 de voir que tu avais des CRS qui \u00e9taient oblig\u00e9s de rentrer casqu\u00e9s sur un terrain de rugby\u00a0\u00bb, a poursuivi Rivi\u00e8re. \u00ab\u00a0Ma chemise a \u00e9t\u00e9 enti\u00e8rement tach\u00e9e de sang, parce que je suis venu pr\u00eater secours \u00e0 des supporters en difficult\u00e9! Je n\u2019ai jamais vu \u00e7a.\u00a0\u00bb<\/p>\n<p>Les CRS ont finalement r\u00e9ussi \u00e0 ramener les supporters \u00e0 la raison apr\u00e8s plusieurs minutes. 13e de la saison r\u00e9guli\u00e8re de Top 14, l&rsquo;USAP a battu le FCG en barrage pour la deuxi\u00e8me fois en trois ans. En 2023, ils avaient gagn\u00e9 33-19, \u00e0 Grenoble d\u00e9j\u00e0. Battu par <a href=\"https:\/\/fr.news.yahoo.com\/sport\/barrage-top-14-pro-d2-181600139.html\" data-ylk=\"slk:Montauban;elm:context_link;itc:0;sec:content-canvas;outcm:mb_qualified_link;_E:mb_qualified_link;ct:story;\" class=\"link  yahoo-link\" target=\"_blank\" rel=\"noopener\">Montauban <\/a>(24-19) lors de la finale de deuxi\u00e8me division, le FC Grenoble a ainsi loup\u00e9 &#8211; en l&rsquo;espace de trois ans &#8211; six occasions d&rsquo;acc\u00e9der \u00e0 l&rsquo;\u00e9lite du rugby fran\u00e7ais. De quoi g\u00e9n\u00e9rer sans doute une grosse frustration.<\/p>\n<p><a href=\"https:\/\/rmcsport.bfmtv.com\/rugby\/top-14\/barrage-top-14-pro-d2-ma-chemise-a-ete-entierement-tachee-de-sang-le-temoignage-du-president-de-l-usap-apres-les-incidents-a-grenoble_AV-202506170248.html#xtor=AL-68\" rel=\"nofollow noopener\" target=\"_blank\" data-ylk=\"slk:Article original publi\u00e9 sur RMC Sport;elm:context_link;itc:0;sec:content-canvas\" class=\"link \">Article original publi\u00e9 sur RMC Sport<\/a><\/p>\n","protected":false},"excerpt":{"rendered":"Pr\u00e9sident de l&rsquo;USAP, Fran\u00e7ois Rivi\u00e8re a \u00ab\u00a0rarement vu dans (s)a carri\u00e8re une hostilit\u00e9 pareille\u00a0\u00bb. Samedi dernier au stade&hellip;\n","protected":false},"author":2,"featured_media":184521,"comment_status":"","ping_status":"","sticky":false,"template":"","format":"standard","meta":{"footnotes":""},"categories":[9566],"tags":[1111,11,2430,31573,1777,674,1011,27,32253,2731,2882,12,25,32254],"class_list":{"0":"post-184520","1":"post","2":"type-post","3":"status-publish","4":"format-standard","5":"has-post-thumbnail","7":"category-grenoble","8":"tag-actu","9":"tag-actualites","10":"tag-auvergne-rhone-alpes","11":"tag-coup-de-sifflet","12":"tag-eu","13":"tag-europe","14":"tag-fr","15":"tag-france","16":"tag-francois-riviere","17":"tag-grenoble","18":"tag-lusap","19":"tag-news","20":"tag-republique-francaise","21":"tag-terrain-de-rugby"},"share_on_mastodon":{"url":"https:\/\/pubeurope.com\/@fr\/114701327668615634","error":""},"_links":{"self":[{"href":"https:\/\/www.europesays.com\/fr\/wp-json\/wp\/v2\/posts\/184520","targetHints":{"allow":["GET"]}}],"collection":[{"href":"https:\/\/www.europesays.com\/fr\/wp-json\/wp\/v2\/posts"}],"about":[{"href":"https:\/\/www.europesays.com\/fr\/wp-json\/wp\/v2\/types\/post"}],"author":[{"embeddable":true,"href":"https:\/\/www.europesays.com\/fr\/wp-json\/wp\/v2\/users\/2"}],"replies":[{"embeddable":true,"href":"https:\/\/www.europesays.com\/fr\/wp-json\/wp\/v2\/comments?post=184520"}],"version-history":[{"count":0,"href":"https:\/\/www.europesays.com\/fr\/wp-json\/wp\/v2\/posts\/184520\/revisions"}],"wp:featuredmedia":[{"embeddable":true,"href":"https:\/\/www.europesays.com\/fr\/wp-json\/wp\/v2\/media\/184521"}],"wp:attachment":[{"href":"https:\/\/www.europesays.com\/fr\/wp-json\/wp\/v2\/media?parent=184520"}],"wp:term":[{"taxonomy":"category","embeddable":true,"href":"https:\/\/www.europesays.com\/fr\/wp-json\/wp\/v2\/categories?post=184520"},{"taxonomy":"post_tag","embeddable":true,"href":"https:\/\/www.europesays.com\/fr\/wp-json\/wp\/v2\/tags?post=184520"}],"curies":[{"name":"wp","href":"https:\/\/api.w.org\/{rel}","templated":true}]}}